{"id":692348,"date":"2024-02-19T00:48:21","date_gmt":"2024-02-18T20:48:21","guid":{"rendered":"https:\/\/arantv.az\/?p=692348"},"modified":"2024-02-19T00:48:21","modified_gmt":"2024-02-18T20:48:21","slug":"simasi-d%c9%99yis%c9%99n-doyus-meydani-dunya-h%c9%99rb-tarixin%c9%99-yazilan-yeni-s%c9%99hif%c9%99-r%c9%99y","status":"publish","type":"post","link":"https:\/\/arantv.az\/?p=692348","title":{"rendered":"Simas\u0131 d\u0259yi\u015f\u0259n d\u00f6y\u00fc\u015f meydan\u0131, d\u00fcnya h\u0259rb tarixin\u0259 yaz\u0131lan yeni s\u0259hif\u0259 &#8211; R\u018fY"},"content":{"rendered":"<p>\u201cPrezident\u00a0<strong>\u0130lham \u018fliyev<\/strong>\u00a020 illik prezidentliyi d\u00f6vr\u00fcnd\u0259 b\u00fcdc\u0259nin \u0259n iri x\u0259rcl\u0259rini ordunun inki\u015faf\u0131na, m\u00fcasir t\u0259l\u0259bl\u0259r\u0259 uy\u011funla\u015fd\u0131r\u0131lmas\u0131na y\u00f6n\u0259ldib\u201d.<\/p>\n<p>Bu s\u00f6zl\u0259ri\u00a0\u201cReport\u201da a\u00e7\u0131qlamas\u0131nda ehtiyatda olan Heyd\u0259r \u018fliyev ad\u0131na H\u0259rbi \u0130nstitutun Ba\u015f m\u00fc\u0259llimi, polkovnik-leytenant V\u00fcqar \u018fliyev Prezident \u0130lham \u018fliyevin Milli M\u0259clisd\u0259 andi\u00e7m\u0259 m\u0259rasimi zaman\u0131 Az\u0259rbaycanda ordu quruculu\u011fu il\u0259 ba\u011fl\u0131 nitqini \u015f\u0259rh ed\u0259rk\u0259n deyib.<\/p>\n<p>\u201cM\u0259hz bel\u0259 uzaqg\u00f6r\u0259n siyas\u0259tin n\u0259tic\u0259sidir ki, Az\u0259rbaycan Ordusu \u00f6lk\u0259 \u0259razisinin i\u015f\u011falda olan hiss\u0259sini azad edib. Bununla da d\u00fcnya h\u0259rb tarixin\u0259 yeni s\u0259hif\u0259 yaz\u0131l\u0131b. D\u00f6y\u00fc\u015f meydan\u0131n\u0131n simas\u0131 d\u0259yi\u015fib. Silahl\u0131 Q\u00fcvv\u0259l\u0259rin Ali Ba\u015f Komandan\u0131 \u0130lham \u018fliyev inaqurasiya m\u0259rasimind\u0259 s\u00f6yl\u0259diyi nitqind\u0259 bildirdi ki, d\u00f6vl\u0259t b\u00fcdc\u0259sinin \u0259n b\u00f6y\u00fck x\u0259rcl\u0259ri ordu v\u0259 h\u0259rbi s\u0259nayenin inki\u015faf\u0131na y\u00f6n\u0259l\u0259c\u0259k\u201d, &#8211; dey\u0259 V. \u018fliyev bildirib.<\/p>\n<p>O qeyd edib ki, Ali Ba\u015f Komandan \u00f6z nitqind\u0259 V\u0259t\u0259n m\u00fcharib\u0259sind\u0259 insan itkil\u0259rinin az olmas\u0131n\u0131 d\u00f6y\u00fc\u015f \u0259m\u0259liyyatlar\u0131nda istifad\u0259 edilmi\u015f m\u00fcasir silah, texnika v\u0259 yeni texnologiyalarla \u0259sasland\u0131r\u0131b:<\/p>\n<div id=\"22889818619\"><\/div>\n<p>\u201cS\u00fcni intellekt m\u0259rmil\u0259rd\u0259, silahlarda v\u0259 q\u0259rarlar\u0131n q\u0259bul edilm\u0259sind\u0259 t\u0259tbiq olunur. Bunlar \u00e7ox bahal\u0131d\u0131r v\u0259 x\u0259rc t\u0259l\u0259b edir. Bel\u0259 texnologiyalar\u0131 idar\u0259 v\u0259 t\u0259tbiq etm\u0259k \u00fc\u00e7\u00fcn bilikli, bacar\u0131ql\u0131 m\u00fcasir insanlar laz\u0131md\u0131r, buna x\u0259rcl\u0259rd\u0259n \u0259lav\u0259 zaman da laz\u0131md\u0131r\u201d.<\/p>\n<p>V.\u018fliyev vur\u011fulay\u0131b ki, Prezident \u0130lham \u018fliyev Az\u0259rbaycan Ordusu v\u0259 h\u0259rbi s\u0259naye potensial\u0131n\u0131n art\u0131r\u0131lmas\u0131, m\u00fcasir insan resurslar\u0131n\u0131n daim y\u00fcks\u0259ldilm\u0259si, onun g\u0259l\u0259c\u0259k t\u0259hdidl\u0259r\u0259 haz\u0131rlanmas\u0131n\u0131n yeni d\u00f6vrd\u0259 prioritet istiqam\u0259tl\u0259rd\u0259n olaca\u011f\u0131n\u0131 m\u00fc\u0259yy\u0259nl\u0259\u015fdirib.<\/p>\n","protected":false},"excerpt":{"rendered":"<p>\u201cPrezident\u00a0\u0130lham \u018fliyev\u00a020 illik prezidentliyi d\u00f6vr\u00fcnd\u0259 b\u00fcdc\u0259nin \u0259n iri x\u0259rcl\u0259rini ordunun inki\u015faf\u0131na, m\u00fcasir t\u0259l\u0259bl\u0259r\u0259 uy\u011funla\u015fd\u0131r\u0131lmas\u0131na y\u00f6n\u0259ldib\u201d. Bu s\u00f6zl\u0259ri\u00a0\u201cReport\u201da a\u00e7\u0131qlamas\u0131nda ehtiyatda olan Heyd\u0259r \u018fliyev ad\u0131na H\u0259rbi \u0130nstitutun Ba\u015f m\u00fc\u0259llimi, polkovnik-leytenant V\u00fcqar \u018fliyev Prezident \u0130lham \u018fliyevin Milli M\u0259clisd\u0259 andi\u00e7m\u0259 m\u0259rasimi zaman\u0131 Az\u0259rbaycanda ordu quruculu\u011fu il\u0259 ba\u011fl\u0131 nitqini \u015f\u0259rh ed\u0259rk\u0259n deyib. \u201cM\u0259hz bel\u0259 uzaqg\u00f6r\u0259n siyas\u0259tin n\u0259tic\u0259sidir ki, Az\u0259rbaycan Ordusu \u00f6lk\u0259 \u0259razisinin i\u015f\u011falda olan hiss\u0259sini azad edib. Bununla da d\u00fcnya h\u0259rb tarixin\u0259 yeni s\u0259hif\u0259 yaz\u0131l\u0131b. D\u00f6y\u00fc\u015f meydan\u0131n\u0131n simas\u0131 d\u0259yi\u015fib. Silahl\u0131 Q\u00fcvv\u0259l\u0259rin Ali Ba\u015f Komandan\u0131 \u0130lham \u018fliyev inaqurasiya m\u0259rasimind\u0259 s\u00f6yl\u0259diyi nitqind\u0259 bildirdi ki, d\u00f6vl\u0259t b\u00fcdc\u0259sinin \u0259n&hellip;<\/p>\n","protected":false},"author":2,"featured_media":692349,"comment_status":"closed","ping_status":"closed","sticky":false,"template":"","format":"standard","meta":{"om_disable_all_campaigns":false,"_monsterinsights_skip_tracking":false,"_monsterinsights_sitenote_active":false,"_monsterinsights_sitenote_note":"","_monsterinsights_sitenote_category":0},"categories":[4],"tags":[],"aioseo_notices":[],"gutentor_comment":0,"rttpg_featured_image_url":{"full":["https:\/\/arantv.az\/wp-content\/uploads\/2024\/02\/FotoJet-64-3.jpg",620,413,false],"landscape":["https:\/\/arantv.az\/wp-content\/uploads\/2024\/02\/FotoJet-64-3.jpg",620,413,false],"portraits":["https:\/\/arantv.az\/wp-content\/uploads\/2024\/02\/FotoJet-64-3.jpg",620,413,false],"thumbnail":["https:\/\/arantv.az\/wp-content\/uploads\/2024\/02\/FotoJet-64-3-500x280.jpg",500,280,true],"medium":["https:\/\/arantv.az\/wp-content\/uploads\/2024\/02\/FotoJet-64-3-548x365.jpg",548,365,true],"large":["https:\/\/arantv.az\/wp-content\/uploads\/2024\/02\/FotoJet-64-3.jpg",620,413,false],"1536x1536":["https:\/\/arantv.az\/wp-content\/uploads\/2024\/02\/FotoJet-64-3.jpg",620,413,false],"2048x2048":["https:\/\/arantv.az\/wp-content\/uploads\/2024\/02\/FotoJet-64-3.jpg",620,413,false],"post-thumbnail":["https:\/\/arantv.az\/wp-content\/uploads\/2024\/02\/FotoJet-64-3-240x172.jpg",240,172,true],"advps-thumb-one":["https:\/\/arantv.az\/wp-content\/uploads\/2024\/02\/FotoJet-64-3.jpg",620,413,false]},"rttpg_author":{"display_name":"V\u00fcsal Rafiqo\u011flu","author_link":"https:\/\/arantv.az\/?author=2"},"rttpg_comment":0,"rttpg_category":"<a href=\"https:\/\/arantv.az\/?cat=4\" rel=\"category\">Siyas\u0259t<\/a>","rttpg_excerpt":"\u201cPrezident\u00a0\u0130lham \u018fliyev\u00a020 illik prezidentliyi d\u00f6vr\u00fcnd\u0259 b\u00fcdc\u0259nin \u0259n iri x\u0259rcl\u0259rini ordunun inki\u015faf\u0131na, m\u00fcasir t\u0259l\u0259bl\u0259r\u0259 uy\u011funla\u015fd\u0131r\u0131lmas\u0131na y\u00f6n\u0259ldib\u201d. Bu s\u00f6zl\u0259ri\u00a0\u201cReport\u201da a\u00e7\u0131qlamas\u0131nda ehtiyatda olan Heyd\u0259r \u018fliyev ad\u0131na H\u0259rbi \u0130nstitutun Ba\u015f m\u00fc\u0259llimi, polkovnik-leytenant V\u00fcqar \u018fliyev Prezident \u0130lham \u018fliyevin Milli M\u0259clisd\u0259 andi\u00e7m\u0259 m\u0259rasimi zaman\u0131 Az\u0259rbaycanda ordu quruculu\u011fu il\u0259 ba\u011fl\u0131 nitqini \u015f\u0259rh ed\u0259rk\u0259n deyib. \u201cM\u0259hz bel\u0259 uzaqg\u00f6r\u0259n siyas\u0259tin n\u0259tic\u0259sidir ki, Az\u0259rbaycan Ordusu&hellip;","_links":{"self":[{"href":"https:\/\/arantv.az\/index.php?rest_route=\/wp\/v2\/posts\/692348"}],"collection":[{"href":"https:\/\/arantv.az\/index.php?rest_route=\/wp\/v2\/posts"}],"about":[{"href":"https:\/\/arantv.az\/index.php?rest_route=\/wp\/v2\/types\/post"}],"author":[{"embeddable":true,"href":"https:\/\/arantv.az\/index.php?rest_route=\/wp\/v2\/users\/2"}],"replies":[{"embeddable":true,"href":"https:\/\/arantv.az\/index.php?rest_route=%2Fwp%2Fv2%2Fcomments&post=692348"}],"version-history":[{"count":0,"href":"https:\/\/arantv.az\/index.php?rest_route=\/wp\/v2\/posts\/692348\/revisions"}],"wp:featuredmedia":[{"embeddable":true,"href":"https:\/\/arantv.az\/index.php?rest_route=\/wp\/v2\/media\/692349"}],"wp:attachment":[{"href":"https:\/\/arantv.az\/index.php?rest_route=%2Fwp%2Fv2%2Fmedia&parent=692348"}],"wp:term":[{"taxonomy":"category","embeddable":true,"href":"https:\/\/arantv.az\/index.php?rest_route=%2Fwp%2Fv2%2Fcategories&post=692348"},{"taxonomy":"post_tag","embeddable":true,"href":"https:\/\/arantv.az\/index.php?rest_route=%2Fwp%2Fv2%2Ftags&post=692348"}],"curies":[{"name":"wp","href":"https:\/\/api.w.org\/{rel}","templated":true}]}}