{"id":692351,"date":"2024-02-19T00:49:19","date_gmt":"2024-02-18T20:49:19","guid":{"rendered":"https:\/\/arantv.az\/?p=692351"},"modified":"2024-02-19T00:49:19","modified_gmt":"2024-02-18T20:49:19","slug":"quba-qusar-yolunda-yagan-qar-q%c9%99zaya-s%c9%99b%c9%99b-oldu-video","status":"publish","type":"post","link":"https:\/\/arantv.az\/?p=692351","title":{"rendered":"Quba-Qusar yolunda ya\u011fan qar q\u0259zaya s\u0259b\u0259b oldu &#8211; V\u0130DEO"},"content":{"rendered":"<p>Quba rayonunda m\u00fc\u015fahid\u0259 olunan qarl\u0131 hava \u015f\u0259raiti yollarda s\u00fcr\u00fcc\u00fcl\u0259r \u00fc\u00e7\u00fcn\u00a0t\u0259hl\u00fck\u0259li v\u0259ziyy\u0259t yarad\u0131b.<\/p>\n<p><b>ARANTV.AZ <\/b>x\u0259b\u0259r verir ki, Quba-Qusar yolunda qarl\u0131 hava \u015f\u0259raiti s\u0259b\u0259bind\u0259n yolun buz ba\u011flamas\u0131 n\u0259tic\u0259sind\u0259 yol-n\u0259qliyyat hadis\u0259si ba\u015f verib.<\/p>\n<p>Bel\u0259 ki, avtomobil yolun s\u00fcr\u00fc\u015fk\u0259n olmas\u0131 s\u0259b\u0259bind\u0259n idar\u0259etm\u0259ni itir\u0259r\u0259k a\u011faca \u00e7\u0131rp\u0131l\u0131b.<\/p>\n<p>H\u0259min g\u00f6r\u00fcnt\u00fcl\u0259ri t\u0259qdim edirik:<\/p>\n<div><iframe loading=\"lazy\" id=\"telegram-post-oxuaze-81699\" src=\"https:\/\/t.me\/oxuaze\/81699?embed=1\" width=\"100%\" height=\"\" frameborder=\"0\" scrolling=\"no\" data-mce-fragment=\"1\"><\/iframe><\/div>\n<p>&nbsp;<\/p>\n","protected":false},"excerpt":{"rendered":"<p>Quba rayonunda m\u00fc\u015fahid\u0259 olunan qarl\u0131 hava \u015f\u0259raiti yollarda s\u00fcr\u00fcc\u00fcl\u0259r \u00fc\u00e7\u00fcn\u00a0t\u0259hl\u00fck\u0259li v\u0259ziyy\u0259t yarad\u0131b. ARANTV.AZ x\u0259b\u0259r verir ki, Quba-Qusar yolunda qarl\u0131 hava \u015f\u0259raiti s\u0259b\u0259bind\u0259n yolun buz ba\u011flamas\u0131 n\u0259tic\u0259sind\u0259 yol-n\u0259qliyyat hadis\u0259si ba\u015f verib. Bel\u0259 ki, avtomobil yolun s\u00fcr\u00fc\u015fk\u0259n olmas\u0131 s\u0259b\u0259bind\u0259n idar\u0259etm\u0259ni itir\u0259r\u0259k a\u011faca \u00e7\u0131rp\u0131l\u0131b. H\u0259min g\u00f6r\u00fcnt\u00fcl\u0259ri t\u0259qdim edirik: &nbsp;<\/p>\n","protected":false},"author":2,"featured_media":692352,"comment_status":"closed","ping_status":"closed","sticky":false,"template":"","format":"standard","meta":{"om_disable_all_campaigns":false,"_monsterinsights_skip_tracking":false,"_monsterinsights_sitenote_active":false,"_monsterinsights_sitenote_note":"","_monsterinsights_sitenote_category":0},"categories":[1],"tags":[],"aioseo_notices":[],"gutentor_comment":0,"rttpg_featured_image_url":{"full":["https:\/\/arantv.az\/wp-content\/uploads\/2024\/02\/FotoJet-62-1.jpg",620,413,false],"landscape":["https:\/\/arantv.az\/wp-content\/uploads\/2024\/02\/FotoJet-62-1.jpg",620,413,false],"portraits":["https:\/\/arantv.az\/wp-content\/uploads\/2024\/02\/FotoJet-62-1.jpg",620,413,false],"thumbnail":["https:\/\/arantv.az\/wp-content\/uploads\/2024\/02\/FotoJet-62-1-500x280.jpg",500,280,true],"medium":["https:\/\/arantv.az\/wp-content\/uploads\/2024\/02\/FotoJet-62-1-548x365.jpg",548,365,true],"large":["https:\/\/arantv.az\/wp-content\/uploads\/2024\/02\/FotoJet-62-1.jpg",620,413,false],"1536x1536":["https:\/\/arantv.az\/wp-content\/uploads\/2024\/02\/FotoJet-62-1.jpg",620,413,false],"2048x2048":["https:\/\/arantv.az\/wp-content\/uploads\/2024\/02\/FotoJet-62-1.jpg",620,413,false],"post-thumbnail":["https:\/\/arantv.az\/wp-content\/uploads\/2024\/02\/FotoJet-62-1-240x172.jpg",240,172,true],"advps-thumb-one":["https:\/\/arantv.az\/wp-content\/uploads\/2024\/02\/FotoJet-62-1.jpg",620,413,false]},"rttpg_author":{"display_name":"V\u00fcsal Rafiqo\u011flu","author_link":"https:\/\/arantv.az\/?author=2"},"rttpg_comment":0,"rttpg_category":"<a href=\"https:\/\/arantv.az\/?cat=1\" rel=\"category\">C\u0259miyy\u0259t<\/a>","rttpg_excerpt":"Quba rayonunda m\u00fc\u015fahid\u0259 olunan qarl\u0131 hava \u015f\u0259raiti yollarda s\u00fcr\u00fcc\u00fcl\u0259r \u00fc\u00e7\u00fcn\u00a0t\u0259hl\u00fck\u0259li v\u0259ziyy\u0259t yarad\u0131b. ARANTV.AZ x\u0259b\u0259r verir ki, Quba-Qusar yolunda qarl\u0131 hava \u015f\u0259raiti s\u0259b\u0259bind\u0259n yolun buz ba\u011flamas\u0131 n\u0259tic\u0259sind\u0259 yol-n\u0259qliyyat hadis\u0259si ba\u015f verib. Bel\u0259 ki, avtomobil yolun s\u00fcr\u00fc\u015fk\u0259n olmas\u0131 s\u0259b\u0259bind\u0259n idar\u0259etm\u0259ni itir\u0259r\u0259k a\u011faca \u00e7\u0131rp\u0131l\u0131b. H\u0259min g\u00f6r\u00fcnt\u00fcl\u0259ri t\u0259qdim edirik: &nbsp;","_links":{"self":[{"href":"https:\/\/arantv.az\/index.php?rest_route=\/wp\/v2\/posts\/692351"}],"collection":[{"href":"https:\/\/arantv.az\/index.php?rest_route=\/wp\/v2\/posts"}],"about":[{"href":"https:\/\/arantv.az\/index.php?rest_route=\/wp\/v2\/types\/post"}],"author":[{"embeddable":true,"href":"https:\/\/arantv.az\/index.php?rest_route=\/wp\/v2\/users\/2"}],"replies":[{"embeddable":true,"href":"https:\/\/arantv.az\/index.php?rest_route=%2Fwp%2Fv2%2Fcomments&post=692351"}],"version-history":[{"count":0,"href":"https:\/\/arantv.az\/index.php?rest_route=\/wp\/v2\/posts\/692351\/revisions"}],"wp:featuredmedia":[{"embeddable":true,"href":"https:\/\/arantv.az\/index.php?rest_route=\/wp\/v2\/media\/692352"}],"wp:attachment":[{"href":"https:\/\/arantv.az\/index.php?rest_route=%2Fwp%2Fv2%2Fmedia&parent=692351"}],"wp:term":[{"taxonomy":"category","embeddable":true,"href":"https:\/\/arantv.az\/index.php?rest_route=%2Fwp%2Fv2%2Fcategories&post=692351"},{"taxonomy":"post_tag","embeddable":true,"href":"https:\/\/arantv.az\/index.php?rest_route=%2Fwp%2Fv2%2Ftags&post=692351"}],"curies":[{"name":"wp","href":"https:\/\/api.w.org\/{rel}","templated":true}]}}