{"id":692914,"date":"2024-02-20T12:50:39","date_gmt":"2024-02-20T08:50:39","guid":{"rendered":"https:\/\/arantv.az\/?p=692914"},"modified":"2024-02-20T12:50:39","modified_gmt":"2024-02-20T08:50:39","slug":"az%c9%99rbaycan-referenduma-ged%c9%99-bil%c9%99r-muhum-g%c9%99lism%c9%99","status":"publish","type":"post","link":"https:\/\/arantv.az\/?p=692914","title":{"rendered":"Az\u0259rbaycan referenduma ged\u0259 bil\u0259r &#8211; M\u00dcH\u00dcM G\u018fL\u0130\u015eM\u018f"},"content":{"rendered":"<p><strong>Siyas\u0259t\u00e7il\u0259r hesab edir ki, Ana Yasa \u00f6lk\u0259d\u0259 yaranm\u0131\u015f yeni reall\u0131qlara uy\u011funla\u015fd\u0131r\u0131lmal\u0131d\u0131r; idar\u0259etm\u0259 mexanizmi v\u0259 parlamentin say t\u0259rkibi, habel\u0259 proporsional sistemin d\u0259 t\u0259tbiqi il\u0259 ba\u011fl\u0131 t\u0259klifl\u0259r var; Zahid Oruc: \u201cBir \u00e7ox \u015feyl\u0259r d\u0259yi\u015fm\u0259lidir\u201d<\/strong><\/p>\n<p>Az\u0259rbaycanda referendumun ke\u00e7iril\u0259c\u0259yi bar\u0259d\u0259 x\u0259b\u0259rl\u0259r yay\u0131l\u0131b. H\u0259tta bunun qar\u015f\u0131dak\u0131 aylar\u0131n birind\u0259 ba\u015f tutaca\u011f\u0131 deyilir. Refendumun Nax\u00e7\u0131van\u0131n statusu, Nazirl\u0259r Kabinetinin taleyi v\u0259 proporsional se\u00e7ki sisteminin t\u0259tbiqi bar\u0259d\u0259 olaca\u011f\u0131 iddia olunur. Bel\u0259 bir referendumun olmas\u0131na ehtiyac\u0131n yarand\u0131\u011f\u0131 haqda uzun zamand\u0131r s\u00f6z-s\u00f6hb\u0259tl\u0259r\u0259 rast g\u0259linir.<\/p>\n<p><img src=\"https:\/\/konkret.az\/cloud\/uploads\/2023\/12\/tural66.jpg\" alt=\"Tural Abbasl\u0131 kim\u0259 s\u0259s ver\u0259c\u0259yini a\u00e7\u0131qlad\u0131 - V\u0130DEO | KONKRET\" \/><\/p>\n<p><strong>Tural Abbasl\u0131\u00a0<\/strong><\/p>\n<p><strong>A\u011e Partiya ba\u015fqan\u0131 Tural Abbasl\u0131 b\u0259zi s\u0259b\u0259bl\u0259r\u0259 g\u00f6r\u0259 referendumu z\u0259ruri say\u0131r:<\/strong>\u00a0\u201c\u00c7\u00fcnki konstitusiyada yeni yaranm\u0131\u015f \u015f\u0259rait\u0259 uy\u011fun d\u0259yi\u015fiklikl\u0259r olmal\u0131d\u0131r. Yeni siyasi reall\u0131qlar yaran\u0131b. H\u0259m \u0259razi b\u00fct\u00f6vl\u00fcy\u00fcm\u00fcz\u00fcn t\u0259min olunmas\u0131ndan, h\u0259m d\u0259 iqtidar\u0131n elan etdiyi yeni islahatlar kursundan sonra hesab edir\u0259m ki, konstitusiyada d\u0259yi\u015fiklikl\u0259rin edilm\u0259sin\u0259 b\u00f6y\u00fck ehtiyac yaran\u0131b. Bu, ilk n\u00f6vb\u0259d\u0259 Nax\u00e7\u0131van\u0131n statusu bar\u0259d\u0259 olmal\u0131d\u0131r. Bu, yerli\u00a0 idar\u0259etm\u0259 mexanizml\u0259rinin yerl\u0259\u015fdirilm\u0259si il\u0259 ba\u011fl\u0131 ola bil\u0259r. Eyni zamanda \u0259halinin say\u0131n\u0131n art\u0131m\u0131na g\u00f6r\u0259 deputatlar\u0131n say\u0131n\u0131n art\u0131r\u0131lmas\u0131 m\u0259s\u0259l\u0259si g\u00fcnd\u0259md\u0259 olmal\u0131d\u0131r. Bundan ba\u015fqa, proporsional se\u00e7ki sisteminin b\u0259rpas\u0131 da vacibdir. D\u00fc\u015f\u00fcn\u00fcr\u0259m ki, m\u00fcxalif\u0259tin parlamentd\u0259 t\u0259msil\u00e7iliyinin t\u0259nziml\u0259nm\u0259si m\u0259s\u0259l\u0259si \u00fc\u00e7\u00fcn konstitusiyaya b\u0259zi madd\u0259l\u0259r \u0259lav\u0259 olunmal\u0131d\u0131r. Bilirsiniz ki, dekabr\u0131n sonlar\u0131nda b\u0259l\u0259diyy\u0259 se\u00e7kil\u0259ri olmal\u0131d\u0131r. Dekabra q\u0259d\u0259r kifay\u0259t q\u0259d\u0259r vaxt var. \u00c7ox rahat formada iki se\u00e7ki ke\u00e7iril\u0259 bil\u0259r. Se\u00e7kinin biri referendum ola bil\u0259r. Bu, aprel-may aylar\u0131nda ba\u015fa tuta bil\u0259r. Dig\u0259r se\u00e7ki is\u0259 n\u00f6vb\u0259d\u0259nk\u0259nar parlament se\u00e7kil\u0259ri olmas\u0131 m\u00fcmk\u00fcnd\u00fcr ki, bu da iyun-iyul aylar\u0131na d\u00fc\u015f\u0259 bil\u0259r. Bununla da yeni d\u00f6vr\u0259 start veril\u0259r. Bir \u00e7ox m\u0259s\u0259l\u0259l\u0259rimiz var. Onunla ba\u011fl\u0131 bu deyil\u0259nl\u0259r ger\u00e7\u0259kl\u0259\u015f\u0259 bil\u0259r. \u018fslind\u0259 bu istiqam\u0259td\u0259 s\u00f6z-s\u00f6hb\u0259tl\u0259r g\u0259zirdi. Sonradan bunun olmayaca\u011f\u0131 bar\u0259d\u0259 fikirl\u0259r s\u0259sl\u0259ndi. Bizim g\u00f6zl\u0259ntimiz odur ki, referendum olsun, g\u00f6zl\u0259diyimiz d\u0259yi\u015fiklikl\u0259r ba\u015f tutsun\u201d.<\/p>\n<p><img src=\"https:\/\/cebheinfo.az\/uploads\/images\/2023\/12\/720x400\/17027097701450356559657d4a0ae9345.jpg\" alt=\"Zahid Oruc prezidentliy\u0259 namiz\u0259d olaca\u011f\u0131n\u0131 a\u00e7\u0131qlay\u0131b\" \/><\/p>\n<p><strong>Zahid Oruc<\/strong><\/p>\n<p><strong>Sosial T\u0259dqiqatlar M\u0259rk\u0259zinin r\u0259hb\u0259ri, Milli M\u0259clisin \u00fczv\u00fc\u00a0 Zahid Oruc is\u0259 d\u0259yi\u015fiklikl\u0259ri \u00e7ox vacib bir m\u0259qam kimi q\u0259bul edir:<\/strong>\u00a0\u201cBiz b\u00fct\u00f6vl\u00fckd\u0259 b\u00fct\u00fcn siyasi prosesl\u0259r d\u00f6vr\u00fcnd\u0259, o c\u00fcml\u0259d\u0259n son prezident se\u00e7kisi kampaniyas\u0131 m\u00fcdd\u0259tind\u0259 konstitusion islahatlar\u0131 d\u0259st\u0259kl\u0259mi\u015fik. Bunlar d\u00f6vr\u00fcn t\u0259l\u0259bl\u0259ridir. Siyasi prosesl\u0259rin g\u0259ldiyi son n\u00f6qt\u0259 onu g\u00f6st\u0259rir ki, i\u015fl\u0259r, mexanizml\u0259r d\u00f6vr\u00fcn \u00e7ox vacib t\u0259l\u0259bl\u0259ri s\u0131ras\u0131nda yer al\u0131r. Prezidentin x\u00fcsusi n\u00fcmay\u0259nd\u0259l\u0259r institutu yarad\u0131l\u0131b. Bu, t\u0259kc\u0259 i\u015f\u011faldan azad edilmi\u015f \u0259razil\u0259rd\u0259 deyil, h\u0259m d\u0259 Nax\u00e7\u0131vanda t\u0259tbiq olunub. Sosial T\u0259ddiqatlar M\u0259rk\u0259zi s\u0259viyy\u0259sind\u0259 ke\u00e7iril\u0259n sor\u011fularda ictimai r\u0259y hakimiyy\u0259t institutlar\u0131na olan m\u00fcnasib\u0259ti ortal\u0131\u011fa qoydu. Orada da g\u00f6rm\u0259k m\u00fcmk\u00fcn oldu ki, ictimai r\u0259y yeni bax\u0131\u015flar\u0131 d\u0259st\u0259kl\u0259yir, yeni idar\u0259etm\u0259 tezisl\u0259rini d\u0259st\u0259kl\u0259m\u0259yin t\u0259r\u0259fdar\u0131d\u0131r. Bu c\u00fcr prizmalar \u00e7ox \u00f6n\u0259mlidir. Zahid Oruc olaraq, qeyd etm\u0259k ist\u0259yir\u0259m ki, m\u0259nim siyasi bax\u0131\u015flar\u0131mda b\u0259lli bir m\u0259rh\u0259l\u0259ni \u00f6z\u00fcnd\u0259 ehtiva ed\u0259n d\u00f6rd\u00fcnc\u00fc respublika kimi siyasi, ictimai periodu \u0259hat\u0259 ed\u0259c\u0259k ad var. O ad\u0131n i\u00e7\u0259risind\u0259 bir \u00e7ox m\u0259s\u0259l\u0259l\u0259ri \u00f6z\u00fcnd\u0259 ehtiva ed\u0259n yeni bax\u0131\u015flar toplusu var. \u018flb\u0259tt\u0259 ki, bir \u00e7ox \u015feyl\u0259r d\u0259yi\u015fm\u0259lidir. Bir n\u00f6vb\u0259d\u0259nk\u0259nar se\u00e7kil\u0259ri g\u00f6t\u00fcrs\u0259k, onun yaln\u0131z konstitusiyada yer almas\u0131 d\u00fczg\u00fcn deyil. D\u00f6vr\u00fcn t\u0259l\u0259bl\u0259rin\u0259 uy\u011fun olaraq, bu c\u00fcr q\u0259rar\u0131n verilm\u0259si sad\u0259 mexanizml\u0259 t\u0259sbit olunmal\u0131d\u0131r\u201d.<\/p>\n<p><img loading=\"lazy\" src=\"https:\/\/ovqat.com\/uploads\/posts\/2020-01\/1579290479_dsc00752.jpg\" alt=\"R\u0259\u015fad Bayramov: \u201cHakimiyy\u0259t u\u011frunda m\u00fcbariz\u0259d\u0259 m\u0259qbul hesab etdiyimiz t\u0259k  yol se\u00e7kidir\u201d. \u00bb Ovqat.com\" width=\"645\" height=\"968\" \/><\/p>\n<p><strong>R\u0259\u015fad Bayramov<\/strong><\/p>\n<p><strong>AM\u0130P Ali M\u0259clisinin s\u0259dri R\u0259\u015fad Bayramov vur\u011fulad\u0131 ki, Az\u0259rbaycanda Konstitusiya islahatlar\u0131 z\u0259ruridir v\u0259 bunun \u00fc\u00e7\u00fcn d\u0259 referendumun ke\u00e7irilm\u0259sin\u0259 ehtiyac var:<\/strong>\u00a0\u201cX\u00fcsusil\u0259 d\u0259 \u0130kinci Qaraba\u011f sava\u015f\u0131ndan sonrak\u0131 q\u0259l\u0259b\u0259, Az\u0259rbaycan\u0131n \u0259razi b\u00fct\u00f6vl\u00fcy\u00fc v\u0259 suverenliyinin b\u0259rpas\u0131, el\u0259c\u0259 d\u0259 n\u00f6vb\u0259d\u0259nk\u0259nar prezident se\u00e7kisind\u0259n sonra d\u00f6vl\u0259t ba\u015f\u00e7\u0131s\u0131n\u0131n qar\u015f\u0131ya qoydu\u011fu yeni h\u0259d\u0259fl\u0259rl\u0259 ba\u011fl\u0131 f\u0259aliyy\u0259t referendumunun ke\u00e7irilm\u0259sini z\u0259ruri edir. D\u00fc\u015f\u00fcn\u00fcr\u0259m ki, konstitusiya islahatlar\u0131 \u00f6z\u00fcnd\u0259 bir s\u0131ra m\u00fch\u00fcm m\u0259s\u0259l\u0259l\u0259ri ehtiva etm\u0259lidir. \u0130lk n\u00f6vb\u0259d\u0259, yerli icra hakimiyy\u0259tl\u0259ri v\u0259 Nazirl\u0259r Kabineti il\u0259 ba\u011fl\u0131 d\u0259yi\u015fiklikl\u0259r\u0259 ehtiyac var. Az\u0259rbaycanda 14 iqtisadi rayonun yarad\u0131lmas\u0131 v\u0259 yeni institut olaraq Prezidentin s\u0259lahiyy\u0259tli n\u00fcmay\u0259nd\u0259l\u0259rinin t\u0259yin edilm\u0259sind\u0259n sonra yerli icra hakimiyy\u0259ti orqanlar\u0131n\u0131n idar\u0259\u00e7ilikd\u0259 t\u0259sir imkanlar\u0131 \u00e7ox azal\u0131b v\u0259 bu sah\u0259d\u0259 d\u0259yi\u015fiklikl\u0259r edilm\u0259lidir. \u018fg\u0259r s\u0259lahiyy\u0259tli n\u00fcmay\u0259nd\u0259l\u0259r varsa, bir ne\u00e7\u0259 icra hakimiyy\u0259tinin s\u0259lahiyy\u0259tl\u0259ri bir s\u0259lahiyy\u0259tli n\u00fcmay\u0259nd\u0259 t\u0259r\u0259find\u0259n d\u0259 h\u0259yata ke\u00e7iril\u0259 bil\u0259r. M\u0259lumdur ki, yerli icra hakimiyy\u0259tl\u0259ri bir t\u0259sisat olaraq SSR\u0130-d\u0259 olmu\u015f rayon v\u0259 \u015f\u0259h\u0259r xalq icraiyy\u0259 komit\u0259l\u0259rinin yerin\u0259 qurulmu\u015fdu. Ba\u015fqa s\u00f6zl\u0259 des\u0259k, bu t\u0259sisat\u0131n \u00e7ox k\u00f6hn\u0259 v\u0259 s\u0259m\u0259r\u0259siz bir sistem oldu\u011fu g\u00fcn kimi ortadad\u0131r. Eyni \u015f\u0259kild\u0259 b\u0259l\u0259diyy\u0259l\u0259rin statusunun art\u0131r\u0131lmas\u0131 il\u0259 icra hakimiyy\u0259tinin s\u0259lahiyy\u0259tl\u0259rin\u0259 aid m\u0259s\u0259l\u0259l\u0259rin b\u00f6y\u00fck bir qismini b\u0259l\u0259diyy\u0259l\u0259r\u0259 h\u0259val\u0259 etm\u0259k olar. Daha g\u00fccl\u00fc b\u0259l\u0259diyy\u0259 institutunun formala\u015fmas\u0131 \u00fc\u00e7\u00fcn T\u00fcrkiy\u0259 modeli \u0259sas g\u00f6t\u00fcr\u00fcl\u0259 v\u0259 b\u00f6y\u00fck \u015f\u0259h\u0259r b\u0259l\u0259diyy\u0259l\u0259rinin yarad\u0131lmas\u0131, el\u0259c\u0259 d\u0259 b\u0259l\u0259diyy\u0259 s\u0259drl\u0259rinin birba\u015fa xalq s\u0259sverm\u0259si yolu il\u0259 se\u00e7ilm\u0259si il\u0259 ba\u011fl\u0131 d\u0259yi\u015fiklikl\u0259r edil\u0259 bil\u0259r. Dig\u0259r vacib m\u0259qam Nazirl\u0259r Kabineti il\u0259 ba\u011fl\u0131d\u0131r. Nazirl\u0259r onsuz da Prezident\u0259 tabedir v\u0259 onlar aras\u0131nda koordinasiyan\u0131 da vitse-prezident s\u0259viyy\u0259sind\u0259 h\u0259yata ke\u00e7irm\u0259k m\u00fcmk\u00fcnd\u00fcr. Odur ki, Nazirl\u0259r Kabinetinin l\u0259\u011fvi il\u0259 ba\u011fl\u0131 d\u0259yi\u015fiklikl\u0259rin edilm\u0259si d\u0259 z\u0259ruridir. D\u0259yi\u015fiklikl\u0259rin edilm\u0259si z\u0259ruri olan dig\u0259r bir m\u0259s\u0259l\u0259 d\u0259 parlamentin statusunun art\u0131r\u0131lmas\u0131 v\u0259 say t\u0259rkibi il\u0259 ba\u011fl\u0131d\u0131r. M\u0259lumdur ki, Az\u0259rbaycanda 125 n\u0259f\u0259rd\u0259n ibar\u0259t Milli M\u0259clisin formala\u015fmas\u0131 \u0259hali say\u0131m\u0131z\u0131n 7 milyon oldu\u011fu d\u00f6vr\u0259 t\u0259sad\u00fcf edir. H\u0259min vaxtdan etibar\u0259n \u0259hali say\u0131m\u0131z 10 milyon n\u0259f\u0259ri ke\u00e7ib. Bu da deputatlar\u0131n say\u0131n\u0131n art\u0131r\u0131lmas\u0131n\u0131 \u015f\u0259rtl\u0259ndirir. Odur ki, parlament \u00fczvl\u0259rinin say\u0131n\u0131 m\u00f6vcud 125 n\u0259f\u0259rd\u0259n \u0259n az\u0131 155 n\u0259f\u0259r\u0259 \u00e7atd\u0131r\u0131lmas\u0131 daha m\u0259qs\u0259d\u0259uy\u011fundur. Eyni \u015f\u0259kild\u0259 \u00f6lk\u0259d\u0259 siyasi institutlar\u0131n \u00e7\u0259kisinin v\u0259 rolunun art\u0131r\u0131lmas\u0131 \u00fc\u00e7\u00fcn \u00e7oxmandatl\u0131 se\u00e7ki sisteminin, y\u0259ni proporsional se\u00e7ki sisteminin b\u0259rpas\u0131 istiqam\u0259tind\u0259 d\u0259 add\u0131mlar\u0131n at\u0131lmas\u0131 laz\u0131md\u0131r. Az\u0259rbaycanda qar\u0131\u015f\u0131q se\u00e7ki sisteminin t\u0259tbiqinin daha effektli olaca\u011f\u0131 q\u0259na\u0259tind\u0259y\u0259m. B\u00fct\u00fcn sadalananlar idar\u0259etm\u0259nin t\u0259kmill\u0259\u015fm\u0259sin\u0259, daha \u00e7evik idar\u0259etm\u0259 sistemin\u0259 ke\u00e7id\u0259, \u0259lav\u0259 laz\u0131ms\u0131z strukturlar\u0131n l\u0259\u011fv edilm\u0259si il\u0259 b\u00fcdc\u0259 v\u0259saitin\u0259 q\u0259na\u0259t olunmas\u0131na, mill\u0259t v\u0259kill\u0259rinin se\u00e7icil\u0259rl\u0259 daha effektli \u0259laq\u0259 qura bilm\u0259sin\u0259, b\u0259l\u0259diyy\u0259l\u0259rin statusunun art\u0131r\u0131lmas\u0131 il\u0259 h\u00f6kum\u0259tin y\u00fck\u00fcn\u00fcn xeyli azalmas\u0131na xidm\u0259t edir. Bunlara is\u0259 b\u00f6y\u00fck ehtiyac var\u201d.<\/p>\n","protected":false},"excerpt":{"rendered":"<p>Siyas\u0259t\u00e7il\u0259r hesab edir ki, Ana Yasa \u00f6lk\u0259d\u0259 yaranm\u0131\u015f yeni reall\u0131qlara uy\u011funla\u015fd\u0131r\u0131lmal\u0131d\u0131r; idar\u0259etm\u0259 mexanizmi v\u0259 parlamentin say t\u0259rkibi, habel\u0259 proporsional sistemin d\u0259 t\u0259tbiqi il\u0259 ba\u011fl\u0131 t\u0259klifl\u0259r var; Zahid Oruc: \u201cBir \u00e7ox \u015feyl\u0259r d\u0259yi\u015fm\u0259lidir\u201d Az\u0259rbaycanda referendumun ke\u00e7iril\u0259c\u0259yi bar\u0259d\u0259 x\u0259b\u0259rl\u0259r yay\u0131l\u0131b. H\u0259tta bunun qar\u015f\u0131dak\u0131 aylar\u0131n birind\u0259 ba\u015f tutaca\u011f\u0131 deyilir. Refendumun Nax\u00e7\u0131van\u0131n statusu, Nazirl\u0259r Kabinetinin taleyi v\u0259 proporsional se\u00e7ki sisteminin t\u0259tbiqi bar\u0259d\u0259 olaca\u011f\u0131 iddia olunur. Bel\u0259 bir referendumun olmas\u0131na ehtiyac\u0131n yarand\u0131\u011f\u0131 haqda uzun zamand\u0131r s\u00f6z-s\u00f6hb\u0259tl\u0259r\u0259 rast g\u0259linir. Tural Abbasl\u0131\u00a0 A\u011e Partiya ba\u015fqan\u0131 Tural Abbasl\u0131 b\u0259zi s\u0259b\u0259bl\u0259r\u0259 g\u00f6r\u0259 referendumu z\u0259ruri say\u0131r:\u00a0\u201c\u00c7\u00fcnki konstitusiyada yeni yaranm\u0131\u015f \u015f\u0259rait\u0259&hellip;<\/p>\n","protected":false},"author":2,"featured_media":692915,"comment_status":"closed","ping_status":"closed","sticky":false,"template":"","format":"standard","meta":{"om_disable_all_campaigns":false,"_monsterinsights_skip_tracking":false,"_monsterinsights_sitenote_active":false,"_monsterinsights_sitenote_note":"","_monsterinsights_sitenote_category":0},"categories":[19],"tags":[],"aioseo_notices":[],"gutentor_comment":0,"rttpg_featured_image_url":{"full":["https:\/\/arantv.az\/wp-content\/uploads\/2024\/02\/c314391b89c9b8f156f0bb4fa104ed51.jpg",450,300,false],"landscape":["https:\/\/arantv.az\/wp-content\/uploads\/2024\/02\/c314391b89c9b8f156f0bb4fa104ed51.jpg",450,300,false],"portraits":["https:\/\/arantv.az\/wp-content\/uploads\/2024\/02\/c314391b89c9b8f156f0bb4fa104ed51.jpg",450,300,false],"thumbnail":["https:\/\/arantv.az\/wp-content\/uploads\/2024\/02\/c314391b89c9b8f156f0bb4fa104ed51-450x280.jpg",450,280,true],"medium":["https:\/\/arantv.az\/wp-content\/uploads\/2024\/02\/c314391b89c9b8f156f0bb4fa104ed51.jpg",450,300,false],"large":["https:\/\/arantv.az\/wp-content\/uploads\/2024\/02\/c314391b89c9b8f156f0bb4fa104ed51.jpg",450,300,false],"1536x1536":["https:\/\/arantv.az\/wp-content\/uploads\/2024\/02\/c314391b89c9b8f156f0bb4fa104ed51.jpg",450,300,false],"2048x2048":["https:\/\/arantv.az\/wp-content\/uploads\/2024\/02\/c314391b89c9b8f156f0bb4fa104ed51.jpg",450,300,false],"post-thumbnail":["https:\/\/arantv.az\/wp-content\/uploads\/2024\/02\/c314391b89c9b8f156f0bb4fa104ed51-240x172.jpg",240,172,true],"advps-thumb-one":["https:\/\/arantv.az\/wp-content\/uploads\/2024\/02\/c314391b89c9b8f156f0bb4fa104ed51.jpg",450,300,false]},"rttpg_author":{"display_name":"V\u00fcsal Rafiqo\u011flu","author_link":"https:\/\/arantv.az\/?author=2"},"rttpg_comment":0,"rttpg_category":"<a href=\"https:\/\/arantv.az\/?cat=19\" rel=\"category\">G\u00fcnd\u0259m<\/a>","rttpg_excerpt":"Siyas\u0259t\u00e7il\u0259r hesab edir ki, Ana Yasa \u00f6lk\u0259d\u0259 yaranm\u0131\u015f yeni reall\u0131qlara uy\u011funla\u015fd\u0131r\u0131lmal\u0131d\u0131r; idar\u0259etm\u0259 mexanizmi v\u0259 parlamentin say t\u0259rkibi, habel\u0259 proporsional sistemin d\u0259 t\u0259tbiqi il\u0259 ba\u011fl\u0131 t\u0259klifl\u0259r var; Zahid Oruc: \u201cBir \u00e7ox \u015feyl\u0259r d\u0259yi\u015fm\u0259lidir\u201d Az\u0259rbaycanda referendumun ke\u00e7iril\u0259c\u0259yi bar\u0259d\u0259 x\u0259b\u0259rl\u0259r yay\u0131l\u0131b. H\u0259tta bunun qar\u015f\u0131dak\u0131 aylar\u0131n birind\u0259 ba\u015f tutaca\u011f\u0131 deyilir. Refendumun Nax\u00e7\u0131van\u0131n statusu, Nazirl\u0259r Kabinetinin taleyi v\u0259 proporsional se\u00e7ki&hellip;","_links":{"self":[{"href":"https:\/\/arantv.az\/index.php?rest_route=\/wp\/v2\/posts\/692914"}],"collection":[{"href":"https:\/\/arantv.az\/index.php?rest_route=\/wp\/v2\/posts"}],"about":[{"href":"https:\/\/arantv.az\/index.php?rest_route=\/wp\/v2\/types\/post"}],"author":[{"embeddable":true,"href":"https:\/\/arantv.az\/index.php?rest_route=\/wp\/v2\/users\/2"}],"replies":[{"embeddable":true,"href":"https:\/\/arantv.az\/index.php?rest_route=%2Fwp%2Fv2%2Fcomments&post=692914"}],"version-history":[{"count":0,"href":"https:\/\/arantv.az\/index.php?rest_route=\/wp\/v2\/posts\/692914\/revisions"}],"wp:featuredmedia":[{"embeddable":true,"href":"https:\/\/arantv.az\/index.php?rest_route=\/wp\/v2\/media\/692915"}],"wp:attachment":[{"href":"https:\/\/arantv.az\/index.php?rest_route=%2Fwp%2Fv2%2Fmedia&parent=692914"}],"wp:term":[{"taxonomy":"category","embeddable":true,"href":"https:\/\/arantv.az\/index.php?rest_route=%2Fwp%2Fv2%2Fcategories&post=692914"},{"taxonomy":"post_tag","embeddable":true,"href":"https:\/\/arantv.az\/index.php?rest_route=%2Fwp%2Fv2%2Ftags&post=692914"}],"curies":[{"name":"wp","href":"https:\/\/api.w.org\/{rel}","templated":true}]}}