{"id":692925,"date":"2024-02-20T12:52:26","date_gmt":"2024-02-20T08:52:26","guid":{"rendered":"https:\/\/arantv.az\/?p=692925"},"modified":"2024-02-20T12:52:26","modified_gmt":"2024-02-20T08:52:26","slug":"fikr%c9%99t-m%c9%99mm%c9%99dovun-konstitusiya-m%c9%99hk%c9%99m%c9%99sinin-hakimi-t%c9%99yin-edilm%c9%99si-tovsiy%c9%99-olunub","status":"publish","type":"post","link":"https:\/\/arantv.az\/?p=692925","title":{"rendered":"Fikr\u0259t M\u0259mm\u0259dovun Konstitusiya M\u0259hk\u0259m\u0259sinin hakimi t\u0259yin edilm\u0259si t\u00f6vsiy\u0259 olunub"},"content":{"rendered":"<p>Fikr\u0259t M\u0259mm\u0259dovun Konstitusiya M\u0259hk\u0259m\u0259sinin hakimi v\u0259zif\u0259sin\u0259 t\u0259yin edilm\u0259si bar\u0259d\u0259 m\u0259s\u0259l\u0259 parlamentin plenar iclas\u0131na t\u00f6vsiy\u0259 olunub.<\/p>\n<p>\u201cReport\u201dun x\u0259b\u0259rin\u0259 g\u00f6r\u0259, bununla ba\u011fl\u0131 m\u0259s\u0259l\u0259 Milli M\u0259clisin H\u00fcquq siyas\u0259ti v\u0259 d\u00f6vl\u0259t quruculu\u011fu komit\u0259sinin videokonfrans format\u0131nda ke\u00e7iril\u0259n iclas\u0131nda m\u00fczakir\u0259y\u0259 \u00e7\u0131xar\u0131l\u0131b.<\/p>\n<p>Qeyd ed\u0259k ki, Konstitusiyan\u0131n 109-cu madd\u0259sinin 9-cu b\u0259ndin\u0259 uy\u011fun olaraq, Prezident\u00a0<strong>\u0130lham \u018fliyev<\/strong>\u00a0Fikr\u0259t F\u0259rrux o\u011flu M\u0259mm\u0259dovun Konstitusiya M\u0259hk\u0259m\u0259sinin hakimi v\u0259zif\u0259sin\u0259 t\u0259yin edilm\u0259si haqq\u0131nda Milli M\u0259clis\u0259 t\u0259qdimat verib.<\/p>\n<p>Xat\u0131rladaq ki, F.M\u0259mm\u0259dov \u0259dliyy\u0259 naziri olub.<\/p>\n","protected":false},"excerpt":{"rendered":"<p>Fikr\u0259t M\u0259mm\u0259dovun Konstitusiya M\u0259hk\u0259m\u0259sinin hakimi v\u0259zif\u0259sin\u0259 t\u0259yin edilm\u0259si bar\u0259d\u0259 m\u0259s\u0259l\u0259 parlamentin plenar iclas\u0131na t\u00f6vsiy\u0259 olunub. \u201cReport\u201dun x\u0259b\u0259rin\u0259 g\u00f6r\u0259, bununla ba\u011fl\u0131 m\u0259s\u0259l\u0259 Milli M\u0259clisin H\u00fcquq siyas\u0259ti v\u0259 d\u00f6vl\u0259t quruculu\u011fu komit\u0259sinin videokonfrans format\u0131nda ke\u00e7iril\u0259n iclas\u0131nda m\u00fczakir\u0259y\u0259 \u00e7\u0131xar\u0131l\u0131b. Qeyd ed\u0259k ki, Konstitusiyan\u0131n 109-cu madd\u0259sinin 9-cu b\u0259ndin\u0259 uy\u011fun olaraq, Prezident\u00a0\u0130lham \u018fliyev\u00a0Fikr\u0259t F\u0259rrux o\u011flu M\u0259mm\u0259dovun Konstitusiya M\u0259hk\u0259m\u0259sinin hakimi v\u0259zif\u0259sin\u0259 t\u0259yin edilm\u0259si haqq\u0131nda Milli M\u0259clis\u0259 t\u0259qdimat verib. Xat\u0131rladaq ki, F.M\u0259mm\u0259dov \u0259dliyy\u0259 naziri olub.<\/p>\n","protected":false},"author":2,"featured_media":692926,"comment_status":"closed","ping_status":"closed","sticky":false,"template":"","format":"standard","meta":{"om_disable_all_campaigns":false,"_monsterinsights_skip_tracking":false,"_monsterinsights_sitenote_active":false,"_monsterinsights_sitenote_note":"","_monsterinsights_sitenote_category":0},"categories":[1],"tags":[],"aioseo_notices":[],"gutentor_comment":0,"rttpg_featured_image_url":{"full":["https:\/\/arantv.az\/wp-content\/uploads\/2024\/02\/22297ce2-df61-307f-b858-499fa7428551_850.jpg",620,413,false],"landscape":["https:\/\/arantv.az\/wp-content\/uploads\/2024\/02\/22297ce2-df61-307f-b858-499fa7428551_850.jpg",620,413,false],"portraits":["https:\/\/arantv.az\/wp-content\/uploads\/2024\/02\/22297ce2-df61-307f-b858-499fa7428551_850.jpg",620,413,false],"thumbnail":["https:\/\/arantv.az\/wp-content\/uploads\/2024\/02\/22297ce2-df61-307f-b858-499fa7428551_850-500x280.jpg",500,280,true],"medium":["https:\/\/arantv.az\/wp-content\/uploads\/2024\/02\/22297ce2-df61-307f-b858-499fa7428551_850-548x365.jpg",548,365,true],"large":["https:\/\/arantv.az\/wp-content\/uploads\/2024\/02\/22297ce2-df61-307f-b858-499fa7428551_850.jpg",620,413,false],"1536x1536":["https:\/\/arantv.az\/wp-content\/uploads\/2024\/02\/22297ce2-df61-307f-b858-499fa7428551_850.jpg",620,413,false],"2048x2048":["https:\/\/arantv.az\/wp-content\/uploads\/2024\/02\/22297ce2-df61-307f-b858-499fa7428551_850.jpg",620,413,false],"post-thumbnail":["https:\/\/arantv.az\/wp-content\/uploads\/2024\/02\/22297ce2-df61-307f-b858-499fa7428551_850-240x172.jpg",240,172,true],"advps-thumb-one":["https:\/\/arantv.az\/wp-content\/uploads\/2024\/02\/22297ce2-df61-307f-b858-499fa7428551_850.jpg",620,413,false]},"rttpg_author":{"display_name":"V\u00fcsal Rafiqo\u011flu","author_link":"https:\/\/arantv.az\/?author=2"},"rttpg_comment":0,"rttpg_category":"<a href=\"https:\/\/arantv.az\/?cat=1\" rel=\"category\">C\u0259miyy\u0259t<\/a>","rttpg_excerpt":"Fikr\u0259t M\u0259mm\u0259dovun Konstitusiya M\u0259hk\u0259m\u0259sinin hakimi v\u0259zif\u0259sin\u0259 t\u0259yin edilm\u0259si bar\u0259d\u0259 m\u0259s\u0259l\u0259 parlamentin plenar iclas\u0131na t\u00f6vsiy\u0259 olunub. \u201cReport\u201dun x\u0259b\u0259rin\u0259 g\u00f6r\u0259, bununla ba\u011fl\u0131 m\u0259s\u0259l\u0259 Milli M\u0259clisin H\u00fcquq siyas\u0259ti v\u0259 d\u00f6vl\u0259t quruculu\u011fu komit\u0259sinin videokonfrans format\u0131nda ke\u00e7iril\u0259n iclas\u0131nda m\u00fczakir\u0259y\u0259 \u00e7\u0131xar\u0131l\u0131b. Qeyd ed\u0259k ki, Konstitusiyan\u0131n 109-cu madd\u0259sinin 9-cu b\u0259ndin\u0259 uy\u011fun olaraq, Prezident\u00a0\u0130lham \u018fliyev\u00a0Fikr\u0259t F\u0259rrux o\u011flu M\u0259mm\u0259dovun Konstitusiya M\u0259hk\u0259m\u0259sinin hakimi v\u0259zif\u0259sin\u0259 t\u0259yin&hellip;","_links":{"self":[{"href":"https:\/\/arantv.az\/index.php?rest_route=\/wp\/v2\/posts\/692925"}],"collection":[{"href":"https:\/\/arantv.az\/index.php?rest_route=\/wp\/v2\/posts"}],"about":[{"href":"https:\/\/arantv.az\/index.php?rest_route=\/wp\/v2\/types\/post"}],"author":[{"embeddable":true,"href":"https:\/\/arantv.az\/index.php?rest_route=\/wp\/v2\/users\/2"}],"replies":[{"embeddable":true,"href":"https:\/\/arantv.az\/index.php?rest_route=%2Fwp%2Fv2%2Fcomments&post=692925"}],"version-history":[{"count":0,"href":"https:\/\/arantv.az\/index.php?rest_route=\/wp\/v2\/posts\/692925\/revisions"}],"wp:featuredmedia":[{"embeddable":true,"href":"https:\/\/arantv.az\/index.php?rest_route=\/wp\/v2\/media\/692926"}],"wp:attachment":[{"href":"https:\/\/arantv.az\/index.php?rest_route=%2Fwp%2Fv2%2Fmedia&parent=692925"}],"wp:term":[{"taxonomy":"category","embeddable":true,"href":"https:\/\/arantv.az\/index.php?rest_route=%2Fwp%2Fv2%2Fcategories&post=692925"},{"taxonomy":"post_tag","embeddable":true,"href":"https:\/\/arantv.az\/index.php?rest_route=%2Fwp%2Fv2%2Ftags&post=692925"}],"curies":[{"name":"wp","href":"https:\/\/api.w.org\/{rel}","templated":true}]}}