{"id":694090,"date":"2024-02-24T13:28:56","date_gmt":"2024-02-24T09:28:56","guid":{"rendered":"https:\/\/arantv.az\/?p=694090"},"modified":"2024-02-24T13:28:56","modified_gmt":"2024-02-24T09:28:56","slug":"evin-t%c9%99mir-tikinti-al%c9%99tl%c9%99rin%c9%99-velosiped%c9%99-akkumulyatorlara-tamah-salanlar-%c9%99l%c9%99-kecdil%c9%99r-foto","status":"publish","type":"post","link":"https:\/\/arantv.az\/?p=694090","title":{"rendered":"Evin t\u0259mir-tikinti al\u0259tl\u0259rin\u0259, velosiped\u0259, akkumulyatorlara tamah salanlar \u0259l\u0259 ke\u00e7dil\u0259r &#8211; FOTO"},"content":{"rendered":"<p>\u015eirvanda o\u011furluq ed\u0259n iki n\u0259f\u0259r saxlan\u0131l\u0131b.<\/p>\n<p>Daxili \u0130\u015fl\u0259r Nazirliyinin M\u0259tbuat Xidm\u0259tinin \u015eirvan regional qrupundan veril\u0259n m\u0259lumata g\u00f6r\u0259, \u015eirvan \u015e\u0259h\u0259r Polis \u015e\u00f6b\u0259sinin \u0259m\u0259kda\u015flar\u0131 t\u0259r\u0259find\u0259n ke\u00e7iril\u0259n \u0259m\u0259liyyat-axtar\u0131\u015f t\u0259dbirl\u0259ri n\u0259tic\u0259sind\u0259 \u015f\u0259h\u0259r \u0259razisind\u0259 bir avtomobild\u0259n akkumulyator o\u011furlamaqda \u015f\u00fcbh\u0259li bilin\u0259n \u015f\u0259h\u0259r sakinl\u0259ri Kamal G\u00f6y\u00fc\u015fov v\u0259 Zaur P\u0259nahov saxlan\u0131l\u0131blar.<\/p>\n<p>Dindirilm\u0259 zaman\u0131 h\u0259r iki \u015f\u0259xs t\u00f6r\u0259tdikl\u0259ri o\u011furluq fakt\u0131n\u0131 etiraf edibl\u0259r.<\/p>\n<p>H\u0259min \u015f\u0259xsl\u0259rin \u0259traf\u0131nda apar\u0131lan istintaq h\u0259r\u0259k\u0259tl\u0259ri zaman\u0131 Z.P\u0259nahovun t\u00f6r\u0259tdiyi dig\u0259r o\u011furluq faktlar\u0131n\u0131n \u00fcst\u00fc d\u0259 a\u00e7\u0131l\u0131b. Bel\u0259 ki, ara\u015fd\u0131rmalar zaman\u0131 m\u0259lum olub ki, h\u0259min \u015f\u0259xs \u00f6t\u0259n ilin dekabr v\u0259 cari ilin fevral ay\u0131 \u0259rzind\u0259 m\u00fcxt\u0259lif vaxtlarda \u015f\u0259h\u0259r \u0259razisind\u0259 yerl\u0259\u015f\u0259n be\u015f f\u0259rdi ya\u015fay\u0131\u015f evind\u0259n m\u00fcxt\u0259lif n\u00f6v t\u0259mir-tikinti al\u0259tl\u0259ri v\u0259 materiallar\u0131, velosiped, akkumulyator v\u0259 s\u0259s g\u00fccl\u0259ndirici o\u011furlayaraq z\u0259r\u0259r\u00e7\u0259kmi\u015fl\u0259r\u0259 \u00fcmumilikd\u0259 3480 manat maddi ziyan vurub.<\/p>\n<p>Faktla ba\u011fl\u0131 \u015eirvan \u015e\u0259h\u0259r Polis \u015e\u00f6b\u0259sinin \u0130stintaq B\u00f6lm\u0259sind\u0259 cinay\u0259t i\u015fi a\u00e7\u0131l\u0131b, saxlan\u0131lan \u015f\u0259xsl\u0259r bar\u0259sind\u0259 \u015f\u0259h\u0259r m\u0259hk\u0259m\u0259sinin q\u0259rar\u0131 il\u0259 h\u0259bs q\u0259timkan t\u0259dbirl\u0259ri se\u00e7ilib.<\/p>\n<p>Ara\u015fd\u0131rmalar davam etdirilir.<\/p>\n<p>&nbsp;<\/p>\n<div class=\"gallery\">\n<div class=\"gallery-i\"><img src=\"https:\/\/cdn.oxu.az\/uploads\/W1siZiIsIjIwMjQvMDIvMjQvMTEvMDgvNTUvN2JlMDc5YzgtN2FiZi00ZjFlLTkyZTgtZWJkM2RiOGQ2YWQwL1doYXRzQXBwIEltYWdlIDIwMjQtMDItMjQgYXQgMTEuMDUuNTIuanBlZyJdLFsicCIsImVuY29kZSIsImpwZyIsIi1xdWFsaXR5IDgwIl0sWyJwIiwidGh1bWIiLCI1OTB4NTkwXHUwMDNlIl1d?sha=878ace25daa10a68\" alt=\"\" \/><\/p>\n<div class=\"gallery-i-caption\"><\/div>\n<\/div>\n<div class=\"gallery-i\"><img src=\"https:\/\/cdn.oxu.az\/uploads\/W1siZiIsIjIwMjQvMDIvMjQvMTEvMDgvNTUvNWMxNWQ5M2EtMWZiOS00ZDA2LWEzZWUtMzY4NzdhMTAyMmI3L1doYXRzQXBwIEltYWdlIDIwMjQtMDItMjQgYXQgMTEuMDUuNTEgKDEpLmpwZWciXSxbInAiLCJlbmNvZGUiLCJqcGciLCItcXVhbGl0eSA4MCJdLFsicCIsInRodW1iIiwiNTkweDU5MFx1MDAzZSJdXQ?sha=b5d6ad5248366530\" alt=\"\" \/><\/p>\n<div class=\"gallery-i-caption\"><\/div>\n<\/div>\n<div class=\"gallery-i\"><img src=\"https:\/\/cdn.oxu.az\/uploads\/W1siZiIsIjIwMjQvMDIvMjQvMTEvMDgvNTUvZjFkMTE5ODctMzdhOC00MTE1LWJlY2YtNDE0OTQ3ODFkMTU4L1doYXRzQXBwIEltYWdlIDIwMjQtMDItMjQgYXQgMTEuMDUuNTEuanBlZyJdLFsicCIsImVuY29kZSIsImpwZyIsIi1xdWFsaXR5IDgwIl0sWyJwIiwidGh1bWIiLCI1OTB4NTkwXHUwMDNlIl1d?sha=2d544f8f580ca0a5\" alt=\"\" \/><\/div>\n<\/div>\n","protected":false},"excerpt":{"rendered":"<p>\u015eirvanda o\u011furluq ed\u0259n iki n\u0259f\u0259r saxlan\u0131l\u0131b. Daxili \u0130\u015fl\u0259r Nazirliyinin M\u0259tbuat Xidm\u0259tinin \u015eirvan regional qrupundan veril\u0259n m\u0259lumata g\u00f6r\u0259, \u015eirvan \u015e\u0259h\u0259r Polis \u015e\u00f6b\u0259sinin \u0259m\u0259kda\u015flar\u0131 t\u0259r\u0259find\u0259n ke\u00e7iril\u0259n \u0259m\u0259liyyat-axtar\u0131\u015f t\u0259dbirl\u0259ri n\u0259tic\u0259sind\u0259 \u015f\u0259h\u0259r \u0259razisind\u0259 bir avtomobild\u0259n akkumulyator o\u011furlamaqda \u015f\u00fcbh\u0259li bilin\u0259n \u015f\u0259h\u0259r sakinl\u0259ri Kamal G\u00f6y\u00fc\u015fov v\u0259 Zaur P\u0259nahov saxlan\u0131l\u0131blar. Dindirilm\u0259 zaman\u0131 h\u0259r iki \u015f\u0259xs t\u00f6r\u0259tdikl\u0259ri o\u011furluq fakt\u0131n\u0131 etiraf edibl\u0259r. H\u0259min \u015f\u0259xsl\u0259rin \u0259traf\u0131nda apar\u0131lan istintaq h\u0259r\u0259k\u0259tl\u0259ri zaman\u0131 Z.P\u0259nahovun t\u00f6r\u0259tdiyi dig\u0259r o\u011furluq faktlar\u0131n\u0131n \u00fcst\u00fc d\u0259 a\u00e7\u0131l\u0131b. Bel\u0259 ki, ara\u015fd\u0131rmalar zaman\u0131 m\u0259lum olub ki, h\u0259min \u015f\u0259xs \u00f6t\u0259n ilin dekabr v\u0259 cari ilin fevral ay\u0131 \u0259rzind\u0259 m\u00fcxt\u0259lif vaxtlarda \u015f\u0259h\u0259r \u0259razisind\u0259&hellip;<\/p>\n","protected":false},"author":2,"featured_media":694091,"comment_status":"closed","ping_status":"closed","sticky":false,"template":"","format":"standard","meta":{"om_disable_all_campaigns":false,"_monsterinsights_skip_tracking":false,"_monsterinsights_sitenote_active":false,"_monsterinsights_sitenote_note":"","_monsterinsights_sitenote_category":0},"categories":[5],"tags":[],"aioseo_notices":[],"gutentor_comment":0,"rttpg_featured_image_url":{"full":["https:\/\/arantv.az\/wp-content\/uploads\/2024\/02\/FotoJet-9-13.jpg",620,413,false],"landscape":["https:\/\/arantv.az\/wp-content\/uploads\/2024\/02\/FotoJet-9-13.jpg",620,413,false],"portraits":["https:\/\/arantv.az\/wp-content\/uploads\/2024\/02\/FotoJet-9-13.jpg",620,413,false],"thumbnail":["https:\/\/arantv.az\/wp-content\/uploads\/2024\/02\/FotoJet-9-13-500x280.jpg",500,280,true],"medium":["https:\/\/arantv.az\/wp-content\/uploads\/2024\/02\/FotoJet-9-13-548x365.jpg",548,365,true],"large":["https:\/\/arantv.az\/wp-content\/uploads\/2024\/02\/FotoJet-9-13.jpg",620,413,false],"1536x1536":["https:\/\/arantv.az\/wp-content\/uploads\/2024\/02\/FotoJet-9-13.jpg",620,413,false],"2048x2048":["https:\/\/arantv.az\/wp-content\/uploads\/2024\/02\/FotoJet-9-13.jpg",620,413,false],"post-thumbnail":["https:\/\/arantv.az\/wp-content\/uploads\/2024\/02\/FotoJet-9-13-240x172.jpg",240,172,true],"advps-thumb-one":["https:\/\/arantv.az\/wp-content\/uploads\/2024\/02\/FotoJet-9-13.jpg",620,413,false]},"rttpg_author":{"display_name":"V\u00fcsal Rafiqo\u011flu","author_link":"https:\/\/arantv.az\/?author=2"},"rttpg_comment":0,"rttpg_category":"<a href=\"https:\/\/arantv.az\/?cat=5\" rel=\"category\">Hadis\u0259<\/a>","rttpg_excerpt":"\u015eirvanda o\u011furluq ed\u0259n iki n\u0259f\u0259r saxlan\u0131l\u0131b. Daxili \u0130\u015fl\u0259r Nazirliyinin M\u0259tbuat Xidm\u0259tinin \u015eirvan regional qrupundan veril\u0259n m\u0259lumata g\u00f6r\u0259, \u015eirvan \u015e\u0259h\u0259r Polis \u015e\u00f6b\u0259sinin \u0259m\u0259kda\u015flar\u0131 t\u0259r\u0259find\u0259n ke\u00e7iril\u0259n \u0259m\u0259liyyat-axtar\u0131\u015f t\u0259dbirl\u0259ri n\u0259tic\u0259sind\u0259 \u015f\u0259h\u0259r \u0259razisind\u0259 bir avtomobild\u0259n akkumulyator o\u011furlamaqda \u015f\u00fcbh\u0259li bilin\u0259n \u015f\u0259h\u0259r sakinl\u0259ri Kamal G\u00f6y\u00fc\u015fov v\u0259 Zaur P\u0259nahov saxlan\u0131l\u0131blar. Dindirilm\u0259 zaman\u0131 h\u0259r iki \u015f\u0259xs t\u00f6r\u0259tdikl\u0259ri o\u011furluq fakt\u0131n\u0131 etiraf edibl\u0259r. H\u0259min \u015f\u0259xsl\u0259rin&hellip;","_links":{"self":[{"href":"https:\/\/arantv.az\/index.php?rest_route=\/wp\/v2\/posts\/694090"}],"collection":[{"href":"https:\/\/arantv.az\/index.php?rest_route=\/wp\/v2\/posts"}],"about":[{"href":"https:\/\/arantv.az\/index.php?rest_route=\/wp\/v2\/types\/post"}],"author":[{"embeddable":true,"href":"https:\/\/arantv.az\/index.php?rest_route=\/wp\/v2\/users\/2"}],"replies":[{"embeddable":true,"href":"https:\/\/arantv.az\/index.php?rest_route=%2Fwp%2Fv2%2Fcomments&post=694090"}],"version-history":[{"count":0,"href":"https:\/\/arantv.az\/index.php?rest_route=\/wp\/v2\/posts\/694090\/revisions"}],"wp:featuredmedia":[{"embeddable":true,"href":"https:\/\/arantv.az\/index.php?rest_route=\/wp\/v2\/media\/694091"}],"wp:attachment":[{"href":"https:\/\/arantv.az\/index.php?rest_route=%2Fwp%2Fv2%2Fmedia&parent=694090"}],"wp:term":[{"taxonomy":"category","embeddable":true,"href":"https:\/\/arantv.az\/index.php?rest_route=%2Fwp%2Fv2%2Fcategories&post=694090"},{"taxonomy":"post_tag","embeddable":true,"href":"https:\/\/arantv.az\/index.php?rest_route=%2Fwp%2Fv2%2Ftags&post=694090"}],"curies":[{"name":"wp","href":"https:\/\/api.w.org\/{rel}","templated":true}]}}