{"id":694097,"date":"2024-02-24T13:30:21","date_gmt":"2024-02-24T09:30:21","guid":{"rendered":"https:\/\/arantv.az\/?p=694097"},"modified":"2024-02-24T13:30:21","modified_gmt":"2024-02-24T09:30:21","slug":"m%c9%99rm%c9%99r%c9%99-d%c9%99nizind%c9%99-batan-g%c9%99mid%c9%99n-yeni-goruntul%c9%99r-yayildi-video","status":"publish","type":"post","link":"https:\/\/arantv.az\/?p=694097","title":{"rendered":"M\u0259rm\u0259r\u0259 d\u0259nizind\u0259 batan g\u0259mid\u0259n yeni g\u00f6r\u00fcnt\u00fcl\u0259r yay\u0131ld\u0131 &#8211; V\u0130DEO"},"content":{"rendered":"<p>M\u0259rm\u0259r\u0259 d\u0259nizind\u0259 batan T\u00fcrkiy\u0259nin \u201cBatuhan A\u201d y\u00fck g\u0259misind\u0259n yeni g\u00f6r\u00fcnt\u00fcl\u0259r yay\u0131l\u0131b.<\/p>\n<p>G\u0259mid\u0259 itkin d\u00fc\u015f\u0259n 4 d\u0259niz\u00e7inin axtar\u0131\u015f-xilasetm\u0259 i\u015fl\u0259ri davam edir.<\/p>\n<p>Dal\u011f\u0131clar\u0131n y\u00fck g\u0259misinin qal\u0131qlar\u0131 aras\u0131nda axtar\u0131\u015f \u0259m\u0259liyyat\u0131 zaman\u0131 n\u00f6vb\u0259ti kadrlar yay\u0131mlan\u0131b.<\/p>\n<p>Xat\u0131rladaq ki, T\u00fcrkiy\u0259 bayra\u011f\u0131 alt\u0131nda \u00fcz\u0259n y\u00fck g\u0259misi alt\u0131 d\u0259niz\u00e7i il\u0259 birlikd\u0259 M\u0259rm\u0259r\u0259 d\u0259nizind\u0259 bat\u0131b. G\u0259minin itkin d\u00fc\u015f\u0259n hey\u0259t \u00fczvl\u0259rind\u0259n ikisinin meyiti a\u015fkarlan\u0131b.<\/p>\n<div><iframe loading=\"lazy\" src=\"https:\/\/baku.tv\/embed\/124033\" width=\"560\" height=\"315\" frameborder=\"0\" allowfullscreen=\"allowfullscreen\" data-mce-fragment=\"1\"><\/iframe><\/div>\n<p>M\u0259nb\u0259: ODA.TV<\/p>\n","protected":false},"excerpt":{"rendered":"<p>M\u0259rm\u0259r\u0259 d\u0259nizind\u0259 batan T\u00fcrkiy\u0259nin \u201cBatuhan A\u201d y\u00fck g\u0259misind\u0259n yeni g\u00f6r\u00fcnt\u00fcl\u0259r yay\u0131l\u0131b. G\u0259mid\u0259 itkin d\u00fc\u015f\u0259n 4 d\u0259niz\u00e7inin axtar\u0131\u015f-xilasetm\u0259 i\u015fl\u0259ri davam edir. Dal\u011f\u0131clar\u0131n y\u00fck g\u0259misinin qal\u0131qlar\u0131 aras\u0131nda axtar\u0131\u015f \u0259m\u0259liyyat\u0131 zaman\u0131 n\u00f6vb\u0259ti kadrlar yay\u0131mlan\u0131b. Xat\u0131rladaq ki, T\u00fcrkiy\u0259 bayra\u011f\u0131 alt\u0131nda \u00fcz\u0259n y\u00fck g\u0259misi alt\u0131 d\u0259niz\u00e7i il\u0259 birlikd\u0259 M\u0259rm\u0259r\u0259 d\u0259nizind\u0259 bat\u0131b. G\u0259minin itkin d\u00fc\u015f\u0259n hey\u0259t \u00fczvl\u0259rind\u0259n ikisinin meyiti a\u015fkarlan\u0131b. M\u0259nb\u0259: ODA.TV<\/p>\n","protected":false},"author":2,"featured_media":694098,"comment_status":"closed","ping_status":"closed","sticky":false,"template":"","format":"standard","meta":{"om_disable_all_campaigns":false,"_monsterinsights_skip_tracking":false,"_monsterinsights_sitenote_active":false,"_monsterinsights_sitenote_note":"","_monsterinsights_sitenote_category":0},"categories":[7],"tags":[],"aioseo_notices":[],"gutentor_comment":0,"rttpg_featured_image_url":{"full":["https:\/\/arantv.az\/wp-content\/uploads\/2024\/02\/FotoJet-2024-02-24T121148.766.jpg",620,413,false],"landscape":["https:\/\/arantv.az\/wp-content\/uploads\/2024\/02\/FotoJet-2024-02-24T121148.766.jpg",620,413,false],"portraits":["https:\/\/arantv.az\/wp-content\/uploads\/2024\/02\/FotoJet-2024-02-24T121148.766.jpg",620,413,false],"thumbnail":["https:\/\/arantv.az\/wp-content\/uploads\/2024\/02\/FotoJet-2024-02-24T121148.766-500x280.jpg",500,280,true],"medium":["https:\/\/arantv.az\/wp-content\/uploads\/2024\/02\/FotoJet-2024-02-24T121148.766-548x365.jpg",548,365,true],"large":["https:\/\/arantv.az\/wp-content\/uploads\/2024\/02\/FotoJet-2024-02-24T121148.766.jpg",620,413,false],"1536x1536":["https:\/\/arantv.az\/wp-content\/uploads\/2024\/02\/FotoJet-2024-02-24T121148.766.jpg",620,413,false],"2048x2048":["https:\/\/arantv.az\/wp-content\/uploads\/2024\/02\/FotoJet-2024-02-24T121148.766.jpg",620,413,false],"post-thumbnail":["https:\/\/arantv.az\/wp-content\/uploads\/2024\/02\/FotoJet-2024-02-24T121148.766-240x172.jpg",240,172,true],"advps-thumb-one":["https:\/\/arantv.az\/wp-content\/uploads\/2024\/02\/FotoJet-2024-02-24T121148.766.jpg",620,413,false]},"rttpg_author":{"display_name":"V\u00fcsal Rafiqo\u011flu","author_link":"https:\/\/arantv.az\/?author=2"},"rttpg_comment":0,"rttpg_category":"<a href=\"https:\/\/arantv.az\/?cat=7\" rel=\"category\">D\u00fcnya<\/a>","rttpg_excerpt":"M\u0259rm\u0259r\u0259 d\u0259nizind\u0259 batan T\u00fcrkiy\u0259nin \u201cBatuhan A\u201d y\u00fck g\u0259misind\u0259n yeni g\u00f6r\u00fcnt\u00fcl\u0259r yay\u0131l\u0131b. G\u0259mid\u0259 itkin d\u00fc\u015f\u0259n 4 d\u0259niz\u00e7inin axtar\u0131\u015f-xilasetm\u0259 i\u015fl\u0259ri davam edir. Dal\u011f\u0131clar\u0131n y\u00fck g\u0259misinin qal\u0131qlar\u0131 aras\u0131nda axtar\u0131\u015f \u0259m\u0259liyyat\u0131 zaman\u0131 n\u00f6vb\u0259ti kadrlar yay\u0131mlan\u0131b. Xat\u0131rladaq ki, T\u00fcrkiy\u0259 bayra\u011f\u0131 alt\u0131nda \u00fcz\u0259n y\u00fck g\u0259misi alt\u0131 d\u0259niz\u00e7i il\u0259 birlikd\u0259 M\u0259rm\u0259r\u0259 d\u0259nizind\u0259 bat\u0131b. G\u0259minin itkin d\u00fc\u015f\u0259n hey\u0259t \u00fczvl\u0259rind\u0259n ikisinin meyiti a\u015fkarlan\u0131b. M\u0259nb\u0259:&hellip;","_links":{"self":[{"href":"https:\/\/arantv.az\/index.php?rest_route=\/wp\/v2\/posts\/694097"}],"collection":[{"href":"https:\/\/arantv.az\/index.php?rest_route=\/wp\/v2\/posts"}],"about":[{"href":"https:\/\/arantv.az\/index.php?rest_route=\/wp\/v2\/types\/post"}],"author":[{"embeddable":true,"href":"https:\/\/arantv.az\/index.php?rest_route=\/wp\/v2\/users\/2"}],"replies":[{"embeddable":true,"href":"https:\/\/arantv.az\/index.php?rest_route=%2Fwp%2Fv2%2Fcomments&post=694097"}],"version-history":[{"count":0,"href":"https:\/\/arantv.az\/index.php?rest_route=\/wp\/v2\/posts\/694097\/revisions"}],"wp:featuredmedia":[{"embeddable":true,"href":"https:\/\/arantv.az\/index.php?rest_route=\/wp\/v2\/media\/694098"}],"wp:attachment":[{"href":"https:\/\/arantv.az\/index.php?rest_route=%2Fwp%2Fv2%2Fmedia&parent=694097"}],"wp:term":[{"taxonomy":"category","embeddable":true,"href":"https:\/\/arantv.az\/index.php?rest_route=%2Fwp%2Fv2%2Fcategories&post=694097"},{"taxonomy":"post_tag","embeddable":true,"href":"https:\/\/arantv.az\/index.php?rest_route=%2Fwp%2Fv2%2Ftags&post=694097"}],"curies":[{"name":"wp","href":"https:\/\/api.w.org\/{rel}","templated":true}]}}