{"id":694106,"date":"2024-02-24T13:32:30","date_gmt":"2024-02-24T09:32:30","guid":{"rendered":"https:\/\/arantv.az\/?p=694106"},"modified":"2024-02-24T13:32:30","modified_gmt":"2024-02-24T09:32:30","slug":"berlind%c9%99-xocali-soyqiriminin-qurbanlari-anilib-foto","status":"publish","type":"post","link":"https:\/\/arantv.az\/?p=694106","title":{"rendered":"Berlind\u0259 Xocal\u0131 soyq\u0131r\u0131m\u0131n\u0131n qurbanlar\u0131 an\u0131l\u0131b &#8211; FOTO"},"content":{"rendered":"<p>Berlind\u0259 yerl\u0259\u015f\u0259n Az\u0259rbaycan M\u0259d\u0259niyy\u0259t M\u0259rk\u0259zind\u0259 Az\u0259rbaycan\u0131n Almaniyadak\u0131 S\u0259firliyi fevral\u0131n 22-d\u0259 Xocal\u0131 soyq\u0131r\u0131m\u0131na h\u0259sr olunmu\u015f an\u0131m t\u0259dbiri ke\u00e7irib.<\/p>\n<p>S\u0259firlikd\u0259<strong>n\u00a0Oxu.Az<\/strong>-a veril\u0259n x\u0259b\u0259r\u0259 g\u00f6r\u0259, t\u0259dbird\u0259 faci\u0259ni \u0259ks etdir\u0259n foto-s\u0259rgi n\u00fcmayi\u015f etdirilib.<\/p>\n<p>Xocal\u0131 soyq\u0131r\u0131m\u0131na dair alman dilind\u0259 s\u0259firliyin haz\u0131rlad\u0131\u011f\u0131 q\u0131sa filmin n\u00fcmayi\u015fi il\u0259 ba\u015flayan t\u0259dbird\u0259 \u00e7\u0131x\u0131\u015f ed\u0259n Az\u0259rbaycan\u0131n Almaniyadak\u0131 s\u0259firi N\u0259simi A\u011fayev ilk \u00f6nc\u0259 t\u0259dbir i\u015ftirak\u00e7\u0131lar\u0131n\u0131 Xocal\u0131 soyq\u0131r\u0131m\u0131 qurbanlar\u0131n\u0131n \u0259ziz xatir\u0259sini bir d\u0259qiq\u0259lik s\u00fckutla anma\u011fa d\u0259v\u0259t edib. S\u0259fir \u00e7\u0131x\u0131\u015f\u0131nda Xocal\u0131 soyq\u0131r\u0131m\u0131n\u0131n Soyuq m\u00fcharib\u0259nin bitm\u0259sind\u0259n sonra Avropada ba\u015f vermi\u015f ilk soyq\u0131r\u0131m\u0131 oldu\u011funu bildirib. O, Heyd\u0259r \u018fliyev Fondunun vitse-prezidenti Leyla \u018fliyevan\u0131n r\u0259hb\u0259rlik etdiyi \u201cXocal\u0131ya \u018fdal\u0259t\u201d kampaniyas\u0131n\u0131n Xocal\u0131 h\u0259qiq\u0259tl\u0259rinin d\u00fcnya ictimaiyy\u0259tin\u0259 \u00e7atd\u0131r\u0131lmas\u0131nda b\u00f6y\u00fck rol oynad\u0131\u011f\u0131n\u0131 qeyd edib. Prezident\u00a0<strong>\u0130lham \u018fliyevin<\/strong>\u00a0r\u0259hb\u0259rliyi il\u0259 Az\u0259rbaycan\u0131n \u0259z\u0259li torpaqlar\u0131n\u0131n i\u015f\u011faldan azad edilm\u0259si, \u00f6lk\u0259mizin \u0259razi b\u00fct\u00f6vl\u00fcy\u00fc v\u0259 suverenliyinin b\u0259rpa edilm\u0259si il\u0259 tarixi \u0259dal\u0259tin b\u0259rq\u0259rar oldu\u011funu qeyd ed\u0259n s\u0259fir, Xocal\u0131n\u0131n da i\u015f\u011fal\u0131na son qoyuldu\u011funu, tezlikl\u0259 Xocal\u0131 sakinl\u0259rinin \u00f6z ana yurdlar\u0131na d\u00f6nm\u0259y\u0259 ba\u015flayacaqlar\u0131n\u0131 bildirib.<\/p>\n<p>Sonra Xocal\u0131 soyq\u0131r\u0131m\u0131n\u0131n canl\u0131 \u015fahidi, yaz\u0131\u00e7\u0131-publisist S\u0259riyy\u0259 M\u00fcsl\u00fcmq\u0131z\u0131na s\u00f6z verilib. S.M\u00fcsl\u00fcmq\u0131z\u0131 \u00f6z \u00e7\u0131x\u0131\u015f\u0131nda 1992-ci il fevral\u0131n 25-d\u0259n 26-na ke\u00e7\u0259n gec\u0259 Xocal\u0131da ba\u015f vermi\u015f hadis\u0259l\u0259rin 20-ci \u0259srin \u0259n d\u0259h\u015f\u0259tli faci\u0259l\u0259rind\u0259n biri oldu\u011funu qeyd edib, onun haql\u0131 olaraq soyq\u0131r\u0131m\u0131 adland\u0131r\u0131ld\u0131\u011f\u0131n\u0131 vur\u011fulay\u0131b. Soyq\u0131r\u0131m\u0131 n\u0259tic\u0259sind\u0259 600-d\u0259n \u00e7ox Xocal\u0131 sakinin q\u0259ddarcas\u0131na q\u0259tl\u0259 yetirildiyi, 150 n\u0259f\u0259rd\u0259n \u00e7ox \u015f\u0259xsin itkin d\u00fc\u015fd\u00fcy\u00fc v\u0259 onlar\u0131n taleyinin bu g\u00fcn\u0259d\u0259k m\u0259lum olmad\u0131\u011f\u0131 diqq\u0259t\u0259 \u00e7atd\u0131r\u0131l\u0131b. S.M\u00fcsl\u00fcmq\u0131z\u0131 bildirib ki, torpaqlar\u0131m\u0131z i\u015f\u011faldan azad edildikd\u0259n sonra bu g\u00fcn, Qaraba\u011f\u0131n dig\u0259r b\u00f6lg\u0259l\u0259rind\u0259 oldu\u011fu kimi, Xocal\u0131 \u015f\u0259h\u0259rind\u0259 d\u0259 b\u0259rpa-quruculuq i\u015fl\u0259ri s\u00fcr\u0259tl\u0259 apar\u0131l\u0131r v\u0259 \u0259n yax\u0131n zamanda ilk Xocal\u0131 ail\u0259l\u0259ri \u00f6z \u015f\u0259h\u0259rl\u0259rin\u0259 geri d\u00f6n\u0259c\u0259kl\u0259r. Bildirilib ki, 32 illik ayr\u0131l\u0131qdan sonra Xocal\u0131 sakinl\u0259rinin buraya qay\u0131tmas\u0131 v\u0259 \u015f\u0259h\u0259rd\u0259 yenid\u0259n u\u015faq s\u0259sl\u0259rinin e\u015fidilm\u0259si xalq\u0131m\u0131z\u0131n tarixin\u0259 \u0259b\u0259di yaz\u0131lacaq.<\/p>\n<p>Daha sonra Xocal\u0131 soyq\u0131r\u0131m\u0131na h\u0259sr edilmi\u015f \u201cGeriy\u0259 baxma\u201d s\u0259n\u0259dli filminin v\u0259 S.M\u00fcsl\u00fcmq\u0131z\u0131n\u0131n m\u00fc\u0259llifi oldu\u011fu \u201cOnlar he\u00e7 vaxt b\u00f6y\u00fcm\u0259y\u0259c\u0259kl\u0259r\u201d kitab\u0131n\u0131n t\u0259qdimat\u0131 ke\u00e7irilib.<\/p>\n<p>Sonda Xocal\u0131 soyq\u0131r\u0131m\u0131 qurbanlar\u0131n\u0131n xatir\u0259sin\u0259 ehsan verilib.<\/p>\n<p>&nbsp;<\/p>\n<div class=\"gallery\">\n<div class=\"gallery-i\"><img src=\"https:\/\/cdn.oxu.az\/uploads\/W1siZiIsIjIwMjQvMDIvMjQvMTAvNTEvMzkvYjA5YzlkN2UtYTY0NC00NmI5LWFkYTItM2E4ODg5NGFhNjI1LzY1ZDk4ZTgwNTcwZjY2NWQ5OGU4MDU3MGY3MTcwODc1NjYwNzY1ZDk4ZTgwNTcwZjI2NWQ5OGU4MDU3MGY0LmpwZyJdLFsicCIsImVuY29kZSIsImpwZyIsIi1xdWFsaXR5IDgwIl0sWyJwIiwidGh1bWIiLCI1OTB4NTkwXHUwMDNlIl1d?sha=b91456f21a07ed00\" alt=\"\" \/><\/p>\n<div class=\"gallery-i-caption\"><\/div>\n<\/div>\n<div class=\"gallery-i\"><img src=\"https:\/\/cdn.oxu.az\/uploads\/W1siZiIsIjIwMjQvMDIvMjQvMTAvNTEvMzkvMTAyYmYwZjktNGZjYi00NmFiLWE3NjYtZTA4YTQzOGFmNjhhLzY1ZDk4ZTgwMzdlMjE2NWQ5OGU4MDM3ZTIyMTcwODc1NjYwNzY1ZDk4ZTgwMzdlMWU2NWQ5OGU4MDM3ZTIwLmpwZyJdLFsicCIsImVuY29kZSIsImpwZyIsIi1xdWFsaXR5IDgwIl0sWyJwIiwidGh1bWIiLCI1OTB4NTkwXHUwMDNlIl1d?sha=562f41df951f7eff\" alt=\"\" \/><\/p>\n<div class=\"gallery-i-caption\"><\/div>\n<\/div>\n<div class=\"gallery-i\"><img src=\"https:\/\/cdn.oxu.az\/uploads\/W1siZiIsIjIwMjQvMDIvMjQvMTAvNTEvMzkvMDQxMzVjOWQtZDAzYi00NzdlLWI5ZWQtMzczNjllZmQ5MGFlLzY1ZDk4ZTgwMGFlNDE2NWQ5OGU4MDBhZTQyMTcwODc1NjYwNzY1ZDk4ZTgwMGFlM2Q2NWQ5OGU4MDBhZTQwLmpwZyJdLFsicCIsImVuY29kZSIsImpwZyIsIi1xdWFsaXR5IDgwIl0sWyJwIiwidGh1bWIiLCI1OTB4NTkwXHUwMDNlIl1d?sha=d8cd28a7021d3ee0\" alt=\"\" \/><\/p>\n<div class=\"gallery-i-caption\"><\/div>\n<\/div>\n<div class=\"gallery-i\"><img src=\"https:\/\/cdn.oxu.az\/uploads\/W1siZiIsIjIwMjQvMDIvMjQvMTAvNTEvMzkvZjQzMjY1YTctOWMyYi00ZDk2LWI1ZDQtMDZlZDNiYzU2NjhkLzY1ZDk4ZTdiYmJkZWI2NWQ5OGU3YmJiZGVjMTcwODc1NjYwMzY1ZDk4ZTdiYmJkZTg2NWQ5OGU3YmJiZGU5LmpwZyJdLFsicCIsImVuY29kZSIsImpwZyIsIi1xdWFsaXR5IDgwIl0sWyJwIiwidGh1bWIiLCI1OTB4NTkwXHUwMDNlIl1d?sha=618b85f004297b66\" alt=\"\" \/><\/p>\n<div class=\"gallery-i-caption\"><\/div>\n<\/div>\n<div class=\"gallery-i\"><img src=\"https:\/\/cdn.oxu.az\/uploads\/W1siZiIsIjIwMjQvMDIvMjQvMTAvNTEvMzkvYzNmODlkZWEtNzFjMy00YTEzLWIyZDktNjk4YjNiZWI0YzA2LzY1ZDk4ZTdiOTk4NDI2NWQ5OGU3Yjk5ODQzMTcwODc1NjYwMzY1ZDk4ZTdiOTk4M2U2NWQ5OGU3Yjk5ODQwLmpwZyJdLFsicCIsImVuY29kZSIsImpwZyIsIi1xdWFsaXR5IDgwIl0sWyJwIiwidGh1bWIiLCI1OTB4NTkwXHUwMDNlIl1d?sha=1e4dcac90648c3d8\" alt=\"\" \/><\/p>\n<div class=\"gallery-i-caption\"><\/div>\n<\/div>\n<div class=\"gallery-i\"><img src=\"https:\/\/cdn.oxu.az\/uploads\/W1siZiIsIjIwMjQvMDIvMjQvMTAvNTEvMzkvZTEyYTk3ZTYtOTNmOC00MjUxLWJiMTItOTRiMGRiMzQyYzhkLzY1ZDk4ZTdiNzkzNGU2NWQ5OGU3Yjc5MzRmMTcwODc1NjYwMzY1ZDk4ZTdiNzkzNGI2NWQ5OGU3Yjc5MzRjLmpwZyJdLFsicCIsImVuY29kZSIsImpwZyIsIi1xdWFsaXR5IDgwIl0sWyJwIiwidGh1bWIiLCI1OTB4NTkwXHUwMDNlIl1d?sha=2ea51b784b80985a\" alt=\"\" \/><\/p>\n<div class=\"gallery-i-caption\"><\/div>\n<\/div>\n<div class=\"gallery-i\"><img src=\"https:\/\/cdn.oxu.az\/uploads\/W1siZiIsIjIwMjQvMDIvMjQvMTAvNTEvNDAvM2JkOWM3ZjEtYjc1YS00MjUwLWI4MWMtMmMwOWNjMWE2NjExLzY1ZDk4ZTdiNThiZjI2NWQ5OGU3YjU4YmYzMTcwODc1NjYwMzY1ZDk4ZTdiNThiZWU2NWQ5OGU3YjU4YmYwLmpwZyJdLFsicCIsImVuY29kZSIsImpwZyIsIi1xdWFsaXR5IDgwIl0sWyJwIiwidGh1bWIiLCI1OTB4NTkwXHUwMDNlIl1d?sha=578cb236e4fe6298\" alt=\"\" \/><\/div>\n<\/div>\n","protected":false},"excerpt":{"rendered":"<p>Berlind\u0259 yerl\u0259\u015f\u0259n Az\u0259rbaycan M\u0259d\u0259niyy\u0259t M\u0259rk\u0259zind\u0259 Az\u0259rbaycan\u0131n Almaniyadak\u0131 S\u0259firliyi fevral\u0131n 22-d\u0259 Xocal\u0131 soyq\u0131r\u0131m\u0131na h\u0259sr olunmu\u015f an\u0131m t\u0259dbiri ke\u00e7irib. S\u0259firlikd\u0259n\u00a0Oxu.Az-a veril\u0259n x\u0259b\u0259r\u0259 g\u00f6r\u0259, t\u0259dbird\u0259 faci\u0259ni \u0259ks etdir\u0259n foto-s\u0259rgi n\u00fcmayi\u015f etdirilib. Xocal\u0131 soyq\u0131r\u0131m\u0131na dair alman dilind\u0259 s\u0259firliyin haz\u0131rlad\u0131\u011f\u0131 q\u0131sa filmin n\u00fcmayi\u015fi il\u0259 ba\u015flayan t\u0259dbird\u0259 \u00e7\u0131x\u0131\u015f ed\u0259n Az\u0259rbaycan\u0131n Almaniyadak\u0131 s\u0259firi N\u0259simi A\u011fayev ilk \u00f6nc\u0259 t\u0259dbir i\u015ftirak\u00e7\u0131lar\u0131n\u0131 Xocal\u0131 soyq\u0131r\u0131m\u0131 qurbanlar\u0131n\u0131n \u0259ziz xatir\u0259sini bir d\u0259qiq\u0259lik s\u00fckutla anma\u011fa d\u0259v\u0259t edib. S\u0259fir \u00e7\u0131x\u0131\u015f\u0131nda Xocal\u0131 soyq\u0131r\u0131m\u0131n\u0131n Soyuq m\u00fcharib\u0259nin bitm\u0259sind\u0259n sonra Avropada ba\u015f vermi\u015f ilk soyq\u0131r\u0131m\u0131 oldu\u011funu bildirib. O, Heyd\u0259r \u018fliyev Fondunun vitse-prezidenti Leyla \u018fliyevan\u0131n r\u0259hb\u0259rlik etdiyi \u201cXocal\u0131ya \u018fdal\u0259t\u201d kampaniyas\u0131n\u0131n&hellip;<\/p>\n","protected":false},"author":2,"featured_media":694107,"comment_status":"closed","ping_status":"closed","sticky":false,"template":"","format":"standard","meta":{"om_disable_all_campaigns":false,"_monsterinsights_skip_tracking":false,"_monsterinsights_sitenote_active":false,"_monsterinsights_sitenote_note":"","_monsterinsights_sitenote_category":0},"categories":[1],"tags":[],"aioseo_notices":[],"gutentor_comment":0,"rttpg_featured_image_url":{"full":["https:\/\/arantv.az\/wp-content\/uploads\/2024\/02\/LKKKSSSSS.jpg",620,413,false],"landscape":["https:\/\/arantv.az\/wp-content\/uploads\/2024\/02\/LKKKSSSSS.jpg",620,413,false],"portraits":["https:\/\/arantv.az\/wp-content\/uploads\/2024\/02\/LKKKSSSSS.jpg",620,413,false],"thumbnail":["https:\/\/arantv.az\/wp-content\/uploads\/2024\/02\/LKKKSSSSS-500x280.jpg",500,280,true],"medium":["https:\/\/arantv.az\/wp-content\/uploads\/2024\/02\/LKKKSSSSS-548x365.jpg",548,365,true],"large":["https:\/\/arantv.az\/wp-content\/uploads\/2024\/02\/LKKKSSSSS.jpg",620,413,false],"1536x1536":["https:\/\/arantv.az\/wp-content\/uploads\/2024\/02\/LKKKSSSSS.jpg",620,413,false],"2048x2048":["https:\/\/arantv.az\/wp-content\/uploads\/2024\/02\/LKKKSSSSS.jpg",620,413,false],"post-thumbnail":["https:\/\/arantv.az\/wp-content\/uploads\/2024\/02\/LKKKSSSSS-240x172.jpg",240,172,true],"advps-thumb-one":["https:\/\/arantv.az\/wp-content\/uploads\/2024\/02\/LKKKSSSSS.jpg",620,413,false]},"rttpg_author":{"display_name":"V\u00fcsal Rafiqo\u011flu","author_link":"https:\/\/arantv.az\/?author=2"},"rttpg_comment":0,"rttpg_category":"<a href=\"https:\/\/arantv.az\/?cat=1\" rel=\"category\">C\u0259miyy\u0259t<\/a>","rttpg_excerpt":"Berlind\u0259 yerl\u0259\u015f\u0259n Az\u0259rbaycan M\u0259d\u0259niyy\u0259t M\u0259rk\u0259zind\u0259 Az\u0259rbaycan\u0131n Almaniyadak\u0131 S\u0259firliyi fevral\u0131n 22-d\u0259 Xocal\u0131 soyq\u0131r\u0131m\u0131na h\u0259sr olunmu\u015f an\u0131m t\u0259dbiri ke\u00e7irib. S\u0259firlikd\u0259n\u00a0Oxu.Az-a veril\u0259n x\u0259b\u0259r\u0259 g\u00f6r\u0259, t\u0259dbird\u0259 faci\u0259ni \u0259ks etdir\u0259n foto-s\u0259rgi n\u00fcmayi\u015f etdirilib. Xocal\u0131 soyq\u0131r\u0131m\u0131na dair alman dilind\u0259 s\u0259firliyin haz\u0131rlad\u0131\u011f\u0131 q\u0131sa filmin n\u00fcmayi\u015fi il\u0259 ba\u015flayan t\u0259dbird\u0259 \u00e7\u0131x\u0131\u015f ed\u0259n Az\u0259rbaycan\u0131n Almaniyadak\u0131 s\u0259firi N\u0259simi A\u011fayev ilk \u00f6nc\u0259 t\u0259dbir i\u015ftirak\u00e7\u0131lar\u0131n\u0131 Xocal\u0131 soyq\u0131r\u0131m\u0131 qurbanlar\u0131n\u0131n&hellip;","_links":{"self":[{"href":"https:\/\/arantv.az\/index.php?rest_route=\/wp\/v2\/posts\/694106"}],"collection":[{"href":"https:\/\/arantv.az\/index.php?rest_route=\/wp\/v2\/posts"}],"about":[{"href":"https:\/\/arantv.az\/index.php?rest_route=\/wp\/v2\/types\/post"}],"author":[{"embeddable":true,"href":"https:\/\/arantv.az\/index.php?rest_route=\/wp\/v2\/users\/2"}],"replies":[{"embeddable":true,"href":"https:\/\/arantv.az\/index.php?rest_route=%2Fwp%2Fv2%2Fcomments&post=694106"}],"version-history":[{"count":0,"href":"https:\/\/arantv.az\/index.php?rest_route=\/wp\/v2\/posts\/694106\/revisions"}],"wp:featuredmedia":[{"embeddable":true,"href":"https:\/\/arantv.az\/index.php?rest_route=\/wp\/v2\/media\/694107"}],"wp:attachment":[{"href":"https:\/\/arantv.az\/index.php?rest_route=%2Fwp%2Fv2%2Fmedia&parent=694106"}],"wp:term":[{"taxonomy":"category","embeddable":true,"href":"https:\/\/arantv.az\/index.php?rest_route=%2Fwp%2Fv2%2Fcategories&post=694106"},{"taxonomy":"post_tag","embeddable":true,"href":"https:\/\/arantv.az\/index.php?rest_route=%2Fwp%2Fv2%2Ftags&post=694106"}],"curies":[{"name":"wp","href":"https:\/\/api.w.org\/{rel}","templated":true}]}}