{"id":694109,"date":"2024-02-24T13:33:19","date_gmt":"2024-02-24T09:33:19","guid":{"rendered":"https:\/\/arantv.az\/?p=694109"},"modified":"2024-02-24T13:33:19","modified_gmt":"2024-02-24T09:33:19","slug":"erm%c9%99nistanda-konstitusiyaya-d%c9%99yisiklikl%c9%99r-muzakir%c9%99-edil%c9%99c%c9%99k","status":"publish","type":"post","link":"https:\/\/arantv.az\/?p=694109","title":{"rendered":"Erm\u0259nistanda Konstitusiyaya d\u0259yi\u015fiklikl\u0259r m\u00fczakir\u0259 edil\u0259c\u0259k"},"content":{"rendered":"<p>Erm\u0259nistan Konstitusiya \u0130slahatlar\u0131 Komissiyas\u0131 v\u0259 \u015euras\u0131n\u0131n \u00fczvl\u0259ri mart\u0131n 1-d\u0259 ba\u015f nazir Nikol Pa\u015finyanla g\u00f6r\u00fc\u015f\u0259r\u0259k Erm\u0259nistan\u0131n yeni konstitusiyas\u0131n\u0131n yaz\u0131lmas\u0131 m\u0259s\u0259l\u0259sini m\u00fczakir\u0259 ed\u0259c\u0259kl\u0259r.<\/p>\n<p>Bu bar\u0259d\u0259 Erm\u0259nistan K\u0130V-d\u0259 m\u0259qal\u0259 d\u0259rc edilib.<\/p>\n<p>\u201cPa\u015finyan bu biab\u0131r\u00e7\u0131 i\u015fi kim\u0259 h\u0259val\u0259 ed\u0259c\u0259k? Yeni konstitusiyan\u0131n yaz\u0131lmas\u0131n\u0131 haz\u0131rk\u0131 kadrlara tap\u015f\u0131racaq, yoxsa yeni m\u00fcsabiq\u0259 elan ed\u0259c\u0259k? M\u0259nb\u0259l\u0259rimiz \u0259mindirl\u0259r ki, Pa\u015finyan \u015fura v\u0259 komissiyan\u0131n formala\u015fd\u0131r\u0131lmas\u0131 \u00fc\u00e7\u00fcn yeni m\u00fcsabiq\u0259 elan etm\u0259y\u0259c\u0259k. Birincisi, vaxt azl\u0131\u011f\u0131 s\u0259b\u0259bind\u0259n, ikincisi, \u00e7ox az adam bu prosesd\u0259 i\u015ftiraka raz\u0131l\u0131q ver\u0259r. H\u0259tta indiki idar\u0259 hey\u0259tind\u0259, komissiyada bel\u0259 insanlar var ki, bu dam\u011fan\u0131 al\u0131nlar\u0131nda da\u015f\u0131maq ist\u0259yind\u0259 deyill\u0259r. \u00d6t\u0259n sessiyada bu m\u0259s\u0259l\u0259 intensiv m\u00fczakir\u0259 edilib. T\u0259bii ki, onlar m\u0259s\u0259l\u0259y\u0259 f\u0259rqli \u00e7alar verdil\u0259r ki, m\u00f6vcud orqanlar yeni konstitusiya yaza bilm\u0259z, onlar\u0131n bel\u0259 bir mandat\u0131 yoxdur, onlar d\u0259yi\u015fiklikl\u0259rin haz\u0131rlanmas\u0131 i\u015fin\u0259 bax\u0131rlar. \u00dcst\u0259lik, b\u0259zi m\u00fcst\u0259qil qurumlar\u0131n n\u00fcmay\u0259nd\u0259l\u0259ri d\u0259 siyasi problemi h\u0259ll ed\u0259 bilmirl\u0259r\u201d, &#8211; dey\u0259 yaz\u0131da qeyd edilib.<\/p>\n","protected":false},"excerpt":{"rendered":"<p>Erm\u0259nistan Konstitusiya \u0130slahatlar\u0131 Komissiyas\u0131 v\u0259 \u015euras\u0131n\u0131n \u00fczvl\u0259ri mart\u0131n 1-d\u0259 ba\u015f nazir Nikol Pa\u015finyanla g\u00f6r\u00fc\u015f\u0259r\u0259k Erm\u0259nistan\u0131n yeni konstitusiyas\u0131n\u0131n yaz\u0131lmas\u0131 m\u0259s\u0259l\u0259sini m\u00fczakir\u0259 ed\u0259c\u0259kl\u0259r. Bu bar\u0259d\u0259 Erm\u0259nistan K\u0130V-d\u0259 m\u0259qal\u0259 d\u0259rc edilib. \u201cPa\u015finyan bu biab\u0131r\u00e7\u0131 i\u015fi kim\u0259 h\u0259val\u0259 ed\u0259c\u0259k? Yeni konstitusiyan\u0131n yaz\u0131lmas\u0131n\u0131 haz\u0131rk\u0131 kadrlara tap\u015f\u0131racaq, yoxsa yeni m\u00fcsabiq\u0259 elan ed\u0259c\u0259k? M\u0259nb\u0259l\u0259rimiz \u0259mindirl\u0259r ki, Pa\u015finyan \u015fura v\u0259 komissiyan\u0131n formala\u015fd\u0131r\u0131lmas\u0131 \u00fc\u00e7\u00fcn yeni m\u00fcsabiq\u0259 elan etm\u0259y\u0259c\u0259k. Birincisi, vaxt azl\u0131\u011f\u0131 s\u0259b\u0259bind\u0259n, ikincisi, \u00e7ox az adam bu prosesd\u0259 i\u015ftiraka raz\u0131l\u0131q ver\u0259r. H\u0259tta indiki idar\u0259 hey\u0259tind\u0259, komissiyada bel\u0259 insanlar var ki, bu dam\u011fan\u0131 al\u0131nlar\u0131nda da\u015f\u0131maq ist\u0259yind\u0259 deyill\u0259r. \u00d6t\u0259n sessiyada bu&hellip;<\/p>\n","protected":false},"author":2,"featured_media":694110,"comment_status":"closed","ping_status":"closed","sticky":false,"template":"","format":"standard","meta":{"om_disable_all_campaigns":false,"_monsterinsights_skip_tracking":false,"_monsterinsights_sitenote_active":false,"_monsterinsights_sitenote_note":"","_monsterinsights_sitenote_category":0},"categories":[7],"tags":[],"aioseo_notices":[],"gutentor_comment":0,"rttpg_featured_image_url":{"full":["https:\/\/arantv.az\/wp-content\/uploads\/2024\/02\/FotoJet-2024-02-24T114930.818.jpg",620,413,false],"landscape":["https:\/\/arantv.az\/wp-content\/uploads\/2024\/02\/FotoJet-2024-02-24T114930.818.jpg",620,413,false],"portraits":["https:\/\/arantv.az\/wp-content\/uploads\/2024\/02\/FotoJet-2024-02-24T114930.818.jpg",620,413,false],"thumbnail":["https:\/\/arantv.az\/wp-content\/uploads\/2024\/02\/FotoJet-2024-02-24T114930.818-500x280.jpg",500,280,true],"medium":["https:\/\/arantv.az\/wp-content\/uploads\/2024\/02\/FotoJet-2024-02-24T114930.818-548x365.jpg",548,365,true],"large":["https:\/\/arantv.az\/wp-content\/uploads\/2024\/02\/FotoJet-2024-02-24T114930.818.jpg",620,413,false],"1536x1536":["https:\/\/arantv.az\/wp-content\/uploads\/2024\/02\/FotoJet-2024-02-24T114930.818.jpg",620,413,false],"2048x2048":["https:\/\/arantv.az\/wp-content\/uploads\/2024\/02\/FotoJet-2024-02-24T114930.818.jpg",620,413,false],"post-thumbnail":["https:\/\/arantv.az\/wp-content\/uploads\/2024\/02\/FotoJet-2024-02-24T114930.818-240x172.jpg",240,172,true],"advps-thumb-one":["https:\/\/arantv.az\/wp-content\/uploads\/2024\/02\/FotoJet-2024-02-24T114930.818.jpg",620,413,false]},"rttpg_author":{"display_name":"V\u00fcsal Rafiqo\u011flu","author_link":"https:\/\/arantv.az\/?author=2"},"rttpg_comment":0,"rttpg_category":"<a href=\"https:\/\/arantv.az\/?cat=7\" rel=\"category\">D\u00fcnya<\/a>","rttpg_excerpt":"Erm\u0259nistan Konstitusiya \u0130slahatlar\u0131 Komissiyas\u0131 v\u0259 \u015euras\u0131n\u0131n \u00fczvl\u0259ri mart\u0131n 1-d\u0259 ba\u015f nazir Nikol Pa\u015finyanla g\u00f6r\u00fc\u015f\u0259r\u0259k Erm\u0259nistan\u0131n yeni konstitusiyas\u0131n\u0131n yaz\u0131lmas\u0131 m\u0259s\u0259l\u0259sini m\u00fczakir\u0259 ed\u0259c\u0259kl\u0259r. Bu bar\u0259d\u0259 Erm\u0259nistan K\u0130V-d\u0259 m\u0259qal\u0259 d\u0259rc edilib. \u201cPa\u015finyan bu biab\u0131r\u00e7\u0131 i\u015fi kim\u0259 h\u0259val\u0259 ed\u0259c\u0259k? Yeni konstitusiyan\u0131n yaz\u0131lmas\u0131n\u0131 haz\u0131rk\u0131 kadrlara tap\u015f\u0131racaq, yoxsa yeni m\u00fcsabiq\u0259 elan ed\u0259c\u0259k? M\u0259nb\u0259l\u0259rimiz \u0259mindirl\u0259r ki, Pa\u015finyan \u015fura v\u0259 komissiyan\u0131n formala\u015fd\u0131r\u0131lmas\u0131 \u00fc\u00e7\u00fcn&hellip;","_links":{"self":[{"href":"https:\/\/arantv.az\/index.php?rest_route=\/wp\/v2\/posts\/694109"}],"collection":[{"href":"https:\/\/arantv.az\/index.php?rest_route=\/wp\/v2\/posts"}],"about":[{"href":"https:\/\/arantv.az\/index.php?rest_route=\/wp\/v2\/types\/post"}],"author":[{"embeddable":true,"href":"https:\/\/arantv.az\/index.php?rest_route=\/wp\/v2\/users\/2"}],"replies":[{"embeddable":true,"href":"https:\/\/arantv.az\/index.php?rest_route=%2Fwp%2Fv2%2Fcomments&post=694109"}],"version-history":[{"count":0,"href":"https:\/\/arantv.az\/index.php?rest_route=\/wp\/v2\/posts\/694109\/revisions"}],"wp:featuredmedia":[{"embeddable":true,"href":"https:\/\/arantv.az\/index.php?rest_route=\/wp\/v2\/media\/694110"}],"wp:attachment":[{"href":"https:\/\/arantv.az\/index.php?rest_route=%2Fwp%2Fv2%2Fmedia&parent=694109"}],"wp:term":[{"taxonomy":"category","embeddable":true,"href":"https:\/\/arantv.az\/index.php?rest_route=%2Fwp%2Fv2%2Fcategories&post=694109"},{"taxonomy":"post_tag","embeddable":true,"href":"https:\/\/arantv.az\/index.php?rest_route=%2Fwp%2Fv2%2Ftags&post=694109"}],"curies":[{"name":"wp","href":"https:\/\/api.w.org\/{rel}","templated":true}]}}