{"id":694112,"date":"2024-02-24T13:34:11","date_gmt":"2024-02-24T09:34:11","guid":{"rendered":"https:\/\/arantv.az\/?p=694112"},"modified":"2024-02-24T13:34:11","modified_gmt":"2024-02-24T09:34:11","slug":"baki-t%c9%99s%c9%99bbus-qrupunun-t%c9%99skilatciligi-il%c9%99-beyn%c9%99lxalq-konfrans-baslayib-foto-video","status":"publish","type":"post","link":"https:\/\/arantv.az\/?p=694112","title":{"rendered":"Bak\u0131 T\u0259\u015f\u0259bb\u00fcs Qrupunun t\u0259\u015fkilat\u00e7\u0131l\u0131\u011f\u0131 il\u0259 beyn\u0259lxalq konfrans ba\u015flay\u0131b &#8211; FOTO\/V\u0130DEO"},"content":{"rendered":"<p>Bak\u0131 T\u0259\u015f\u0259bb\u00fcs Qrupunun t\u0259\u015fkilat\u00e7\u0131l\u0131\u011f\u0131 il\u0259 fevral\u0131n 24-d\u0259 \u0130stanbulda \u201cDekolonizasiya: \u0130ntibah\u0131n oyan\u0131\u015f\u0131\u201d m\u00f6vzusunda beyn\u0259lxalq konfrans ba\u015flay\u0131b.<\/p>\n<p>&#8220;Report&#8221;un T\u00fcrkiy\u0259 b\u00fcrosunun m\u0259lumat\u0131na g\u00f6r\u0259, \u0259sas m\u0259qs\u0259d m\u00fcst\u0259ml\u0259k\u0259\u00e7ilikd\u0259n z\u0259r\u0259r g\u00f6r\u0259n b\u00f6lg\u0259l\u0259rin s\u0259sl\u0259rinin d\u00fcnya ictimaiyy\u0259tin\u0259 \u00e7atd\u0131r\u0131lmas\u0131d\u0131r.<\/p>\n<p>Beyn\u0259lxalq t\u0259dbird\u0259 d\u00fcnyan\u0131n 13 \u00f6lk\u0259si v\u0259 4 beyn\u0259lxalq t\u0259\u015fkilatdan 50-y\u0259 yax\u0131n n\u00fcmay\u0259nd\u0259 i\u015ftirak edir.<\/p>\n<p>Karib adalar\u0131, C\u0259nubi Amerika, Sakit okean v\u0259 Hind okean\u0131ndak\u0131 Fransan\u0131n m\u00fcst\u0259ml\u0259k\u0259l\u0259ri olan d\u0259niza\u015f\u0131r\u0131 b\u00f6lg\u0259l\u0259ri &#8211; Yeni Kaledoniya, Frans\u0131z Polineziyas\u0131, Frans\u0131z Qvianas\u0131, Martinika v\u0259 Qvadelupan\u0131n m\u00fcst\u0259qillik v\u0259 mill\u0259t\u00e7i h\u0259r\u0259katlar\u0131n\u0131n n\u00fcmay\u0259nd\u0259l\u0259ri, dig\u0259r b\u00fct\u00fcn maraql\u0131 t\u0259r\u0259fl\u0259r r\u0259smi Parisin m\u00fcst\u0259ml\u0259k\u0259\u00e7ilik siyas\u0259tinin m\u00fcvafiq \u00f6lk\u0259l\u0259rd\u0259 f\u0259sadlar\u0131na dair faktlarla \u0130stanbuldan b\u00fct\u00fcn d\u00fcnyaya s\u0259sl\u0259n\u0259c\u0259kl\u0259r.<\/p>\n<p>Panell\u0259rd\u0259 Fransa h\u00f6kum\u0259ti t\u0259r\u0259find\u0259n yarad\u0131lan s\u00fcni h\u00fcquqi mane\u0259l\u0259r, o c\u00fcml\u0259d\u0259n, s\u0259rh\u0259d, t\u0259hl\u00fck\u0259sizlik v\u0259 m\u00fcdafi\u0259 m\u0259s\u0259l\u0259l\u0259ri, milli resurs v\u0259 m\u00fclkiyy\u0259t, beyn\u0259lxalq tan\u0131nma (insan h\u00fcquqlar\u0131 v\u0259 \u0259dal\u0259t), v\u0259t\u0259nda\u015fl\u0131q, milliyy\u0259t, qanunvericilik v\u0259 qaydalar, h\u0259m\u00e7inin iqtisadi islahatlar m\u00fczakir\u0259 edil\u0259c\u0259k.<\/p>\n<p>Ard\u0131nca a\u00e7\u0131q m\u00fczakir\u0259l\u0259r v\u0259 sual-cavab sessiyas\u0131 olacaq. Bundan sonra Bak\u0131 T\u0259\u015f\u0259bb\u00fcs Qrupunun icra\u00e7\u0131 direktoru Abbas Abbasov yekun nitql\u0259 \u00e7\u0131x\u0131\u015f ed\u0259c\u0259k.<\/p>\n<p>Fevral\u0131n 25-d\u0259 ke\u00e7iril\u0259c\u0259k panel etnik v\u0259 m\u0259d\u0259ni ayr\u0131-se\u00e7kiliy\u0259 h\u0259sr olunacaq. Paneld\u0259 siyasi qeyri-sabitlik v\u0259 m\u00fcnaqi\u015f\u0259l\u0259r, repressiya\/\u0259sass\u0131z h\u0259bsl\u0259r, siyasi tarix, sosial v\u0259 iqtisadi probleml\u0259r, m\u00fcst\u0259qil median\u0131n t\u0259qibi, t\u0259hl\u00fck\u0259sizlik probleml\u0259ri (insan, sa\u011flaml\u0131q, \u0259traf m\u00fchit, kiber t\u0259hl\u00fck\u0259sizlik), immiqrasiya v\u0259 emiqrasiya, \u0259cn\u0259bil\u0259r m\u00f6vzular\u0131na toxunulacaq.<\/p>\n<p>Xat\u0131rladaq ki, Fransa m\u00fcst\u0259ml\u0259k\u0259\u00e7iliyin\u0259 qar\u015f\u0131 Bak\u0131 T\u0259\u015f\u0259bb\u00fcs Qrupu iyulun 6-da Bak\u0131da Qo\u015fulmama H\u0259r\u0259kat\u0131n\u0131n \u018flaq\u0259l\u0259ndirm\u0259 Ofisinin Nazirl\u0259r Toplant\u0131s\u0131 \u00e7\u0259r\u00e7iv\u0259sind\u0259 yarad\u0131l\u0131b.<\/p>\n<p>Bak\u0131 T\u0259\u015f\u0259bb\u00fcs Qrupu Qo\u015fulmama H\u0259r\u0259kat\u0131n\u0131n m\u00fcst\u0259ml\u0259k\u0259\u00e7ilik v\u0259 yeni-m\u00fcst\u0259ml\u0259k\u0259\u00e7ilik t\u0259cr\u00fcb\u0259l\u0259rin\u0259 qar\u015f\u0131 m\u00fcbariz\u0259d\u0259 prinsipial m\u00f6vqeyinin \u0259sasl\u0131l\u0131\u011f\u0131n\u0131 v\u0259 aktuall\u0131\u011f\u0131n\u0131 t\u0259sdiql\u0259yib, Fransan\u0131n xaricd\u0259ki m\u00fcst\u0259ml\u0259k\u0259l\u0259rind\u0259 \u0259dal\u0259t v\u0259 azadl\u0131q u\u011frunda apard\u0131qlar\u0131 m\u00fcbariz\u0259d\u0259 \u00f6z h\u0259mr\u0259ylik \u015f\u0259b\u0259k\u0259l\u0259rini strukturla\u015fd\u0131rmaq bar\u0259d\u0259 raz\u0131l\u0131\u011fa g\u0259libl\u0259r.<\/p>\n<p>Bak\u0131 T\u0259\u015f\u0259bb\u00fcs Qrupu indiy\u0259d\u0259k d\u00fcnyada 6 bel\u0259 konfrans t\u0259\u015fkil edib.<\/p>\n<div><iframe loading=\"lazy\" src=\"https:\/\/baku.tv\/embed\/124034\" width=\"560\" height=\"315\" frameborder=\"0\" allowfullscreen=\"allowfullscreen\" data-mce-fragment=\"1\"><\/iframe><\/div>\n<div>\n<div class=\"gallery\">\n<div class=\"gallery-i\"><img src=\"https:\/\/cdn.oxu.az\/uploads\/W1siZiIsIjIwMjQvMDIvMjQvMTMvMDAvMTMvM2NjNjM0NTAtZmFiMS00MGUxLTk3NTMtODEwNDZjY2ZlM2U0L2NhYWE2ZmFlLWY1MTUtMzU3YS1iODRlLTg1NzZmNjNlZDhlYS5qcGciXSxbInAiLCJlbmNvZGUiLCJqcGciLCItcXVhbGl0eSA4MCJdLFsicCIsInRodW1iIiwiNTkweDU5MFx1MDAzZSJdXQ?sha=8bc03f9a37112f5a\" alt=\"\" \/><\/p>\n<div class=\"gallery-i-caption\"><\/div>\n<\/div>\n<div class=\"gallery-i\"><img src=\"https:\/\/cdn.oxu.az\/uploads\/W1siZiIsIjIwMjQvMDIvMjQvMTMvMDAvMTMvYmMxNjNlY2YtYzA1Yy00MGVmLTk4Y2UtODQ4YTlmYzRlNmFiLzkyMGRjNjE4LTI0ZTctM2E2MS05ZTU3LTIyM2I0NmJkYzg3MS5qcGciXSxbInAiLCJlbmNvZGUiLCJqcGciLCItcXVhbGl0eSA4MCJdLFsicCIsInRodW1iIiwiNTkweDU5MFx1MDAzZSJdXQ?sha=275367c3c04a00b3\" alt=\"\" \/><\/p>\n<div class=\"gallery-i-caption\"><\/div>\n<\/div>\n<div class=\"gallery-i\"><img src=\"https:\/\/cdn.oxu.az\/uploads\/W1siZiIsIjIwMjQvMDIvMjQvMTMvMDAvMTMvYWJkYzFiZWYtZDg4Mi00NmI0LWFhN2EtY2QxZGRlOTY5MjJkL2Q4YzUzMzFhLTgzZWQtMzNjZi05YjBhLTVlNWUxNDNiOWYzYV84NTAuanBnIl0sWyJwIiwiZW5jb2RlIiwianBnIiwiLXF1YWxpdHkgODAiXSxbInAiLCJ0aHVtYiIsIjU5MHg1OTBcdTAwM2UiXV0?sha=4b3be790f3ceb065\" alt=\"\" \/><\/div>\n<\/div>\n<\/div>\n","protected":false},"excerpt":{"rendered":"<p>Bak\u0131 T\u0259\u015f\u0259bb\u00fcs Qrupunun t\u0259\u015fkilat\u00e7\u0131l\u0131\u011f\u0131 il\u0259 fevral\u0131n 24-d\u0259 \u0130stanbulda \u201cDekolonizasiya: \u0130ntibah\u0131n oyan\u0131\u015f\u0131\u201d m\u00f6vzusunda beyn\u0259lxalq konfrans ba\u015flay\u0131b. &#8220;Report&#8221;un T\u00fcrkiy\u0259 b\u00fcrosunun m\u0259lumat\u0131na g\u00f6r\u0259, \u0259sas m\u0259qs\u0259d m\u00fcst\u0259ml\u0259k\u0259\u00e7ilikd\u0259n z\u0259r\u0259r g\u00f6r\u0259n b\u00f6lg\u0259l\u0259rin s\u0259sl\u0259rinin d\u00fcnya ictimaiyy\u0259tin\u0259 \u00e7atd\u0131r\u0131lmas\u0131d\u0131r. Beyn\u0259lxalq t\u0259dbird\u0259 d\u00fcnyan\u0131n 13 \u00f6lk\u0259si v\u0259 4 beyn\u0259lxalq t\u0259\u015fkilatdan 50-y\u0259 yax\u0131n n\u00fcmay\u0259nd\u0259 i\u015ftirak edir. Karib adalar\u0131, C\u0259nubi Amerika, Sakit okean v\u0259 Hind okean\u0131ndak\u0131 Fransan\u0131n m\u00fcst\u0259ml\u0259k\u0259l\u0259ri olan d\u0259niza\u015f\u0131r\u0131 b\u00f6lg\u0259l\u0259ri &#8211; Yeni Kaledoniya, Frans\u0131z Polineziyas\u0131, Frans\u0131z Qvianas\u0131, Martinika v\u0259 Qvadelupan\u0131n m\u00fcst\u0259qillik v\u0259 mill\u0259t\u00e7i h\u0259r\u0259katlar\u0131n\u0131n n\u00fcmay\u0259nd\u0259l\u0259ri, dig\u0259r b\u00fct\u00fcn maraql\u0131 t\u0259r\u0259fl\u0259r r\u0259smi Parisin m\u00fcst\u0259ml\u0259k\u0259\u00e7ilik siyas\u0259tinin m\u00fcvafiq \u00f6lk\u0259l\u0259rd\u0259 f\u0259sadlar\u0131na dair faktlarla \u0130stanbuldan b\u00fct\u00fcn d\u00fcnyaya s\u0259sl\u0259n\u0259c\u0259kl\u0259r.&hellip;<\/p>\n","protected":false},"author":2,"featured_media":694113,"comment_status":"closed","ping_status":"closed","sticky":false,"template":"","format":"standard","meta":{"om_disable_all_campaigns":false,"_monsterinsights_skip_tracking":false,"_monsterinsights_sitenote_active":false,"_monsterinsights_sitenote_note":"","_monsterinsights_sitenote_category":0},"categories":[4],"tags":[],"aioseo_notices":[],"gutentor_comment":0,"rttpg_featured_image_url":{"full":["https:\/\/arantv.az\/wp-content\/uploads\/2024\/02\/d8c5331a-83ed-33cf-9b0a-5e5e143b9f3a_850.jpg",620,413,false],"landscape":["https:\/\/arantv.az\/wp-content\/uploads\/2024\/02\/d8c5331a-83ed-33cf-9b0a-5e5e143b9f3a_850.jpg",620,413,false],"portraits":["https:\/\/arantv.az\/wp-content\/uploads\/2024\/02\/d8c5331a-83ed-33cf-9b0a-5e5e143b9f3a_850.jpg",620,413,false],"thumbnail":["https:\/\/arantv.az\/wp-content\/uploads\/2024\/02\/d8c5331a-83ed-33cf-9b0a-5e5e143b9f3a_850-500x280.jpg",500,280,true],"medium":["https:\/\/arantv.az\/wp-content\/uploads\/2024\/02\/d8c5331a-83ed-33cf-9b0a-5e5e143b9f3a_850-548x365.jpg",548,365,true],"large":["https:\/\/arantv.az\/wp-content\/uploads\/2024\/02\/d8c5331a-83ed-33cf-9b0a-5e5e143b9f3a_850.jpg",620,413,false],"1536x1536":["https:\/\/arantv.az\/wp-content\/uploads\/2024\/02\/d8c5331a-83ed-33cf-9b0a-5e5e143b9f3a_850.jpg",620,413,false],"2048x2048":["https:\/\/arantv.az\/wp-content\/uploads\/2024\/02\/d8c5331a-83ed-33cf-9b0a-5e5e143b9f3a_850.jpg",620,413,false],"post-thumbnail":["https:\/\/arantv.az\/wp-content\/uploads\/2024\/02\/d8c5331a-83ed-33cf-9b0a-5e5e143b9f3a_850-240x172.jpg",240,172,true],"advps-thumb-one":["https:\/\/arantv.az\/wp-content\/uploads\/2024\/02\/d8c5331a-83ed-33cf-9b0a-5e5e143b9f3a_850.jpg",620,413,false]},"rttpg_author":{"display_name":"V\u00fcsal Rafiqo\u011flu","author_link":"https:\/\/arantv.az\/?author=2"},"rttpg_comment":0,"rttpg_category":"<a href=\"https:\/\/arantv.az\/?cat=4\" rel=\"category\">Siyas\u0259t<\/a>","rttpg_excerpt":"Bak\u0131 T\u0259\u015f\u0259bb\u00fcs Qrupunun t\u0259\u015fkilat\u00e7\u0131l\u0131\u011f\u0131 il\u0259 fevral\u0131n 24-d\u0259 \u0130stanbulda \u201cDekolonizasiya: \u0130ntibah\u0131n oyan\u0131\u015f\u0131\u201d m\u00f6vzusunda beyn\u0259lxalq konfrans ba\u015flay\u0131b. &#8220;Report&#8221;un T\u00fcrkiy\u0259 b\u00fcrosunun m\u0259lumat\u0131na g\u00f6r\u0259, \u0259sas m\u0259qs\u0259d m\u00fcst\u0259ml\u0259k\u0259\u00e7ilikd\u0259n z\u0259r\u0259r g\u00f6r\u0259n b\u00f6lg\u0259l\u0259rin s\u0259sl\u0259rinin d\u00fcnya ictimaiyy\u0259tin\u0259 \u00e7atd\u0131r\u0131lmas\u0131d\u0131r. Beyn\u0259lxalq t\u0259dbird\u0259 d\u00fcnyan\u0131n 13 \u00f6lk\u0259si v\u0259 4 beyn\u0259lxalq t\u0259\u015fkilatdan 50-y\u0259 yax\u0131n n\u00fcmay\u0259nd\u0259 i\u015ftirak edir. Karib adalar\u0131, C\u0259nubi Amerika, Sakit okean v\u0259 Hind okean\u0131ndak\u0131 Fransan\u0131n m\u00fcst\u0259ml\u0259k\u0259l\u0259ri&hellip;","_links":{"self":[{"href":"https:\/\/arantv.az\/index.php?rest_route=\/wp\/v2\/posts\/694112"}],"collection":[{"href":"https:\/\/arantv.az\/index.php?rest_route=\/wp\/v2\/posts"}],"about":[{"href":"https:\/\/arantv.az\/index.php?rest_route=\/wp\/v2\/types\/post"}],"author":[{"embeddable":true,"href":"https:\/\/arantv.az\/index.php?rest_route=\/wp\/v2\/users\/2"}],"replies":[{"embeddable":true,"href":"https:\/\/arantv.az\/index.php?rest_route=%2Fwp%2Fv2%2Fcomments&post=694112"}],"version-history":[{"count":0,"href":"https:\/\/arantv.az\/index.php?rest_route=\/wp\/v2\/posts\/694112\/revisions"}],"wp:featuredmedia":[{"embeddable":true,"href":"https:\/\/arantv.az\/index.php?rest_route=\/wp\/v2\/media\/694113"}],"wp:attachment":[{"href":"https:\/\/arantv.az\/index.php?rest_route=%2Fwp%2Fv2%2Fmedia&parent=694112"}],"wp:term":[{"taxonomy":"category","embeddable":true,"href":"https:\/\/arantv.az\/index.php?rest_route=%2Fwp%2Fv2%2Fcategories&post=694112"},{"taxonomy":"post_tag","embeddable":true,"href":"https:\/\/arantv.az\/index.php?rest_route=%2Fwp%2Fv2%2Ftags&post=694112"}],"curies":[{"name":"wp","href":"https:\/\/api.w.org\/{rel}","templated":true}]}}