{"id":694121,"date":"2024-02-24T13:37:03","date_gmt":"2024-02-24T09:37:03","guid":{"rendered":"https:\/\/arantv.az\/?p=694121"},"modified":"2024-02-24T13:37:03","modified_gmt":"2024-02-24T09:37:03","slug":"dovl%c9%99t-bascisinin-cixisi-ot%c9%99n-20-ilin-hesabati-idi-s%c9%99rh-foto","status":"publish","type":"post","link":"https:\/\/arantv.az\/?p=694121","title":{"rendered":"\u201cD\u00f6vl\u0259t ba\u015f\u00e7\u0131s\u0131n\u0131n \u00e7\u0131x\u0131\u015f\u0131 \u00f6t\u0259n 20 ilin hesabat\u0131 idi\u201d &#8211; \u015e\u018fRH + FOTO"},"content":{"rendered":"<p>\u201cD\u00f6vl\u0259t ba\u015f\u00e7\u0131s\u0131n\u0131n andi\u00e7m\u0259 m\u0259rasimind\u0259ki bu \u00e7\u0131x\u0131\u015f\u0131 h\u0259m \u00f6t\u0259n 20 ilin hesabat\u0131, h\u0259m d\u0259 qar\u015f\u0131dak\u0131 ill\u0259r \u00fc\u00e7\u00fcn bir proqram idi\u201d.<\/p>\n<p>Bunu\u00a0<strong>Oxu.Az<\/strong>-a a\u00e7\u0131qlamas\u0131nda Prezident\u00a0<strong>\u0130lham \u018fliyevin<\/strong>\u00a0andi\u00e7m\u0259 m\u0259rasimind\u0259 s\u0259sl\u0259ndirdiyi fikirl\u0259ri \u015f\u0259rh ed\u0259n Milli M\u0259clisin deputat\u0131\u00a0<strong>Jal\u0259 \u018fhm\u0259dova<\/strong>\u00a0deyib.<\/p>\n<p><img src=\"https:\/\/cdn.oxu.az\/uploads\/W1siZiIsIjIwMjQvMDIvMjMvMTUvNTEvMDgvMDhiMDU5OWQtZTgxOC00ZmU2LWFkNjEtZTk2MGJhODdmNzU5L3VoaGouanBnIl0sWyJwIiwiZW5jb2RlIiwianBnIiwiLXF1YWxpdHkgODAiXSxbInAiLCJ0aHVtYiIsIjU5MHg1OTBcdTAwM2UiXV0?sha=12548b16d32fa91c\" alt=\"\" \/><\/p>\n<p>O\u00a0bildirib ki, andi\u00e7m\u0259 m\u0259rasimind\u0259 etdiyi \u00e7\u0131x\u0131\u015fda Prezident \u0130lham \u018fliyev \u00f6lk\u0259mizin qar\u015f\u0131dak\u0131 siyas\u0259tinin \u0259sas istiqam\u0259tl\u0259rini m\u00fc\u0259yy\u0259n etdi v\u0259 \u00f6lk\u0259mizin g\u0259l\u0259c\u0259yi \u00fc\u00e7\u00fcn vacib olan m\u0259s\u0259l\u0259l\u0259ri diqq\u0259t\u0259 \u00e7atd\u0131rd\u0131:<\/p>\n<p>\u201cFevral\u0131n 7-d\u0259 \u00f6lk\u0259mizd\u0259 ke\u00e7irilmi\u015f n\u00f6vb\u0259d\u0259nk\u0259nar prezident se\u00e7kisind\u0259 n\u00f6vb\u0259ti d\u0259f\u0259 q\u0259l\u0259b\u0259 qazanaraq Az\u0259rbaycan Respublikas\u0131n\u0131n Prezidenti se\u00e7il\u0259n c\u0259nab \u0130lham \u018fliyev fevral\u0131n 14-d\u0259 Milli M\u0259clisd\u0259 \u0259lini Konstitusiyam\u0131z\u0131n v\u0259 Qurani-\u015e\u0259rifin \u00fcz\u0259rin\u0259 qoyaraq and i\u00e7di. D\u00f6vl\u0259t ba\u015f\u00e7\u0131m\u0131z bununla n\u00f6vb\u0259ti tarixi v\u0259 taley\u00fckl\u00fc missiyan\u0131n icras\u0131n\u0131 \u00f6z \u00fcz\u0259rin\u0259 g\u00f6t\u00fcrd\u00fc. D\u00f6vl\u0259t ba\u015f\u00e7\u0131s\u0131n\u0131n bu \u00e7\u0131x\u0131\u015f\u0131 h\u0259m \u00f6t\u0259n 20 ilin hesabat\u0131, h\u0259m d\u0259 qar\u015f\u0131dak\u0131 ill\u0259r \u00fc\u00e7\u00fcn bir proqram idi.<\/p>\n<p>D\u00f6vl\u0259t ba\u015f\u00e7\u0131m\u0131z \u00e7\u0131x\u0131\u015f\u0131nda onu da b\u0259yan etdi ki, yeni d\u00f6vr ba\u015flay\u0131r. Biz bu d\u00f6vr\u0259 aln\u0131m\u0131z a\u00e7\u0131q, \u00fcz\u00fcm\u00fcz a\u011f, ba\u015f\u0131m\u0131z dik daxil oluruq. Bu d\u00f6vr\u00fcn b\u00f6y\u00fck nailiyy\u0259tl\u0259ri olacaq. \u00c7\u00fcnki son ill\u0259rin tarixi onu g\u00f6st\u0259rir ki, qar\u015f\u0131ya qoydu\u011fumuz b\u00fct\u00fcn v\u0259zif\u0259l\u0259r icra edildi\u201d.<\/p>\n<p>J.\u018fhm\u0259dova qeyd edib ki, c\u0259nab Prezident \u00e7\u0131x\u0131\u015f\u0131nda onu da b\u0259yan etdi ki, bizim ail\u0259miz T\u00fcrk d\u00fcnyas\u0131d\u0131r v\u0259 T\u00fcrk D\u00f6vl\u0259tl\u0259ri T\u0259\u015fkilat\u0131 \u00e7\u0259r\u00e7iv\u0259sind\u0259 s\u0259yl\u0259rimizi davam etdir\u0259c\u0259yik:<\/p>\n<p>\u201cBu, bizim \u00fc\u00e7\u00fcn prioritetdir. \u0130ndi apar\u0131lan siyas\u0259t d\u0259 h\u0259r k\u0259s\u0259 bunu ayd\u0131n g\u00f6st\u0259rir. Bu, bizim \u00fc\u00e7\u00fcn \u0259sas beyn\u0259lxalq t\u0259\u015fkilatd\u0131r, ail\u0259mizdir. Bizim ba\u015fqa ail\u0259miz yoxdur.<\/p>\n<p>D\u00f6vl\u0259t ba\u015f\u00e7\u0131s\u0131\u00a0Az\u0259rbaycan-Erm\u0259nistan m\u00fcnasib\u0259tl\u0259rin\u0259 d\u0259 toxundu v\u0259 b\u0259yan etdi ki, bu g\u00fcn, bu m\u00fcnasib\u0259tl\u0259rin \u0259h\u0259miyy\u0259ti s\u00fcni \u015f\u0259kild\u0259 \u015fi\u015firdilir. Erm\u0259nistan\u0131n havadarlar\u0131 daim bu m\u0259s\u0259l\u0259ni m\u00fczakir\u0259 etm\u0259k ist\u0259yirl\u0259r, vasit\u0259\u00e7i olmaq ist\u0259yirl\u0259r. Biz\u0259 bu m\u0259s\u0259l\u0259d\u0259 vasit\u0259\u00e7i laz\u0131m deyil. \u0130ndi Erm\u0259nistan beyn\u0259lxalq h\u00fcququn normalar\u0131na riay\u0259t etm\u0259k ist\u0259yirs\u0259, bu m\u00fcqavil\u0259 imzalanacaq. \u0130st\u0259mirs\u0259, yen\u0259 d\u0259 biz\u0259 qar\u015f\u0131 \u0259sass\u0131z iddialar ir\u0259li s\u00fcr\u00fcl\u0259c\u0259ks\u0259, bu m\u00fcqavil\u0259 imzalanmayacaq, ancaq Az\u0259rbaycan \u00fc\u00e7\u00fcn he\u00e7 n\u0259 d\u0259yi\u015fm\u0259y\u0259c\u0259k\u201d.<\/p>\n","protected":false},"excerpt":{"rendered":"<p>\u201cD\u00f6vl\u0259t ba\u015f\u00e7\u0131s\u0131n\u0131n andi\u00e7m\u0259 m\u0259rasimind\u0259ki bu \u00e7\u0131x\u0131\u015f\u0131 h\u0259m \u00f6t\u0259n 20 ilin hesabat\u0131, h\u0259m d\u0259 qar\u015f\u0131dak\u0131 ill\u0259r \u00fc\u00e7\u00fcn bir proqram idi\u201d. Bunu\u00a0Oxu.Az-a a\u00e7\u0131qlamas\u0131nda Prezident\u00a0\u0130lham \u018fliyevin\u00a0andi\u00e7m\u0259 m\u0259rasimind\u0259 s\u0259sl\u0259ndirdiyi fikirl\u0259ri \u015f\u0259rh ed\u0259n Milli M\u0259clisin deputat\u0131\u00a0Jal\u0259 \u018fhm\u0259dova\u00a0deyib. O\u00a0bildirib ki, andi\u00e7m\u0259 m\u0259rasimind\u0259 etdiyi \u00e7\u0131x\u0131\u015fda Prezident \u0130lham \u018fliyev \u00f6lk\u0259mizin qar\u015f\u0131dak\u0131 siyas\u0259tinin \u0259sas istiqam\u0259tl\u0259rini m\u00fc\u0259yy\u0259n etdi v\u0259 \u00f6lk\u0259mizin g\u0259l\u0259c\u0259yi \u00fc\u00e7\u00fcn vacib olan m\u0259s\u0259l\u0259l\u0259ri diqq\u0259t\u0259 \u00e7atd\u0131rd\u0131: \u201cFevral\u0131n 7-d\u0259 \u00f6lk\u0259mizd\u0259 ke\u00e7irilmi\u015f n\u00f6vb\u0259d\u0259nk\u0259nar prezident se\u00e7kisind\u0259 n\u00f6vb\u0259ti d\u0259f\u0259 q\u0259l\u0259b\u0259 qazanaraq Az\u0259rbaycan Respublikas\u0131n\u0131n Prezidenti se\u00e7il\u0259n c\u0259nab \u0130lham \u018fliyev fevral\u0131n 14-d\u0259 Milli M\u0259clisd\u0259 \u0259lini Konstitusiyam\u0131z\u0131n v\u0259 Qurani-\u015e\u0259rifin \u00fcz\u0259rin\u0259 qoyaraq and i\u00e7di. D\u00f6vl\u0259t ba\u015f\u00e7\u0131m\u0131z bununla&hellip;<\/p>\n","protected":false},"author":2,"featured_media":694122,"comment_status":"closed","ping_status":"closed","sticky":false,"template":"","format":"standard","meta":{"om_disable_all_campaigns":false,"_monsterinsights_skip_tracking":false,"_monsterinsights_sitenote_active":false,"_monsterinsights_sitenote_note":"","_monsterinsights_sitenote_category":0},"categories":[4],"tags":[],"aioseo_notices":[],"gutentor_comment":0,"rttpg_featured_image_url":{"full":["https:\/\/arantv.az\/wp-content\/uploads\/2024\/02\/uhhaaaaa.jpg",620,413,false],"landscape":["https:\/\/arantv.az\/wp-content\/uploads\/2024\/02\/uhhaaaaa.jpg",620,413,false],"portraits":["https:\/\/arantv.az\/wp-content\/uploads\/2024\/02\/uhhaaaaa.jpg",620,413,false],"thumbnail":["https:\/\/arantv.az\/wp-content\/uploads\/2024\/02\/uhhaaaaa-500x280.jpg",500,280,true],"medium":["https:\/\/arantv.az\/wp-content\/uploads\/2024\/02\/uhhaaaaa-548x365.jpg",548,365,true],"large":["https:\/\/arantv.az\/wp-content\/uploads\/2024\/02\/uhhaaaaa.jpg",620,413,false],"1536x1536":["https:\/\/arantv.az\/wp-content\/uploads\/2024\/02\/uhhaaaaa.jpg",620,413,false],"2048x2048":["https:\/\/arantv.az\/wp-content\/uploads\/2024\/02\/uhhaaaaa.jpg",620,413,false],"post-thumbnail":["https:\/\/arantv.az\/wp-content\/uploads\/2024\/02\/uhhaaaaa-240x172.jpg",240,172,true],"advps-thumb-one":["https:\/\/arantv.az\/wp-content\/uploads\/2024\/02\/uhhaaaaa.jpg",620,413,false]},"rttpg_author":{"display_name":"V\u00fcsal Rafiqo\u011flu","author_link":"https:\/\/arantv.az\/?author=2"},"rttpg_comment":0,"rttpg_category":"<a href=\"https:\/\/arantv.az\/?cat=4\" rel=\"category\">Siyas\u0259t<\/a>","rttpg_excerpt":"\u201cD\u00f6vl\u0259t ba\u015f\u00e7\u0131s\u0131n\u0131n andi\u00e7m\u0259 m\u0259rasimind\u0259ki bu \u00e7\u0131x\u0131\u015f\u0131 h\u0259m \u00f6t\u0259n 20 ilin hesabat\u0131, h\u0259m d\u0259 qar\u015f\u0131dak\u0131 ill\u0259r \u00fc\u00e7\u00fcn bir proqram idi\u201d. Bunu\u00a0Oxu.Az-a a\u00e7\u0131qlamas\u0131nda Prezident\u00a0\u0130lham \u018fliyevin\u00a0andi\u00e7m\u0259 m\u0259rasimind\u0259 s\u0259sl\u0259ndirdiyi fikirl\u0259ri \u015f\u0259rh ed\u0259n Milli M\u0259clisin deputat\u0131\u00a0Jal\u0259 \u018fhm\u0259dova\u00a0deyib. O\u00a0bildirib ki, andi\u00e7m\u0259 m\u0259rasimind\u0259 etdiyi \u00e7\u0131x\u0131\u015fda Prezident \u0130lham \u018fliyev \u00f6lk\u0259mizin qar\u015f\u0131dak\u0131 siyas\u0259tinin \u0259sas istiqam\u0259tl\u0259rini m\u00fc\u0259yy\u0259n etdi v\u0259 \u00f6lk\u0259mizin g\u0259l\u0259c\u0259yi \u00fc\u00e7\u00fcn vacib olan m\u0259s\u0259l\u0259l\u0259ri&hellip;","_links":{"self":[{"href":"https:\/\/arantv.az\/index.php?rest_route=\/wp\/v2\/posts\/694121"}],"collection":[{"href":"https:\/\/arantv.az\/index.php?rest_route=\/wp\/v2\/posts"}],"about":[{"href":"https:\/\/arantv.az\/index.php?rest_route=\/wp\/v2\/types\/post"}],"author":[{"embeddable":true,"href":"https:\/\/arantv.az\/index.php?rest_route=\/wp\/v2\/users\/2"}],"replies":[{"embeddable":true,"href":"https:\/\/arantv.az\/index.php?rest_route=%2Fwp%2Fv2%2Fcomments&post=694121"}],"version-history":[{"count":0,"href":"https:\/\/arantv.az\/index.php?rest_route=\/wp\/v2\/posts\/694121\/revisions"}],"wp:featuredmedia":[{"embeddable":true,"href":"https:\/\/arantv.az\/index.php?rest_route=\/wp\/v2\/media\/694122"}],"wp:attachment":[{"href":"https:\/\/arantv.az\/index.php?rest_route=%2Fwp%2Fv2%2Fmedia&parent=694121"}],"wp:term":[{"taxonomy":"category","embeddable":true,"href":"https:\/\/arantv.az\/index.php?rest_route=%2Fwp%2Fv2%2Fcategories&post=694121"},{"taxonomy":"post_tag","embeddable":true,"href":"https:\/\/arantv.az\/index.php?rest_route=%2Fwp%2Fv2%2Ftags&post=694121"}],"curies":[{"name":"wp","href":"https:\/\/api.w.org\/{rel}","templated":true}]}}