{"id":694124,"date":"2024-02-24T13:37:35","date_gmt":"2024-02-24T09:37:35","guid":{"rendered":"https:\/\/arantv.az\/?p=694124"},"modified":"2024-02-24T13:37:35","modified_gmt":"2024-02-24T09:37:35","slug":"dovl%c9%99t-komissiyasi-azad-olunan-%c9%99razil%c9%99rd%c9%99-indiy%c9%99d%c9%99k-13-kutl%c9%99vi-m%c9%99zarliq-askarlanib","status":"publish","type":"post","link":"https:\/\/arantv.az\/?p=694124","title":{"rendered":"D\u00f6vl\u0259t Komissiyas\u0131: \u201cAzad olunan \u0259razil\u0259rd\u0259 indiy\u0259d\u0259k 13 k\u00fctl\u0259vi m\u0259zarl\u0131q a\u015fkarlan\u0131b\u201d"},"content":{"rendered":"<p>\u201c\u0130\u015f\u011faldan azad olunmu\u015f \u0259razil\u0259rd\u0259 indiy\u0259d\u0259k 13 k\u00fctl\u0259vi m\u0259zarl\u0131q a\u015fkarlan\u0131b\u201d.<\/p>\n<p>\u201cReport\u201d\u00a0x\u0259b\u0259r verir ki, bunu \u018fsir v\u0259 itkin d\u00fc\u015fm\u00fc\u015f v\u0259t\u0259nda\u015flarla \u0259laq\u0259dar D\u00f6vl\u0259t Komissiyas\u0131 i\u015f\u00e7i qrupu r\u0259hb\u0259rinin m\u00fcavini Eldar S\u0259m\u0259dov Xocal\u0131 itkil\u0259rinin nam\u0259lum taleyind\u0259n b\u0259hs ed\u0259n \u201c13\u201d adl\u0131 b\u0259dii-s\u0259n\u0259dli filmin t\u0259qdimat\u0131nda deyib.<\/p>\n<p>O bildirib ki, torpaqlar\u0131m\u0131z i\u015f\u011faldan azad olunandan sonra D\u00f6vl\u0259t Komissiyas\u0131na itkinl\u0259rl\u0259 ba\u011fl\u0131 yeni m\u00fcraci\u0259tl\u0259r daxil olur: \u201cBel\u0259 m\u00fcraci\u0259tl\u0259rd\u0259n sonra Xocal\u0131 soyq\u0131r\u0131m\u0131 zaman\u0131 itkin d\u00fc\u015f\u0259nl\u0259rin say\u0131 200-\u00fc ke\u00e7ib. \u0130\u015f\u011faldan azad olunmu\u015f \u0259razil\u0259rd\u0259 fevral\u0131n 23-d\u0259 13-c\u00fc k\u00fctl\u0259vi m\u0259zarl\u0131q a\u015fkarlan\u0131b. Sonuncu itkini a\u015fkar ed\u0259n\u0259 q\u0259d\u0259r \u00e7al\u0131\u015faca\u011f\u0131q. B\u00fct\u00fcn itkinl\u0259rimizin taleyi ayd\u0131nla\u015facaq\u201d.<\/p>\n<p>E.S\u0259m\u0259dov s\u00f6yl\u0259yib ki, itkin d\u00fc\u015f\u0259nl\u0259rin ail\u0259l\u0259rin\u0259 v\u0259 ictimaiyy\u0259t\u0259 itkinl\u0259rin taleyi bar\u0259d\u0259 yax\u0131n g\u00fcnl\u0259rd\u0259 yenid\u0259n m\u0259lumat veril\u0259c\u0259k.<\/p>\n<p>Qeyd ed\u0259k ki, fevral\u0131n 23-d\u0259 Xocal\u0131 rayonunda k\u00fctl\u0259vi m\u0259zarl\u0131q a\u015fkarlan\u0131b. A\u015fkarlanm\u0131\u015f insan qal\u0131qlar\u0131n\u0131n \u0259n az\u0131 4 n\u0259f\u0259r (onlardan 1 n\u0259f\u0259rin azya\u015fl\u0131, y\u0259ni 4-5 ya\u015fl\u0131 \u015f\u0259xs\u0259 m\u0259xsus olmas\u0131 ehtimal edilir) \u015f\u0259xs\u0259 m\u0259xsus olmas\u0131, onlar\u0131n i\u015fg\u0259nc\u0259l\u0259r\u0259 m\u0259ruz qalmas\u0131, \u0259ll\u0259rinin k\u0259ndirl\u0259 ba\u011flanmas\u0131 v\u0259 x\u00fcsusiyy\u0259tl\u0259rin\u0259 g\u00f6r\u0259 \u0259n az\u0131 25 il \u0259vv\u0259l basd\u0131r\u0131lmas\u0131 m\u00fc\u0259yy\u0259n olunub.<\/p>\n","protected":false},"excerpt":{"rendered":"<p>\u201c\u0130\u015f\u011faldan azad olunmu\u015f \u0259razil\u0259rd\u0259 indiy\u0259d\u0259k 13 k\u00fctl\u0259vi m\u0259zarl\u0131q a\u015fkarlan\u0131b\u201d. \u201cReport\u201d\u00a0x\u0259b\u0259r verir ki, bunu \u018fsir v\u0259 itkin d\u00fc\u015fm\u00fc\u015f v\u0259t\u0259nda\u015flarla \u0259laq\u0259dar D\u00f6vl\u0259t Komissiyas\u0131 i\u015f\u00e7i qrupu r\u0259hb\u0259rinin m\u00fcavini Eldar S\u0259m\u0259dov Xocal\u0131 itkil\u0259rinin nam\u0259lum taleyind\u0259n b\u0259hs ed\u0259n \u201c13\u201d adl\u0131 b\u0259dii-s\u0259n\u0259dli filmin t\u0259qdimat\u0131nda deyib. O bildirib ki, torpaqlar\u0131m\u0131z i\u015f\u011faldan azad olunandan sonra D\u00f6vl\u0259t Komissiyas\u0131na itkinl\u0259rl\u0259 ba\u011fl\u0131 yeni m\u00fcraci\u0259tl\u0259r daxil olur: \u201cBel\u0259 m\u00fcraci\u0259tl\u0259rd\u0259n sonra Xocal\u0131 soyq\u0131r\u0131m\u0131 zaman\u0131 itkin d\u00fc\u015f\u0259nl\u0259rin say\u0131 200-\u00fc ke\u00e7ib. \u0130\u015f\u011faldan azad olunmu\u015f \u0259razil\u0259rd\u0259 fevral\u0131n 23-d\u0259 13-c\u00fc k\u00fctl\u0259vi m\u0259zarl\u0131q a\u015fkarlan\u0131b. Sonuncu itkini a\u015fkar ed\u0259n\u0259 q\u0259d\u0259r \u00e7al\u0131\u015faca\u011f\u0131q. B\u00fct\u00fcn itkinl\u0259rimizin taleyi ayd\u0131nla\u015facaq\u201d. E.S\u0259m\u0259dov s\u00f6yl\u0259yib ki, itkin&hellip;<\/p>\n","protected":false},"author":2,"featured_media":694125,"comment_status":"closed","ping_status":"closed","sticky":false,"template":"","format":"standard","meta":{"om_disable_all_campaigns":false,"_monsterinsights_skip_tracking":false,"_monsterinsights_sitenote_active":false,"_monsterinsights_sitenote_note":"","_monsterinsights_sitenote_category":0},"categories":[1],"tags":[],"aioseo_notices":[],"gutentor_comment":0,"rttpg_featured_image_url":{"full":["https:\/\/arantv.az\/wp-content\/uploads\/2024\/02\/lppppssss.jpg",620,413,false],"landscape":["https:\/\/arantv.az\/wp-content\/uploads\/2024\/02\/lppppssss.jpg",620,413,false],"portraits":["https:\/\/arantv.az\/wp-content\/uploads\/2024\/02\/lppppssss.jpg",620,413,false],"thumbnail":["https:\/\/arantv.az\/wp-content\/uploads\/2024\/02\/lppppssss-500x280.jpg",500,280,true],"medium":["https:\/\/arantv.az\/wp-content\/uploads\/2024\/02\/lppppssss-548x365.jpg",548,365,true],"large":["https:\/\/arantv.az\/wp-content\/uploads\/2024\/02\/lppppssss.jpg",620,413,false],"1536x1536":["https:\/\/arantv.az\/wp-content\/uploads\/2024\/02\/lppppssss.jpg",620,413,false],"2048x2048":["https:\/\/arantv.az\/wp-content\/uploads\/2024\/02\/lppppssss.jpg",620,413,false],"post-thumbnail":["https:\/\/arantv.az\/wp-content\/uploads\/2024\/02\/lppppssss-240x172.jpg",240,172,true],"advps-thumb-one":["https:\/\/arantv.az\/wp-content\/uploads\/2024\/02\/lppppssss.jpg",620,413,false]},"rttpg_author":{"display_name":"V\u00fcsal Rafiqo\u011flu","author_link":"https:\/\/arantv.az\/?author=2"},"rttpg_comment":0,"rttpg_category":"<a href=\"https:\/\/arantv.az\/?cat=1\" rel=\"category\">C\u0259miyy\u0259t<\/a>","rttpg_excerpt":"\u201c\u0130\u015f\u011faldan azad olunmu\u015f \u0259razil\u0259rd\u0259 indiy\u0259d\u0259k 13 k\u00fctl\u0259vi m\u0259zarl\u0131q a\u015fkarlan\u0131b\u201d. \u201cReport\u201d\u00a0x\u0259b\u0259r verir ki, bunu \u018fsir v\u0259 itkin d\u00fc\u015fm\u00fc\u015f v\u0259t\u0259nda\u015flarla \u0259laq\u0259dar D\u00f6vl\u0259t Komissiyas\u0131 i\u015f\u00e7i qrupu r\u0259hb\u0259rinin m\u00fcavini Eldar S\u0259m\u0259dov Xocal\u0131 itkil\u0259rinin nam\u0259lum taleyind\u0259n b\u0259hs ed\u0259n \u201c13\u201d adl\u0131 b\u0259dii-s\u0259n\u0259dli filmin t\u0259qdimat\u0131nda deyib. O bildirib ki, torpaqlar\u0131m\u0131z i\u015f\u011faldan azad olunandan sonra D\u00f6vl\u0259t Komissiyas\u0131na itkinl\u0259rl\u0259 ba\u011fl\u0131 yeni m\u00fcraci\u0259tl\u0259r daxil olur:&hellip;","_links":{"self":[{"href":"https:\/\/arantv.az\/index.php?rest_route=\/wp\/v2\/posts\/694124"}],"collection":[{"href":"https:\/\/arantv.az\/index.php?rest_route=\/wp\/v2\/posts"}],"about":[{"href":"https:\/\/arantv.az\/index.php?rest_route=\/wp\/v2\/types\/post"}],"author":[{"embeddable":true,"href":"https:\/\/arantv.az\/index.php?rest_route=\/wp\/v2\/users\/2"}],"replies":[{"embeddable":true,"href":"https:\/\/arantv.az\/index.php?rest_route=%2Fwp%2Fv2%2Fcomments&post=694124"}],"version-history":[{"count":0,"href":"https:\/\/arantv.az\/index.php?rest_route=\/wp\/v2\/posts\/694124\/revisions"}],"wp:featuredmedia":[{"embeddable":true,"href":"https:\/\/arantv.az\/index.php?rest_route=\/wp\/v2\/media\/694125"}],"wp:attachment":[{"href":"https:\/\/arantv.az\/index.php?rest_route=%2Fwp%2Fv2%2Fmedia&parent=694124"}],"wp:term":[{"taxonomy":"category","embeddable":true,"href":"https:\/\/arantv.az\/index.php?rest_route=%2Fwp%2Fv2%2Fcategories&post=694124"},{"taxonomy":"post_tag","embeddable":true,"href":"https:\/\/arantv.az\/index.php?rest_route=%2Fwp%2Fv2%2Ftags&post=694124"}],"curies":[{"name":"wp","href":"https:\/\/api.w.org\/{rel}","templated":true}]}}