{"id":694133,"date":"2024-02-24T13:39:15","date_gmt":"2024-02-24T09:39:15","guid":{"rendered":"https:\/\/arantv.az\/?p=694133"},"modified":"2024-02-24T13:39:15","modified_gmt":"2024-02-24T09:39:15","slug":"qusarda-v%c9%99zif%c9%99li-s%c9%99xs-isd%c9%99n-cixarildi","status":"publish","type":"post","link":"https:\/\/arantv.az\/?p=694133","title":{"rendered":"Qusarda v\u0259zif\u0259li \u015f\u0259xs i\u015fd\u0259n \u00e7\u0131xar\u0131ld\u0131"},"content":{"rendered":"<p>T\u018fB\u0130B-in \u201cQusar Rayon M\u0259rk\u0259zi X\u0259st\u0259xanas\u0131\u201d publik h\u00fcquqi \u015f\u0259xsin ba\u015f direktoru v\u0259zif\u0259sind\u0259n azad edilib.<\/p>\n<p>T\u018fB\u0130B s\u0259dri V\u00fcqar Qurbanov 2023-c\u00fc il noyabr ay\u0131n\u0131n 23-d\u0259 Qusar x\u0259st\u0259xanas\u0131na direktor t\u0259yin etdiyi P\u0259rviz M\u0259hsimovla ba\u011flanan m\u00fcqavil\u0259y\u0259 3 ay\u0131n tamam\u0131nda &#8211; fevral\u0131n 23-d\u0259 xitam verib.<\/p>\n<p>Bizim.Media-n\u0131n \u0259ld\u0259 etdiyi m\u0259lumata g\u00f6r\u0259, yeni ba\u015f direktor s\u0131naq m\u00fcdd\u0259tind\u0259 \u00f6z\u00fcn\u00fc do\u011frulda bilm\u0259yib.<\/p>\n<p>Qusar Rayon M\u0259rk\u0259zi X\u0259st\u0259xanas\u0131n\u0131n ictimaiyy\u0259tl\u0259 \u0259laq\u0259l\u0259r \u015f\u00f6b\u0259sind\u0259n fakt t\u0259sdiql\u0259nib.<\/p>\n<p>Bildirilib ki, T\u018fB\u0130B-d\u0259n P\u0259rviz M\u0259hsimovun m\u00fcqavil\u0259sin\u0259 xitam verilm\u0259si bar\u0259d\u0259 m\u0259ktub daxil olub.<\/p>\n","protected":false},"excerpt":{"rendered":"<p>T\u018fB\u0130B-in \u201cQusar Rayon M\u0259rk\u0259zi X\u0259st\u0259xanas\u0131\u201d publik h\u00fcquqi \u015f\u0259xsin ba\u015f direktoru v\u0259zif\u0259sind\u0259n azad edilib. T\u018fB\u0130B s\u0259dri V\u00fcqar Qurbanov 2023-c\u00fc il noyabr ay\u0131n\u0131n 23-d\u0259 Qusar x\u0259st\u0259xanas\u0131na direktor t\u0259yin etdiyi P\u0259rviz M\u0259hsimovla ba\u011flanan m\u00fcqavil\u0259y\u0259 3 ay\u0131n tamam\u0131nda &#8211; fevral\u0131n 23-d\u0259 xitam verib. Bizim.Media-n\u0131n \u0259ld\u0259 etdiyi m\u0259lumata g\u00f6r\u0259, yeni ba\u015f direktor s\u0131naq m\u00fcdd\u0259tind\u0259 \u00f6z\u00fcn\u00fc do\u011frulda bilm\u0259yib. Qusar Rayon M\u0259rk\u0259zi X\u0259st\u0259xanas\u0131n\u0131n ictimaiyy\u0259tl\u0259 \u0259laq\u0259l\u0259r \u015f\u00f6b\u0259sind\u0259n fakt t\u0259sdiql\u0259nib. Bildirilib ki, T\u018fB\u0130B-d\u0259n P\u0259rviz M\u0259hsimovun m\u00fcqavil\u0259sin\u0259 xitam verilm\u0259si bar\u0259d\u0259 m\u0259ktub daxil olub.<\/p>\n","protected":false},"author":2,"featured_media":694134,"comment_status":"closed","ping_status":"closed","sticky":false,"template":"","format":"standard","meta":{"om_disable_all_campaigns":false,"_monsterinsights_skip_tracking":false,"_monsterinsights_sitenote_active":false,"_monsterinsights_sitenote_note":"","_monsterinsights_sitenote_category":0},"categories":[1],"tags":[],"aioseo_notices":[],"gutentor_comment":0,"rttpg_featured_image_url":{"full":["https:\/\/arantv.az\/wp-content\/uploads\/2024\/02\/tebbbbbbbbb.jpg",620,413,false],"landscape":["https:\/\/arantv.az\/wp-content\/uploads\/2024\/02\/tebbbbbbbbb.jpg",620,413,false],"portraits":["https:\/\/arantv.az\/wp-content\/uploads\/2024\/02\/tebbbbbbbbb.jpg",620,413,false],"thumbnail":["https:\/\/arantv.az\/wp-content\/uploads\/2024\/02\/tebbbbbbbbb-500x280.jpg",500,280,true],"medium":["https:\/\/arantv.az\/wp-content\/uploads\/2024\/02\/tebbbbbbbbb-548x365.jpg",548,365,true],"large":["https:\/\/arantv.az\/wp-content\/uploads\/2024\/02\/tebbbbbbbbb.jpg",620,413,false],"1536x1536":["https:\/\/arantv.az\/wp-content\/uploads\/2024\/02\/tebbbbbbbbb.jpg",620,413,false],"2048x2048":["https:\/\/arantv.az\/wp-content\/uploads\/2024\/02\/tebbbbbbbbb.jpg",620,413,false],"post-thumbnail":["https:\/\/arantv.az\/wp-content\/uploads\/2024\/02\/tebbbbbbbbb-240x172.jpg",240,172,true],"advps-thumb-one":["https:\/\/arantv.az\/wp-content\/uploads\/2024\/02\/tebbbbbbbbb.jpg",620,413,false]},"rttpg_author":{"display_name":"V\u00fcsal Rafiqo\u011flu","author_link":"https:\/\/arantv.az\/?author=2"},"rttpg_comment":0,"rttpg_category":"<a href=\"https:\/\/arantv.az\/?cat=1\" rel=\"category\">C\u0259miyy\u0259t<\/a>","rttpg_excerpt":"T\u018fB\u0130B-in \u201cQusar Rayon M\u0259rk\u0259zi X\u0259st\u0259xanas\u0131\u201d publik h\u00fcquqi \u015f\u0259xsin ba\u015f direktoru v\u0259zif\u0259sind\u0259n azad edilib. T\u018fB\u0130B s\u0259dri V\u00fcqar Qurbanov 2023-c\u00fc il noyabr ay\u0131n\u0131n 23-d\u0259 Qusar x\u0259st\u0259xanas\u0131na direktor t\u0259yin etdiyi P\u0259rviz M\u0259hsimovla ba\u011flanan m\u00fcqavil\u0259y\u0259 3 ay\u0131n tamam\u0131nda &#8211; fevral\u0131n 23-d\u0259 xitam verib. Bizim.Media-n\u0131n \u0259ld\u0259 etdiyi m\u0259lumata g\u00f6r\u0259, yeni ba\u015f direktor s\u0131naq m\u00fcdd\u0259tind\u0259 \u00f6z\u00fcn\u00fc do\u011frulda bilm\u0259yib. Qusar Rayon M\u0259rk\u0259zi&hellip;","_links":{"self":[{"href":"https:\/\/arantv.az\/index.php?rest_route=\/wp\/v2\/posts\/694133"}],"collection":[{"href":"https:\/\/arantv.az\/index.php?rest_route=\/wp\/v2\/posts"}],"about":[{"href":"https:\/\/arantv.az\/index.php?rest_route=\/wp\/v2\/types\/post"}],"author":[{"embeddable":true,"href":"https:\/\/arantv.az\/index.php?rest_route=\/wp\/v2\/users\/2"}],"replies":[{"embeddable":true,"href":"https:\/\/arantv.az\/index.php?rest_route=%2Fwp%2Fv2%2Fcomments&post=694133"}],"version-history":[{"count":0,"href":"https:\/\/arantv.az\/index.php?rest_route=\/wp\/v2\/posts\/694133\/revisions"}],"wp:featuredmedia":[{"embeddable":true,"href":"https:\/\/arantv.az\/index.php?rest_route=\/wp\/v2\/media\/694134"}],"wp:attachment":[{"href":"https:\/\/arantv.az\/index.php?rest_route=%2Fwp%2Fv2%2Fmedia&parent=694133"}],"wp:term":[{"taxonomy":"category","embeddable":true,"href":"https:\/\/arantv.az\/index.php?rest_route=%2Fwp%2Fv2%2Fcategories&post=694133"},{"taxonomy":"post_tag","embeddable":true,"href":"https:\/\/arantv.az\/index.php?rest_route=%2Fwp%2Fv2%2Ftags&post=694133"}],"curies":[{"name":"wp","href":"https:\/\/api.w.org\/{rel}","templated":true}]}}