{"id":694136,"date":"2024-02-24T13:40:42","date_gmt":"2024-02-24T09:40:42","guid":{"rendered":"https:\/\/arantv.az\/?p=694136"},"modified":"2024-02-24T13:40:42","modified_gmt":"2024-02-24T09:40:42","slug":"lvovda-xocali-soyqirimi-qurbanlarinin-xatir%c9%99si-anilib-foto","status":"publish","type":"post","link":"https:\/\/arantv.az\/?p=694136","title":{"rendered":"Lvovda Xocal\u0131 soyq\u0131r\u0131m\u0131 qurbanlar\u0131n\u0131n xatir\u0259si an\u0131l\u0131b &#8211; FOTO"},"content":{"rendered":"<p>Ukraynada f\u0259aliyy\u0259t g\u00f6st\u0259r\u0259n Lvov Az\u0259rbaycanl\u0131lar\u0131 Konqresinin t\u0259\u015fkilat\u00e7\u0131l\u0131\u011f\u0131 il\u0259 ad\u0131\u00e7\u0259kil\u0259n \u015f\u0259h\u0259rd\u0259 Xocal\u0131 soyq\u0131r\u0131m\u0131n\u0131n ild\u00f6n\u00fcm\u00fcn\u0259 h\u0259sr olunan &#8220;Onlar \u0259b\u0259di bizim yadda\u015f\u0131m\u0131zdad\u0131rlar&#8221; adl\u0131 an\u0131m m\u0259rasimi ke\u00e7irilib.<\/p>\n<p>\u201cReport\u201dun \u015e\u0259rqi Avropa b\u00fcrosunun m\u0259lumat\u0131na g\u00f6r\u0259, t\u0259dbir\u0259 Az\u0259rbaycan\u0131n Ukraynadak\u0131 s\u0259firliyinin \u0259m\u0259kda\u015flar\u0131, bu \u00f6lk\u0259nin m\u00fcxt\u0259lif vilay\u0259tl\u0259rind\u0259n g\u0259l\u0259n diaspor n\u00fcmay\u0259nd\u0259l\u0259ri, Lvov \u015e\u0259h\u0259r Sovetinin t\u0259msil\u00e7il\u0259ri, ictimaiyy\u0259t n\u00fcmay\u0259nd\u0259l\u0259ri v\u0259 h\u0259rb\u00e7il\u0259r qat\u0131l\u0131blar.<\/p>\n<p>Birl\u0259\u015fmi\u015f Ukrayna Az\u0259rbaycanl\u0131lar\u0131 Konqresinin G\u0259ncl\u0259r v\u0259 \u0130dman departamentinin r\u0259hb\u0259ri \u015e\u0259hriyar M\u0259h\u0259rr\u0259mov Xocal\u0131 q\u0131r\u011f\u0131n\u0131 bar\u0259d\u0259 t\u0259qdimatla \u00e7\u0131x\u0131\u015f edib.<\/p>\n<p>O, t\u0259msil\u00e7isi oldu\u011fu t\u0259\u015fkilat\u0131n Heyd\u0259r \u018fliyev Fondunun vitse-prezidenti Leyla \u018fliyevan\u0131n t\u0259\u015f\u0259bb\u00fcs\u00fc il\u0259 m\u00fcxt\u0259lif \u00f6lk\u0259l\u0259rd\u0259 apar\u0131lan &#8220;Xocal\u0131ya \u0259dal\u0259t&#8221; kampaniyas\u0131nda v\u0259 bu kimi t\u0259dbirl\u0259rd\u0259 yax\u0131ndan i\u015ftirak etdiyini bildirib v\u0259 g\u0259l\u0259c\u0259kd\u0259 d\u0259 bunun davam etdiriil\u0259c\u0259yini s\u00f6yl\u0259yib.<\/p>\n<p>Az\u0259rbaycan s\u0259firliyinin ikinci katibi Vilay\u0259t \u015e\u00fck\u00fcrzad\u0259 1992-ci il fevral\u0131n 25-d\u0259n 26-na ke\u00e7\u0259n gec\u0259 erm\u0259ni silahl\u0131 d\u0259st\u0259l\u0259rinin ke\u00e7mi\u015f sovet ordusunun Xank\u0259ndi \u015f\u0259h\u0259rind\u0259 yerl\u0259\u015f\u0259n 366-c\u0131 alay\u0131 il\u0259 birg\u0259 Xocal\u0131 \u015f\u0259h\u0259rinin yerl\u0259-yeksan etdiyini diqq\u0259t\u0259 \u00e7atd\u0131r\u0131b. O bildirib ki, erm\u0259ni t\u0259cav\u00fczkarlar\u0131n\u0131n Az\u0259rbaycan xalq\u0131na qar\u015f\u0131 t\u00f6r\u0259tdiyi n\u00f6vb\u0259ti k\u00fctl\u0259vi q\u0131r\u011f\u0131n 613 n\u0259f\u0259rin, o c\u00fcml\u0259d\u0259n 106 qad\u0131n, 63 u\u015faq, 70 qocan\u0131n h\u0259yat\u0131na son qoyub. 1 275 dinc sakin \u0259sir g\u00f6t\u00fcr\u00fcl\u00fcb, onlardan 150 n\u0259f\u0259rin taleyi h\u0259l\u0259 d\u0259 m\u0259lum deyil. 475 n\u0259f\u0259r \u015fik\u0259st olub. 8 ail\u0259 b\u00fct\u00fcnl\u00fckl\u0259 m\u0259hv edilib. 25 u\u015faq h\u0259r iki valideynini, 130 u\u015faq is\u0259 valideynl\u0259rind\u0259n birini itirib.<\/p>\n<p>\u00d6t\u0259n \u0259srin 80-ci ill\u0259rin sonunda sovet ordusunun t\u0259rkibind\u0259 Az\u0259rbaycanda xidm\u0259t etmi\u015f ehtiyatda olan general-polkovnik \u0130van Poloxotnyuk xatir\u0259l\u0259rini b\u00f6l\u00fc\u015f\u00fcb. O, erm\u0259ni silahl\u0131lar\u0131n\u0131n az\u0259rbaycanl\u0131lara nec\u0259 q\u0259nim k\u0259sildiyinin \u015fahidi oldu\u011funu vur\u011fulay\u0131b. Az\u0259rbaycan\u0131 \u0259razi b\u00fct\u00f6vl\u00fcy\u00fcn\u00fc b\u0259rpa etm\u0259si m\u00fcnasib\u0259til\u0259 t\u0259brik ed\u0259n general-polkovnik Ukraynan\u0131n da \u00f6z \u0259razi b\u00fct\u00f6vl\u00fcy\u00fc u\u011frunda q\u0259l\u0259b\u0259sin\u0259 \u0259min oldu\u011funu bildirib.<\/p>\n<p>\u0130vano-Frankovsk Az\u0259rbaycanl\u0131lar\u0131 Konqresinin s\u0259dri M\u0259tl\u0259b N\u0259c\u0259fov is\u0259 Xocal\u0131 soyq\u0131r\u0131m\u0131 v\u0259 Az\u0259rbaycan h\u0259qiq\u0259tl\u0259ri il\u0259 ba\u011fl\u0131 Ukrayna ictimaiyy\u0259tinin yax\u0131ndan tan\u0131\u015f oldu\u011funu vur\u011fulay\u0131b. Haz\u0131rda Ukraynada ged\u0259n geni\u015fmiqyasl\u0131 m\u00fcharib\u0259 fonunda Ukrayna xalq\u0131n\u0131n Az\u0259rbaycan\u0131n yax\u0131n tarixind\u0259 ba\u015f vermi\u015f hadis\u0259l\u0259r\u0259 maraq g\u00f6st\u0259rdiyini s\u00f6yl\u0259yib.<\/p>\n<p>Lvovda Xocal\u0131 soyq\u0131r\u0131m\u0131 il\u0259 ba\u011fl\u0131 s\u0259rgi d\u0259 ke\u00e7irilib.<\/p>\n<p>&nbsp;<\/p>\n<div class=\"gallery\">\n<div class=\"gallery-i\"><img src=\"https:\/\/cdn.oxu.az\/uploads\/W1siZiIsIjIwMjQvMDIvMjQvMTAvNDcvMjYvNzIzNzJkNTktZGY1MS00Y2E3LTgyOGItYTNhN2MwZTljNGQyLzBkMjVkNzU1LTg4NjUtM2FiMi1hNGUxLWVkZjU2MGIwZWViNS5qcGciXSxbInAiLCJlbmNvZGUiLCJqcGciLCItcXVhbGl0eSA4MCJdLFsicCIsInRodW1iIiwiNTkweDU5MFx1MDAzZSJdXQ?sha=16f64362ef5097b0\" alt=\"\" \/><\/p>\n<div class=\"gallery-i-caption\"><\/div>\n<\/div>\n<div class=\"gallery-i\"><img src=\"https:\/\/cdn.oxu.az\/uploads\/W1siZiIsIjIwMjQvMDIvMjQvMTAvNDcvMjYvOGNhMDg3YTUtZGJlNC00MjVkLWFlZGEtYTBiMTZmMjFkNmRmLzExNmY1OTM2LTUzODctMzQxMS1hODRhLTIyNjU4NGZjZjQxOS5qcGciXSxbInAiLCJlbmNvZGUiLCJqcGciLCItcXVhbGl0eSA4MCJdLFsicCIsInRodW1iIiwiNTkweDU5MFx1MDAzZSJdXQ?sha=2afed8dafa1be8de\" alt=\"\" \/><\/p>\n<div class=\"gallery-i-caption\"><\/div>\n<\/div>\n<div class=\"gallery-i\"><img src=\"https:\/\/cdn.oxu.az\/uploads\/W1siZiIsIjIwMjQvMDIvMjQvMTAvNDcvMjYvM2U3Y2Y0Y2QtZGI1Yy00MjFlLThhZWItNGIwOGQ0ZDM2OWRkLzI1OGU4ZTQ1LTM3ZjEtMzliYy1hZjYyLWI4N2U2MjcyNTIyZi5qcGciXSxbInAiLCJlbmNvZGUiLCJqcGciLCItcXVhbGl0eSA4MCJdLFsicCIsInRodW1iIiwiNTkweDU5MFx1MDAzZSJdXQ?sha=83255aa0bd0e5d54\" alt=\"\" \/><\/p>\n<div class=\"gallery-i-caption\"><\/div>\n<\/div>\n<div class=\"gallery-i\"><img src=\"https:\/\/cdn.oxu.az\/uploads\/W1siZiIsIjIwMjQvMDIvMjQvMTAvNDcvMjYvNjg4YTFiM2QtOGVlZi00NzJmLTgwOWEtMDMzOTYyOGY1MWMwLzhjZjg0ZDZhLTMzMTktMzNlZC04ZjI3LWZmOWNiNjI0NTMwYi5qcGciXSxbInAiLCJlbmNvZGUiLCJqcGciLCItcXVhbGl0eSA4MCJdLFsicCIsInRodW1iIiwiNTkweDU5MFx1MDAzZSJdXQ?sha=de858473f28e67e1\" alt=\"\" \/><\/p>\n<div class=\"gallery-i-caption\"><\/div>\n<\/div>\n<div class=\"gallery-i\"><img src=\"https:\/\/cdn.oxu.az\/uploads\/W1siZiIsIjIwMjQvMDIvMjQvMTAvNDcvMjYvYzcwNmU2YzItZDI1OS00YTIyLWJiZDItMjViZDg3Yjg4M2JjLzA5MWNmYjg3LWE3Y2EtMzdjYS05YTEzLTIxZWQxOWMzZjdhZS5qcGciXSxbInAiLCJlbmNvZGUiLCJqcGciLCItcXVhbGl0eSA4MCJdLFsicCIsInRodW1iIiwiNTkweDU5MFx1MDAzZSJdXQ?sha=293520431d31b645\" alt=\"\" \/><\/p>\n<div class=\"gallery-i-caption\"><\/div>\n<\/div>\n<div class=\"gallery-i\"><img src=\"https:\/\/cdn.oxu.az\/uploads\/W1siZiIsIjIwMjQvMDIvMjQvMTAvNDcvMjYvOWRjYjZmMGEtZmI3NS00ZjUxLTgxOTktMDQwZmQ2MTIyZjhhL2VhYjQyMzUwLTNkMjYtMzM3Zi05ZmZjLWMyNTc2OGU1Yzk4NC5qcGciXSxbInAiLCJlbmNvZGUiLCJqcGciLCItcXVhbGl0eSA4MCJdLFsicCIsInRodW1iIiwiNTkweDU5MFx1MDAzZSJdXQ?sha=21d900a5badcfc68\" alt=\"\" \/><\/p>\n<div class=\"gallery-i-caption\"><\/div>\n<\/div>\n<div class=\"gallery-i\"><img src=\"https:\/\/cdn.oxu.az\/uploads\/W1siZiIsIjIwMjQvMDIvMjQvMTAvNDcvMjYvZWVjMjUyNzYtZWU4Mi00MzllLTg2YjktOWRiMTdjZGY2YjMzL2VkMzczNzY4LTA5ZDEtMzA0My04MDdiLTgzNjYzZmM4MzlkZi5qcGciXSxbInAiLCJlbmNvZGUiLCJqcGciLCItcXVhbGl0eSA4MCJdLFsicCIsInRodW1iIiwiNTkweDU5MFx1MDAzZSJdXQ?sha=1d4803ec0fb3f63a\" alt=\"\" \/><\/p>\n<div class=\"gallery-i-caption\"><\/div>\n<\/div>\n<div class=\"gallery-i\"><img src=\"https:\/\/cdn.oxu.az\/uploads\/W1siZiIsIjIwMjQvMDIvMjQvMTAvNDcvMjYvYzVmNjVhYTktYjFlZi00NDFjLWJiM2YtZjk1ZjczZWZkNTgyLzdlNzdkNTVkLTE1NGUtMzgzMy05MWE2LTAyYzU3MzJhMDg5OS5qcGciXSxbInAiLCJlbmNvZGUiLCJqcGciLCItcXVhbGl0eSA4MCJdLFsicCIsInRodW1iIiwiNTkweDU5MFx1MDAzZSJdXQ?sha=7df988186a77a1cb\" alt=\"\" \/><\/p>\n<div class=\"gallery-i-caption\"><\/div>\n<\/div>\n<div class=\"gallery-i\"><img src=\"https:\/\/cdn.oxu.az\/uploads\/W1siZiIsIjIwMjQvMDIvMjQvMTAvNDcvMjYvZTI5NjQ2NjMtZGFlZi00NTM5LWEzYjEtNDAwMmQzNjExOWMyLzcyNzFmMTJkLTZjZmMtMzBmMi1hZmU4LWU1ZDIzMzQ4OGE2Mi5qcGciXSxbInAiLCJlbmNvZGUiLCJqcGciLCItcXVhbGl0eSA4MCJdLFsicCIsInRodW1iIiwiNTkweDU5MFx1MDAzZSJdXQ?sha=f37f5600e563f7ec\" alt=\"\" \/><\/div>\n<\/div>\n","protected":false},"excerpt":{"rendered":"<p>Ukraynada f\u0259aliyy\u0259t g\u00f6st\u0259r\u0259n Lvov Az\u0259rbaycanl\u0131lar\u0131 Konqresinin t\u0259\u015fkilat\u00e7\u0131l\u0131\u011f\u0131 il\u0259 ad\u0131\u00e7\u0259kil\u0259n \u015f\u0259h\u0259rd\u0259 Xocal\u0131 soyq\u0131r\u0131m\u0131n\u0131n ild\u00f6n\u00fcm\u00fcn\u0259 h\u0259sr olunan &#8220;Onlar \u0259b\u0259di bizim yadda\u015f\u0131m\u0131zdad\u0131rlar&#8221; adl\u0131 an\u0131m m\u0259rasimi ke\u00e7irilib. \u201cReport\u201dun \u015e\u0259rqi Avropa b\u00fcrosunun m\u0259lumat\u0131na g\u00f6r\u0259, t\u0259dbir\u0259 Az\u0259rbaycan\u0131n Ukraynadak\u0131 s\u0259firliyinin \u0259m\u0259kda\u015flar\u0131, bu \u00f6lk\u0259nin m\u00fcxt\u0259lif vilay\u0259tl\u0259rind\u0259n g\u0259l\u0259n diaspor n\u00fcmay\u0259nd\u0259l\u0259ri, Lvov \u015e\u0259h\u0259r Sovetinin t\u0259msil\u00e7il\u0259ri, ictimaiyy\u0259t n\u00fcmay\u0259nd\u0259l\u0259ri v\u0259 h\u0259rb\u00e7il\u0259r qat\u0131l\u0131blar. Birl\u0259\u015fmi\u015f Ukrayna Az\u0259rbaycanl\u0131lar\u0131 Konqresinin G\u0259ncl\u0259r v\u0259 \u0130dman departamentinin r\u0259hb\u0259ri \u015e\u0259hriyar M\u0259h\u0259rr\u0259mov Xocal\u0131 q\u0131r\u011f\u0131n\u0131 bar\u0259d\u0259 t\u0259qdimatla \u00e7\u0131x\u0131\u015f edib. O, t\u0259msil\u00e7isi oldu\u011fu t\u0259\u015fkilat\u0131n Heyd\u0259r \u018fliyev Fondunun vitse-prezidenti Leyla \u018fliyevan\u0131n t\u0259\u015f\u0259bb\u00fcs\u00fc il\u0259 m\u00fcxt\u0259lif \u00f6lk\u0259l\u0259rd\u0259 apar\u0131lan &#8220;Xocal\u0131ya \u0259dal\u0259t&#8221; kampaniyas\u0131nda v\u0259 bu kimi t\u0259dbirl\u0259rd\u0259 yax\u0131ndan&hellip;<\/p>\n","protected":false},"author":2,"featured_media":694137,"comment_status":"closed","ping_status":"closed","sticky":false,"template":"","format":"standard","meta":{"om_disable_all_campaigns":false,"_monsterinsights_skip_tracking":false,"_monsterinsights_sitenote_active":false,"_monsterinsights_sitenote_note":"","_monsterinsights_sitenote_category":0},"categories":[1],"tags":[],"aioseo_notices":[],"gutentor_comment":0,"rttpg_featured_image_url":{"full":["https:\/\/arantv.az\/wp-content\/uploads\/2024\/02\/741ee399-5c4d-3114-b96b-2ad5aff007a4_850.jpg",620,413,false],"landscape":["https:\/\/arantv.az\/wp-content\/uploads\/2024\/02\/741ee399-5c4d-3114-b96b-2ad5aff007a4_850.jpg",620,413,false],"portraits":["https:\/\/arantv.az\/wp-content\/uploads\/2024\/02\/741ee399-5c4d-3114-b96b-2ad5aff007a4_850.jpg",620,413,false],"thumbnail":["https:\/\/arantv.az\/wp-content\/uploads\/2024\/02\/741ee399-5c4d-3114-b96b-2ad5aff007a4_850-500x280.jpg",500,280,true],"medium":["https:\/\/arantv.az\/wp-content\/uploads\/2024\/02\/741ee399-5c4d-3114-b96b-2ad5aff007a4_850-548x365.jpg",548,365,true],"large":["https:\/\/arantv.az\/wp-content\/uploads\/2024\/02\/741ee399-5c4d-3114-b96b-2ad5aff007a4_850.jpg",620,413,false],"1536x1536":["https:\/\/arantv.az\/wp-content\/uploads\/2024\/02\/741ee399-5c4d-3114-b96b-2ad5aff007a4_850.jpg",620,413,false],"2048x2048":["https:\/\/arantv.az\/wp-content\/uploads\/2024\/02\/741ee399-5c4d-3114-b96b-2ad5aff007a4_850.jpg",620,413,false],"post-thumbnail":["https:\/\/arantv.az\/wp-content\/uploads\/2024\/02\/741ee399-5c4d-3114-b96b-2ad5aff007a4_850-240x172.jpg",240,172,true],"advps-thumb-one":["https:\/\/arantv.az\/wp-content\/uploads\/2024\/02\/741ee399-5c4d-3114-b96b-2ad5aff007a4_850.jpg",620,413,false]},"rttpg_author":{"display_name":"V\u00fcsal Rafiqo\u011flu","author_link":"https:\/\/arantv.az\/?author=2"},"rttpg_comment":0,"rttpg_category":"<a href=\"https:\/\/arantv.az\/?cat=1\" rel=\"category\">C\u0259miyy\u0259t<\/a>","rttpg_excerpt":"Ukraynada f\u0259aliyy\u0259t g\u00f6st\u0259r\u0259n Lvov Az\u0259rbaycanl\u0131lar\u0131 Konqresinin t\u0259\u015fkilat\u00e7\u0131l\u0131\u011f\u0131 il\u0259 ad\u0131\u00e7\u0259kil\u0259n \u015f\u0259h\u0259rd\u0259 Xocal\u0131 soyq\u0131r\u0131m\u0131n\u0131n ild\u00f6n\u00fcm\u00fcn\u0259 h\u0259sr olunan &#8220;Onlar \u0259b\u0259di bizim yadda\u015f\u0131m\u0131zdad\u0131rlar&#8221; adl\u0131 an\u0131m m\u0259rasimi ke\u00e7irilib. \u201cReport\u201dun \u015e\u0259rqi Avropa b\u00fcrosunun m\u0259lumat\u0131na g\u00f6r\u0259, t\u0259dbir\u0259 Az\u0259rbaycan\u0131n Ukraynadak\u0131 s\u0259firliyinin \u0259m\u0259kda\u015flar\u0131, bu \u00f6lk\u0259nin m\u00fcxt\u0259lif vilay\u0259tl\u0259rind\u0259n g\u0259l\u0259n diaspor n\u00fcmay\u0259nd\u0259l\u0259ri, Lvov \u015e\u0259h\u0259r Sovetinin t\u0259msil\u00e7il\u0259ri, ictimaiyy\u0259t n\u00fcmay\u0259nd\u0259l\u0259ri v\u0259 h\u0259rb\u00e7il\u0259r qat\u0131l\u0131blar. Birl\u0259\u015fmi\u015f Ukrayna Az\u0259rbaycanl\u0131lar\u0131 Konqresinin G\u0259ncl\u0259r&hellip;","_links":{"self":[{"href":"https:\/\/arantv.az\/index.php?rest_route=\/wp\/v2\/posts\/694136"}],"collection":[{"href":"https:\/\/arantv.az\/index.php?rest_route=\/wp\/v2\/posts"}],"about":[{"href":"https:\/\/arantv.az\/index.php?rest_route=\/wp\/v2\/types\/post"}],"author":[{"embeddable":true,"href":"https:\/\/arantv.az\/index.php?rest_route=\/wp\/v2\/users\/2"}],"replies":[{"embeddable":true,"href":"https:\/\/arantv.az\/index.php?rest_route=%2Fwp%2Fv2%2Fcomments&post=694136"}],"version-history":[{"count":0,"href":"https:\/\/arantv.az\/index.php?rest_route=\/wp\/v2\/posts\/694136\/revisions"}],"wp:featuredmedia":[{"embeddable":true,"href":"https:\/\/arantv.az\/index.php?rest_route=\/wp\/v2\/media\/694137"}],"wp:attachment":[{"href":"https:\/\/arantv.az\/index.php?rest_route=%2Fwp%2Fv2%2Fmedia&parent=694136"}],"wp:term":[{"taxonomy":"category","embeddable":true,"href":"https:\/\/arantv.az\/index.php?rest_route=%2Fwp%2Fv2%2Fcategories&post=694136"},{"taxonomy":"post_tag","embeddable":true,"href":"https:\/\/arantv.az\/index.php?rest_route=%2Fwp%2Fv2%2Ftags&post=694136"}],"curies":[{"name":"wp","href":"https:\/\/api.w.org\/{rel}","templated":true}]}}