{"id":69419,"date":"2019-06-26T09:44:19","date_gmt":"2019-06-26T06:44:19","guid":{"rendered":"http:\/\/arantv.az\/?p=69419"},"modified":"2019-06-26T09:44:19","modified_gmt":"2019-06-26T06:44:19","slug":"f%c9%99alligimizi-daha-da-artirmaliyiq-q%c9%99nir%c9%99-pasayeva","status":"publish","type":"post","link":"https:\/\/arantv.az\/?p=69419","title":{"rendered":"&#8220;F\u0259all\u0131\u011f\u0131m\u0131z\u0131 daha da art\u0131rmal\u0131y\u0131q&#8221; &#8211; Q\u0259nir\u0259 Pa\u015fayeva"},"content":{"rendered":"<p><b>ARANTV.AZ\u00a0<\/b>\u00a0x\u0259b\u0259r verir ki, mill\u0259t v\u0259kili Q\u0259nir\u0259 Pa\u015fayeva A\u015ePA-da i\u015f\u011fal\u00e7\u0131 Erm\u0259nistan\u0131n az\u0259rbaycanl\u0131 qad\u0131nlara qar\u015f\u0131 t\u00f6r\u0259tdiyi cinay\u0259tl\u0259rd\u0259n dan\u0131\u015f\u0131b v\u0259 A\u015ePA-n\u0131 bu cinay\u0259tl\u0259ri t\u00f6r\u0259d\u0259nl\u0259rin \u0259dal\u0259t qar\u015f\u0131s\u0131nda cavab verm\u0259si \u00fc\u00e7\u00fcn s\u0259rt add\u0131mlar atma\u011fa \u00e7a\u011f\u0131r\u0131b.<\/p>\n<p>Bu g\u00fcn A\u015ePA-da &#8220;The \u0130stanbul Converntion on violence against \u00fcomen:achhievements and challenges\u201d v\u0259 &#8220;Towards an ambitious Council of Europe agenda for gender equality\u201d adl\u0131 q\u0259tnam\u0259 layih\u0259l\u0259ri \u0259traf\u0131nda m\u00fczakir\u0259l\u0259rd\u0259 Az\u0259rbaycan\u0131n A\u015ePA-dak\u0131 n\u00fcmay\u0259nd\u0259 hey\u0259tinin \u00fczv\u00fc Q\u0259nir\u0259 Pa\u015fayeva \u00e7\u0131x\u0131\u015f ed\u0259r\u0259k i\u015f\u011fal\u00e7\u0131 Erm\u0259nistan\u0131n az\u0259rbaycanl\u0131 qad\u0131nlara qar\u015f\u0131 t\u00f6r\u0259tdiyi cinay\u0259tl\u0259rd\u0259n dan\u0131\u015f\u0131b v\u0259 A\u015ePA-n\u0131 bu cinay\u0259tl\u0259ri t\u00f6r\u0259d\u0259nl\u0259rin \u0259dal\u0259t qar\u015f\u0131s\u0131nda cavab verm\u0259si \u00fc\u00e7\u00fcn s\u0259rt add\u0131mlar atma\u011fa \u00e7a\u011f\u0131r\u0131b.<\/p>\n<p>Qad\u0131nlara qar\u015f\u0131 zorak\u0131l\u0131q insan haqlar\u0131 pozuntusudur v\u0259 ona qar\u015f\u0131 birlikd\u0259 m\u00fcbariz\u0259mizi daha da g\u00fccl\u0259ndirm\u0259liyik. Burada qad\u0131nlara qar\u015f\u0131 zorak\u0131l\u0131qla m\u00fcbariz\u0259 istiqam\u0259tind\u0259 maraql\u0131 t\u0259klifl\u0259r, fikirl\u0259r s\u0259sl\u0259ndi v\u0259 biz onlar\u0131 d\u0259st\u0259kl\u0259yirik. M\u0259n burada silahl\u0131 m\u00fcnaqi\u015f\u0259l\u0259r zaman\u0131 zorak\u0131l\u0131q qurban\u0131 olan qad\u0131nlar\u0131n ad\u0131ndan dan\u0131\u015faraq onlar\u0131n siz\u0259 \u00e7a\u011f\u0131r\u0131\u015flar\u0131n\u0131 da s\u0259sl\u0259ndirm\u0259k ist\u0259yir\u0259m.<\/p>\n<p>\u018fziz dostlar,<\/p>\n<div id=\"AdviadNativeVideo0\" class=\"AdviadNativeVideo\"><\/div>\n<p>Silahl\u0131 m\u00fcnaqi\u015f\u0259l\u0259r zaman\u0131 qad\u0131nlar k\u00fctl\u0259vi \u015f\u0259kild\u0259 q\u0259ddar zorak\u0131l\u0131q \u0259m\u0259ll\u0259rinin qurban\u0131 olurlar. Az\u0259rbaycan xalq\u0131 bu d\u0259h\u015f\u0259tli ac\u0131n\u0131 ya\u015fam\u0131\u015fd\u0131r. Erm\u0259nistan\u0131n \u00f6lk\u0259miz\u0259 silahl\u0131 t\u0259cav\u00fcz\u00fc v\u0259 torpaqlar\u0131m\u0131z\u0131n 20 faizini i\u015f\u011fal etm\u0259si n\u0259tic\u0259sind\u0259 minl\u0259rl\u0259 az\u0259rbaycanl\u0131 qad\u0131n h\u0259lak olmu\u015f, yaralanm\u0131\u015f, a\u011flas\u0131\u011fmaz i\u015fg\u0259nc\u0259l\u0259r\u0259 m\u0259ruz qalm\u0131\u015fd\u0131r. Bu g\u00fcn d\u0259 y\u00fczl\u0259rl\u0259 \u0259sir v\u0259 girov qad\u0131n Erm\u0259nistanda v\u0259 Az\u0259rbaycan\u0131n i\u015f\u011fal edilmi\u015f \u0259razil\u0259rind\u0259 d\u00f6z\u00fclm\u0259z \u015f\u0259raitd\u0259 saxlan\u0131l\u0131r, m\u0259cburi \u0259m\u0259y\u0259 c\u0259lb edilir v\u0259 dig\u0259r zorak\u0131l\u0131q \u0259m\u0259ll\u0259rin\u0259 m\u0259ruz qoyulur. Bu g\u00fcn d\u0259 onminl\u0259rl\u0259 az\u0259rbaycanl\u0131 qad\u0131n m\u0259cburi k\u00f6\u00e7k\u00fcn h\u0259yat\u0131 ya\u015fay\u0131r v\u0259 \u00f6z evl\u0259rin\u0259 d\u00f6n\u0259 bilmirl\u0259r. \u00c7\u00fcnki Erm\u0259nistan BMT-nin o c\u00fcml\u0259d\u0259n A\u015ePA-n\u0131n q\u0259bul etdiyi q\u0259tnam\u0259l\u0259ri yerin\u0259 yetirm\u0259kd\u0259n imtina edir. Biz t\u0259\u015fkilat\u0131m\u0131z\u0131 h\u00fcquqlar\u0131 Erm\u0259nistan t\u0259r\u0259find\u0259n pozulmaqda davam ed\u0259n az\u0259rbaycanl\u0131 m\u0259cburi k\u00f6\u00e7k\u00fcn qad\u0131nlar\u0131n, Erm\u0259nistan silahl\u0131 q\u00fcvv\u0259l\u0259ri t\u0259r\u0259find\u0259n q\u0259tl\u0259 yetirilmi\u015f, yaralanm\u0131\u015f, \u0259sir g\u00f6t\u00fcr\u00fclm\u00fc\u015f az\u0259rbaycanl\u0131 qad\u0131nlar\u0131n ail\u0259l\u0259rinin s\u0259sl\u0259rini, \u00e7a\u011fr\u0131\u015flar\u0131n\u0131 duyma\u011fa, bu d\u0259h\u015f\u0259tli cinay\u0259tl\u0259ri t\u00f6r\u0259d\u0259nl\u0259rin layiq olduqlar\u0131 c\u0259zan\u0131 almas\u0131, \u0259dal\u0259tin oz yerini tapmas\u0131na daha f\u0259al d\u0259st\u0259k olma\u011fa \u00e7a\u011f\u0131r\u0131r\u0131q.<br \/>\n&#8220;Erm\u0259nistan y\u00fczl\u0259rl\u0259 az\u0259rbaycanl\u0131 \u0259sir v\u0259 girovu o c\u00fcml\u0259d\u0259n qad\u0131nlar\u0131 d\u00f6z\u00fclm\u0259z \u015f\u0259raitd\u0259 saxlayib,m\u0259cburi \u0259m\u0259y\u0259 c\u0259lb edib v\u0259 dig\u0259r zorak\u0131l\u0131q \u0259m\u0259ll\u0259rin\u0259 m\u0259ruz qoyublar&#8221;<br \/>\n\u018fziz dostlar,<br \/>\nGender b\u0259rab\u0259rliyi, qad\u0131nlar\u0131n s\u0259lahiyy\u0259tl\u0259ndirilm\u0259si sah\u0259sind\u0259 v\u0259 qad\u0131nlara qar\u015f\u0131 zorak\u0131l\u0131qla m\u00fcbariz\u0259 istiqam\u0259tind\u0131\u0259 \u00fczv \u00f6lk\u0259l\u0259rd\u0259 ir\u0259lil\u0259yi\u015fl\u0259r\u0259 nail olunmas\u0131na baxmayaraq, daha \u00e7ox i\u015fl\u0259rin g\u00f6r\u00fclm\u0259sin\u0259 b\u00f6y\u00fck ehtiyac var. Bu m\u00f6vzularda f\u0259all\u0131\u011f\u0131m\u0131z\u0131 daha da art\u0131rmal\u0131y\u0131q. X\u00fcsusil\u0259 qad\u0131nlar\u0131n iqtisadi h\u0259yatda, idar\u0259etm\u0259d\u0259 rolunun art\u0131r\u0131lmas\u0131na \u00fczv \u00f6lk\u0259l\u0259r olaraq daha \u00e7ox \u00f6n\u0259m verm\u0259liyik.<\/p>\n<p>\u018fziz dostlar,<\/p>\n<p>Az\u0259rbaycan xalq\u0131n\u0131n t\u0259msil\u00e7il\u0259ri kimi, biz qad\u0131nlara qar\u015f\u0131 h\u0259r bir zorak\u0131l\u0131\u011f\u0131 a\u00e7\u0131q v\u0259 q\u0259ti sur\u0259td\u0259 pisl\u0259yirik. Qeyd etm\u0259liy\u0259m ki, Az\u0259rbaycan qad\u0131nlara qar\u015f\u0131 zorak\u0131l\u0131qla, m\u0259i\u015f\u0259t zorak\u0131l\u0131\u011f\u0131 il\u0259 f\u0259al m\u00fcbariz\u0259 aparan \u00f6lk\u0259l\u0259rd\u0259n biridir. Qad\u0131nlara qar\u015f\u0131 zorak\u0131l\u0131q, o c\u00fcml\u0259d\u0259n m\u0259i\u015f\u0259t zorak\u0131l\u0131\u011f\u0131 il\u0259 m\u00fcbariz\u0259 bizim \u00f6lk\u0259mizd\u0259 \u0259sas diqq\u0259t m\u0259rk\u0259zind\u0259 olan m\u00f6vzulardan biridir v\u0259 bu istiqam\u0259td\u0259 bir \u00e7ox qanunlar q\u0259bul edilib. Beyn\u0259lxalq v\u0259 milli t\u0259r\u0259fda\u015flarla birlikd\u0259 \u00e7ox sayda t\u0259dbirl\u0259r h\u0259yata ke\u00e7irilir, geni\u015f maarifl\u0259ndirm\u0259 i\u015finin apar\u0131lmas\u0131na x\u00fcsusi diqq\u0259t yetirilir. Bu i\u015fl\u0259rin g\u00f6r\u00fclm\u0259sind\u0259 qeyri-h\u00f6kum\u0259t t\u0259\u015fkilatlar\u0131 il\u0259 f\u0259al \u0259m\u0259kda\u015fl\u0131q edilir. Az\u0259rbaycanda Avropa \u015euras\u0131n\u0131n 2018-2023-c\u00fc ill\u0259r \u00fc\u00e7\u00fcn Gender B\u0259rab\u0259rliyi Strategiyas\u0131nd\u0259 x\u00fcsusi vur\u011fulanan h\u0259d\u0259fl\u0259r\u0259 x\u00fcsusi diqq\u0259t yetirlir, gender b\u0259rab\u0259rliyinin effektik realla\u015fmas\u0131na nail olmaq \u00fc\u00e7\u00fcn \u00e7ox sayl\u0131 layih\u0259l\u0259r h\u0259yta ke\u00e7irilir.<\/p>\n<p>Az\u0259rbaycan xalq\u0131n\u0131n tarixin\u0259 n\u0259z\u0259r yetirs\u0259k g\u00f6rm\u0259k olar ki, qad\u0131nlar h\u0259r zaman apar\u0131c\u0131 q\u00fcvv\u0259 olmaqla , c\u0259miyy\u0259tin inki\u015faf\u0131na \u00f6z t\u00f6vh\u0259l\u0259rini veribl\u0259r. Lakin bu g\u00fcn d\u00f6vl\u0259t d\u0259st\u0259yi say\u0259sind\u0259 b\u00fct\u00fcn sah\u0259l\u0259rd\u0259 qad\u0131nlar\u0131n say\u0131 daha da artmaqdad\u0131r. Biz hesab edirik ki qad\u0131nlar\u0131n c\u0259miyy\u0259tin b\u00fct\u00fcn sah\u0259l\u0259rind\u0259 rolunun artmas\u0131, o c\u00fcml\u0259d\u0259n qad\u0131nlara qar\u015f\u0131 zorak\u0131l\u0131qla daha effektli m\u00fcbariz\u0259 \u00fc\u00e7\u00fcn h\u0259r bir \u00f6lk\u0259d\u0259 bu istiqam\u0259td\u0259 g\u00fccl\u00fc siyasi irad\u0259nin ortaya qoyulmas\u0131 v\u0259 bu m\u00f6vzular\u0131n prioritetl\u0259r aras\u0131nda olmas\u0131 \u00e7ox vacibdir.\u201dBiG.AZ<\/p>\n","protected":false},"excerpt":{"rendered":"<p>ARANTV.AZ\u00a0\u00a0x\u0259b\u0259r verir ki, mill\u0259t v\u0259kili Q\u0259nir\u0259 Pa\u015fayeva A\u015ePA-da i\u015f\u011fal\u00e7\u0131 Erm\u0259nistan\u0131n az\u0259rbaycanl\u0131 qad\u0131nlara qar\u015f\u0131 t\u00f6r\u0259tdiyi cinay\u0259tl\u0259rd\u0259n dan\u0131\u015f\u0131b v\u0259 A\u015ePA-n\u0131 bu cinay\u0259tl\u0259ri t\u00f6r\u0259d\u0259nl\u0259rin \u0259dal\u0259t qar\u015f\u0131s\u0131nda cavab verm\u0259si \u00fc\u00e7\u00fcn s\u0259rt add\u0131mlar atma\u011fa \u00e7a\u011f\u0131r\u0131b. Bu g\u00fcn A\u015ePA-da &#8220;The \u0130stanbul Converntion on violence against \u00fcomen:achhievements and challenges\u201d v\u0259 &#8220;Towards an ambitious Council of Europe agenda for gender equality\u201d adl\u0131 q\u0259tnam\u0259 layih\u0259l\u0259ri \u0259traf\u0131nda m\u00fczakir\u0259l\u0259rd\u0259 Az\u0259rbaycan\u0131n A\u015ePA-dak\u0131 n\u00fcmay\u0259nd\u0259 hey\u0259tinin \u00fczv\u00fc Q\u0259nir\u0259 Pa\u015fayeva \u00e7\u0131x\u0131\u015f ed\u0259r\u0259k i\u015f\u011fal\u00e7\u0131 Erm\u0259nistan\u0131n az\u0259rbaycanl\u0131 qad\u0131nlara qar\u015f\u0131 t\u00f6r\u0259tdiyi cinay\u0259tl\u0259rd\u0259n dan\u0131\u015f\u0131b v\u0259 A\u015ePA-n\u0131 bu cinay\u0259tl\u0259ri t\u00f6r\u0259d\u0259nl\u0259rin \u0259dal\u0259t qar\u015f\u0131s\u0131nda cavab verm\u0259si \u00fc\u00e7\u00fcn s\u0259rt add\u0131mlar atma\u011fa \u00e7a\u011f\u0131r\u0131b. Qad\u0131nlara&hellip;<\/p>\n","protected":false},"author":2,"featured_media":69420,"comment_status":"closed","ping_status":"closed","sticky":false,"template":"","format":"standard","meta":{"om_disable_all_campaigns":false,"_monsterinsights_skip_tracking":false,"_monsterinsights_sitenote_active":false,"_monsterinsights_sitenote_note":"","_monsterinsights_sitenote_category":0},"categories":[4],"tags":[],"aioseo_notices":[],"gutentor_comment":0,"rttpg_featured_image_url":{"full":["https:\/\/arantv.az\/wp-content\/uploads\/2019\/06\/1561492397_received_2330161720565303.jpe.jpg",649,365,false],"landscape":["https:\/\/arantv.az\/wp-content\/uploads\/2019\/06\/1561492397_received_2330161720565303.jpe.jpg",649,365,false],"portraits":["https:\/\/arantv.az\/wp-content\/uploads\/2019\/06\/1561492397_received_2330161720565303.jpe.jpg",649,365,false],"thumbnail":["https:\/\/arantv.az\/wp-content\/uploads\/2019\/06\/1561492397_received_2330161720565303.jpe-150x150.jpg",150,150,true],"medium":["https:\/\/arantv.az\/wp-content\/uploads\/2019\/06\/1561492397_received_2330161720565303.jpe-300x169.jpg",300,169,true],"large":["https:\/\/arantv.az\/wp-content\/uploads\/2019\/06\/1561492397_received_2330161720565303.jpe.jpg",640,360,false],"1536x1536":["https:\/\/arantv.az\/wp-content\/uploads\/2019\/06\/1561492397_received_2330161720565303.jpe.jpg",649,365,false],"2048x2048":["https:\/\/arantv.az\/wp-content\/uploads\/2019\/06\/1561492397_received_2330161720565303.jpe.jpg",649,365,false],"post-thumbnail":["https:\/\/arantv.az\/wp-content\/uploads\/2019\/06\/1561492397_received_2330161720565303.jpe-240x172.jpg",240,172,true],"advps-thumb-one":["https:\/\/arantv.az\/wp-content\/uploads\/2019\/06\/1561492397_received_2330161720565303.jpe.jpg",649,365,false]},"rttpg_author":{"display_name":"V\u00fcsal Rafiqo\u011flu","author_link":"https:\/\/arantv.az\/?author=2"},"rttpg_comment":0,"rttpg_category":"<a href=\"https:\/\/arantv.az\/?cat=4\" rel=\"category\">Siyas\u0259t<\/a>","rttpg_excerpt":"ARANTV.AZ\u00a0\u00a0x\u0259b\u0259r verir ki, mill\u0259t v\u0259kili Q\u0259nir\u0259 Pa\u015fayeva A\u015ePA-da i\u015f\u011fal\u00e7\u0131 Erm\u0259nistan\u0131n az\u0259rbaycanl\u0131 qad\u0131nlara qar\u015f\u0131 t\u00f6r\u0259tdiyi cinay\u0259tl\u0259rd\u0259n dan\u0131\u015f\u0131b v\u0259 A\u015ePA-n\u0131 bu cinay\u0259tl\u0259ri t\u00f6r\u0259d\u0259nl\u0259rin \u0259dal\u0259t qar\u015f\u0131s\u0131nda cavab verm\u0259si \u00fc\u00e7\u00fcn s\u0259rt add\u0131mlar atma\u011fa \u00e7a\u011f\u0131r\u0131b. Bu g\u00fcn A\u015ePA-da &#8220;The \u0130stanbul Converntion on violence against \u00fcomen:achhievements and challenges\u201d v\u0259 &#8220;Towards an ambitious Council of Europe agenda for gender equality\u201d adl\u0131 q\u0259tnam\u0259&hellip;","_links":{"self":[{"href":"https:\/\/arantv.az\/index.php?rest_route=\/wp\/v2\/posts\/69419"}],"collection":[{"href":"https:\/\/arantv.az\/index.php?rest_route=\/wp\/v2\/posts"}],"about":[{"href":"https:\/\/arantv.az\/index.php?rest_route=\/wp\/v2\/types\/post"}],"author":[{"embeddable":true,"href":"https:\/\/arantv.az\/index.php?rest_route=\/wp\/v2\/users\/2"}],"replies":[{"embeddable":true,"href":"https:\/\/arantv.az\/index.php?rest_route=%2Fwp%2Fv2%2Fcomments&post=69419"}],"version-history":[{"count":0,"href":"https:\/\/arantv.az\/index.php?rest_route=\/wp\/v2\/posts\/69419\/revisions"}],"wp:featuredmedia":[{"embeddable":true,"href":"https:\/\/arantv.az\/index.php?rest_route=\/wp\/v2\/media\/69420"}],"wp:attachment":[{"href":"https:\/\/arantv.az\/index.php?rest_route=%2Fwp%2Fv2%2Fmedia&parent=69419"}],"wp:term":[{"taxonomy":"category","embeddable":true,"href":"https:\/\/arantv.az\/index.php?rest_route=%2Fwp%2Fv2%2Fcategories&post=69419"},{"taxonomy":"post_tag","embeddable":true,"href":"https:\/\/arantv.az\/index.php?rest_route=%2Fwp%2Fv2%2Ftags&post=69419"}],"curies":[{"name":"wp","href":"https:\/\/api.w.org\/{rel}","templated":true}]}}