{"id":694420,"date":"2024-02-25T15:33:31","date_gmt":"2024-02-25T11:33:31","guid":{"rendered":"https:\/\/arantv.az\/?p=694420"},"modified":"2024-02-25T15:33:31","modified_gmt":"2024-02-25T11:33:31","slug":"iran-novb%c9%99ti-siyasi-t%c9%99latum-%c9%99r%c9%99f%c9%99sind%c9%99-kaspinin-t%c9%99hlili-foto","status":"publish","type":"post","link":"https:\/\/arantv.az\/?p=694420","title":{"rendered":"\u0130ran n\u00f6vb\u0259ti siyasi t\u0259lat\u00fcm \u0259r\u0259f\u0259sind\u0259 &#8211; Kaspi\u201dnin T\u018fHL\u0130L\u0130 + FOTO"},"content":{"rendered":"<p>\u0130randa se\u00e7ki \u00f6nc\u0259si v\u0259ziyy\u0259t d\u00fcnyan\u0131n diqq\u0259tind\u0259dir. M\u00fchafiz\u0259kar qanad siyasi sah\u0259d\u0259 total t\u0259mizl\u0259m\u0259 apar\u0131b. Filtrd\u0259n ke\u00e7m\u0259y\u0259nl\u0259r aras\u0131nda Q\u0259rbl\u0259 m\u0259hdud \u0259m\u0259kda\u015fl\u0131q konsepsiyas\u0131n\u0131n t\u0259r\u0259fdar\u0131 hesab olunan \u0130ran\u0131n ke\u00e7mi\u015f prezidenti H\u0259s\u0259n Ruhani d\u0259 var.<\/p>\n<p><a href=\"https:\/\/kaspi.az\/iran-novbeti-siyasi-telatum-erefesinde\" target=\"_blank\" rel=\"noopener\"><strong>\u201cKaspi\u201d<\/strong><\/a>\u00a0q\u0259zeti m\u00f6vzu il\u0259 ba\u011fl\u0131 m\u0259qal\u0259 d\u0259rc edib.<\/p>\n<p>\u0130randa mart\u0131n 1-d\u0259 parlament se\u00e7kil\u0259ri il\u0259 eyni g\u00fcnd\u0259 \u0259sas funksiyas\u0131 \u00f6lk\u0259nin ali liderini se\u00e7m\u0259k olan h\u00f6kum\u0259t orqan\u0131na &#8211; Dini Ekspertl\u0259r \u015euras\u0131na kritik se\u00e7kil\u0259r ke\u00e7iril\u0259c\u0259k. Parlament se\u00e7kil\u0259ri il\u0259 yana\u015f\u0131, \u0259sas diqq\u0259t s\u0259kkiz ild\u0259n bir ke\u00e7iril\u0259n Ekspertl\u0259r \u015euras\u0131na se\u00e7kil\u0259r\u0259 y\u00f6n\u0259lib. M\u0259clise-\u015euraye-X\u00fcbreqan adlanan bu qurum \u00f6lk\u0259nin ali r\u0259hb\u0259rini se\u00e7ir. \u0130ndi bu v\u0259zif\u0259d\u0259 ay\u0259tullah Seyid \u018fli Xameneidir, ondan \u0259vv\u0259l is\u0259 ay\u0259tullah Xomeyni \u0130ran\u0131n ali r\u0259hb\u0259ri olub. Se\u00e7ki\u00f6nc\u0259si v\u0259ziyy\u0259t\u0259 g\u0259ldikd\u0259, \u0130ran r\u0259hb\u0259rliyi r\u0259y sor\u011fular\u0131n\u0131n t\u0259f\u0259rr\u00fcatl\u0131 n\u0259tic\u0259l\u0259rinin d\u0259rcin\u0259 qada\u011fa qoyub. \u00c7\u00fcnki f\u0259all\u0131q s\u0259viyy\u0259sinin son d\u0259r\u0259c\u0259 a\u015fa\u011f\u0131 olaca\u011f\u0131 g\u00f6zl\u0259nilir.<\/p>\n<p><img src=\"https:\/\/cdn.oxu.az\/uploads\/W1siZiIsIjIwMjQvMDIvMjUvMTAvNDAvNTQvMmEzY2JhZGUtOTk3Mi00YTNhLTkzNGItMmRkZDBkNDkwY2ZiL1J1OThqQ3gybjNub1JWRUU1YVBWRHY3eTROb0FRRm90dFpmajQxT2suanBnIl0sWyJwIiwiZW5jb2RlIiwianBnIiwiLXF1YWxpdHkgODAiXSxbInAiLCJ0aHVtYiIsIjU5MHg1OTBcdTAwM2UiXV0?sha=fadfc1c3d8efc5eb\" alt=\"\" \/><\/p>\n<p><strong>Siyasi sah\u0259d\u0259 total t\u0259mizl\u0259m\u0259<\/strong><\/p>\n<p>Dig\u0259r m\u0259s\u0259l\u0259 d\u0259 ondan ibar\u0259tdir ki, m\u00fchafiz\u0259kar qanad siyasi sah\u0259d\u0259 total t\u0259mizl\u0259m\u0259 apar\u0131b. R\u0259smi m\u0259lumatlara g\u00f6r\u0259, \u0130ran\u0131n b\u00fct\u00fcn \u0259yal\u0259tl\u0259rind\u0259n \u00fcmumilikd\u0259 500 iddia\u00e7\u0131 namiz\u0259d olmaq \u00fc\u00e7\u00fcn \u0259riz\u0259 t\u0259qdim edib. Bununla bel\u0259, t\u0259nziml\u0259yici orqan olan Konstitusiyan\u0131n M\u00fchafiz\u0259\u00e7il\u0259ri \u015euras\u0131 yaln\u0131z 144 namiz\u0259din se\u00e7kiy\u0259 qat\u0131lmas\u0131na icaz\u0259 verib. Filtrd\u0259n ke\u00e7m\u0259y\u0259nl\u0259r aras\u0131nda Q\u0259rbl\u0259 m\u0259hdud \u0259m\u0259kda\u015fl\u0131q konsepsiyas\u0131n\u0131n t\u0259r\u0259fdar\u0131 hesab olunan \u0130ran\u0131n ke\u00e7mi\u015f prezidenti H\u0259s\u0259n Ruhani d\u0259 var. Onun se\u00e7kiy\u0259 burax\u0131lmamas\u0131 \u0130ran d\u00f6vl\u0259tinin k\u0259skin anti-Q\u0259rb x\u0259ttini davam etdir\u0259c\u0259yini g\u00f6st\u0259rir. Ruhaninin ofisi q\u0259rar\u0131 \u015f\u0259rh etm\u0259d\u0259n q\u0131sa b\u0259yanat yay\u0131b. 2013-2021-ci ill\u0259r aras\u0131nda prezident olan Ruhani 2000-ci ild\u0259n davaml\u0131 olaraq Ekspertl\u0259r \u015euras\u0131n\u0131n \u00fczv\u00fc olub. Eks-prezident uzun m\u00fcdd\u0259tdir ki, onu \u0130ran\u0131n milli maraqlar\u0131na m\u0259h\u0259l qoymayaraq Q\u0259rbl\u0259 m\u00fcnasib\u0259tl\u0259ri yax\u015f\u0131la\u015fd\u0131rmaq c\u0259hdl\u0259rind\u0259 ittiham ed\u0259n s\u0259rt x\u0259tt t\u0259r\u0259fdarlar\u0131n\u0131n t\u0259nqid h\u0259d\u0259fin\u0259 \u00e7evrilib.<\/p>\n<p><strong>Ruhani \u015fantaj edilir<\/strong><\/p>\n<p>Ruhani il\u0259 ba\u011fl\u0131 q\u0259rar s\u0259rt x\u0259tt t\u0259r\u0259fdar\u0131, m\u00fchafiz\u0259kar mill\u0259t v\u0259kili Nasrulla Pejmanf\u0259rin onun AB\u015e-y\u0259 m\u00fcnasib\u0259tini yenid\u0259n t\u0259nqid etm\u0259sind\u0259n bir g\u00fcn sonra verilib. O, \u0259trafl\u0131 m\u0259lumat verm\u0259d\u0259n ke\u00e7mi\u015f prezidentin \u201cqaranl\u0131q s\u0259n\u0259dl\u0259ri\u201dni if\u015fa ed\u0259c\u0259yi il\u0259 d\u0259 h\u0259d\u0259l\u0259yib. 2020-ci ild\u0259n b\u0259ri ard\u0131c\u0131l \u00fc\u00e7\u00fcnc\u00fc \u00fcmummilli se\u00e7kil\u0259rd\u0259 se\u00e7ici f\u0259all\u0131\u011f\u0131n\u0131n a\u015fa\u011f\u0131 olmas\u0131ndan narahat olan Ruhani hakimiyy\u0259ti m\u00fcxt\u0259lif namiz\u0259dl\u0259rin se\u00e7kil\u0259rd\u0259 i\u015ftirak\u0131na icaz\u0259 verm\u0259kl\u0259, f\u0259all\u0131\u011f\u0131n artmas\u0131na yard\u0131m etm\u0259y\u0259 \u00e7a\u011f\u0131rm\u0131\u015fd\u0131.<\/p>\n<p><img src=\"https:\/\/cdn.oxu.az\/uploads\/W1siZiIsIjIwMjQvMDIvMjUvMTAvNDAvNTQvZDNkZTEzYzYtYWM3ZS00ZWY1LThkZjMtYWRlYjFiN2YzNTdhL01EaDBGbHlJcThiWlZuRk9OcTVxZG9pZDRWWW9IUXNvSzRBaERXT0cuanBnIl0sWyJwIiwiZW5jb2RlIiwianBnIiwiLXF1YWxpdHkgODAiXSxbInAiLCJ0aHVtYiIsIjU5MHg1OTBcdTAwM2UiXV0?sha=b76d4f1fea0e6b11\" alt=\"\" \/><\/p>\n<p>Ruhani aylard\u0131r se\u00e7icil\u0259r\u0259 laqeydlik bar\u0259d\u0259 x\u0259b\u0259rdarl\u0131q edir. O, bunu ictimaiyy\u0259t aras\u0131nda m\u0259yusluq v\u0259 a\u015fa\u011f\u0131 f\u0259all\u0131\u011f\u0131 t\u0259min etm\u0259k \u00fc\u00e7\u00fcn hakimiyy\u0259td\u0259ki s\u0259rt x\u0259tt t\u0259r\u0259fdarlar\u0131n\u0131n d\u00fc\u015f\u00fcn\u00fclm\u00fc\u015f strategiyas\u0131 il\u0259 \u0259laq\u0259l\u0259ndirir.<\/p>\n<p><strong>M\u00fchafiz\u0259kar d\u00fc\u015f\u0259rg\u0259 \u00fc\u00e7\u00fcn test<\/strong><\/p>\n<p>Bel\u0259likl\u0259, \u0259vv\u0259lki se\u00e7kil\u0259rd\u0259 mandatlar\u0131n \u0259ks\u0259riyy\u0259tini alm\u0131\u015f m\u00fchafiz\u0259kar d\u00fc\u015f\u0259rg\u0259 \u00fc\u00e7\u00fcn bu se\u00e7kil\u0259r 2022-2023-c\u00fc ill\u0259rin izdihaml\u0131 etiraz h\u0259r\u0259kat\u0131ndan sonra ilk d\u0259f\u0259 g\u00fcc s\u0131na\u011f\u0131 olacaq. \u0130randa se\u00e7icil\u0259rin s\u0259sverm\u0259 h\u00fcququ 18 ya\u015fdan ba\u015flay\u0131r. Namiz\u0259din ya\u015f\u0131 is\u0259 30-75 aras\u0131nda olmal\u0131d\u0131r. 54 milyon 915 min se\u00e7icinin s\u0259sverm\u0259si \u00fc\u00e7\u00fcn 53 min se\u00e7ki m\u0259nt\u0259q\u0259si f\u0259aliyy\u0259t g\u00f6st\u0259r\u0259c\u0259k.<\/p>\n<p>Qeyd etdiyimiz kimi, hakimiyy\u0259t orqanlar\u0131n\u0131n \u0259n b\u00f6y\u00fck narahatl\u0131\u011f\u0131 se\u00e7kil\u0259rd\u0259 i\u015ftirakla ba\u011fl\u0131d\u0131r. \u201cAmwaj media\u201dn\u0131n yazd\u0131\u011f\u0131na g\u00f6r\u0259, Tehran rejimi se\u00e7icil\u0259rin laqeydliyin\u0259 i\u015f\u0131q sala bil\u0259c\u0259k r\u0259y sor\u011fular\u0131n\u0131n n\u0259tic\u0259l\u0259rinin d\u0259rcin\u0259 mane olma\u011fa \u00e7al\u0131\u015f\u0131r.<\/p>\n<p>\u0130ranl\u0131 T\u0259l\u0259b\u0259l\u0259r \u00fc\u00e7\u00fcn Sosioloji M\u0259rk\u0259z (ISPA) t\u0259r\u0259find\u0259n apar\u0131lan sor\u011funun n\u0259tic\u0259sin\u0259 g\u00f6r\u0259, respondentl\u0259rin 28%-d\u0259n az\u0131n\u0131n se\u00e7kil\u0259r\u0259 getm\u0259y\u0259 haz\u0131r olduqlar\u0131na \u0259min olduqlar\u0131 m\u00fc\u0259yy\u0259n edilib. Se\u00e7kil\u0259rd\u0259 alternativ d\u00fc\u015f\u0259rg\u0259d\u0259n \u0259h\u0259miyy\u0259tli namiz\u0259d olmayacaq.<\/p>\n<p>D\u00fczd\u00fcr, ISPA analitikl\u0259ri dekabrda hesabatdan yaln\u0131z \u00e7\u0131xar\u0131\u015flar t\u0259qdim edibl\u0259r. Bu, \u00e7ox g\u00fcman ki, m\u00fchafiz\u0259kar dair\u0259l\u0259ri qorxudub, \u00e7\u00fcnki bu ilin yanvar\u0131nda \u201cFars\u201d agentliyi ad\u0131 a\u00e7\u0131qlanmayan ara\u015fd\u0131rmalara istinad\u0259n x\u0259b\u0259r vermi\u015fdi ki, mart\u0131n 1-d\u0259 se\u00e7ici f\u0259all\u0131\u011f\u0131 \u0259n az\u0131 40% olacaq.<br \/>\nG\u0259nc qad\u0131n M\u0259hsa \u018fmininin \u00f6ld\u00fcr\u00fclm\u0259sind\u0259n sonra \u00f6lk\u0259d\u0259 2022-2023-c\u00fc ill\u0259rd\u0259 etiraz h\u0259r\u0259kat\u0131 ba\u015flam\u0131\u015fd\u0131. Naraz\u0131l\u0131q h\u0259l\u0259 d\u0259 qal\u0131r. Polis t\u0259r\u0259find\u0259n d\u00f6y\u00fcld\u00fcy\u00fc iddia edil\u0259n 22 ya\u015fl\u0131 q\u0131z\u0131n \u00f6ld\u00fcr\u00fclm\u0259si h\u00f6kum\u0259t \u0259leyhin\u0259 h\u0259r\u0259kata s\u0259b\u0259b olub.<\/p>\n<p><strong>Molla rejimind\u0259 qorxu yaradan m\u0259ktub<\/strong><\/p>\n<p>\u0130randa haz\u0131rda Tehran h\u0259bsxanas\u0131nda olan tan\u0131nm\u0131\u015f islahaty\u00f6nl\u00fc siyas\u0259t\u00e7i Mustafa Taczad\u0259nin \u00e7\u0131x\u0131\u015f\u0131 da \u015fok yarad\u0131b. \u00d6lk\u0259nin ali r\u0259hb\u0259ri ay\u0259tullah \u018fli Xameneini k\u0259skin t\u0259nqid ed\u0259r\u0259k deyib ki, \u00f6lk\u0259nin \u201cq\u00fcsurlu siyasi strukturuna\u201d g\u00f6r\u0259 m\u0259suliyy\u0259ti o da\u015f\u0131y\u0131r. Evin h\u0259bsxanas\u0131nda be\u015fillik c\u0259za \u00e7\u0259k\u0259n Taczad\u0259 2022-ci ild\u0259 \u201cmilli t\u0259hl\u00fck\u0259sizliy\u0259 t\u0259hdid yaratmaqda\u201d v\u0259 \u201ch\u00f6kum\u0259t\u0259 qar\u015f\u0131 t\u0259bli\u011fatda\u201d ittiham olunaraq m\u0259hkum edilib. Taczad\u0259 h\u0259bsxanadan yazd\u0131\u011f\u0131 m\u0259ktubda bildirir ki, o, \u0130slam Respublikas\u0131 liderl\u0259rinin \u201cstrateji u\u011fursuzluqlar\u0131na\u201d g\u00f6r\u0259 \u00dcl\u0259malar \u015euras\u0131n\u0131n se\u00e7kisind\u0259 s\u0259s verm\u0259y\u0259c\u0259k. Siyas\u0259t\u00e7i habel\u0259 Xameneinin \u00f6lk\u0259d\u0259 yaratd\u0131\u011f\u0131 \u015f\u0259raitd\u0259 se\u00e7ki ke\u00e7irilm\u0259sini m\u0259nas\u0131z adland\u0131r\u0131b. 1997-2005-ci ill\u0259rd\u0259 islahaty\u00f6nl\u00fc prezident M\u0259h\u0259mm\u0259d Xat\u0259minin prezidentliyi d\u00f6vr\u00fcnd\u0259 daxili i\u015fl\u0259r nazirinin m\u00fcavini olan Taczad\u0259 vur\u011fulay\u0131b ki, Xamenei \u0130randa ba\u015f ver\u0259n d\u0259h\u015f\u0259tli faktlara g\u00f6z yumub v\u0259 etiraz ed\u0259n milyonlarla v\u0259t\u0259nda\u015f\u0131n ist\u0259kl\u0259rini dinl\u0259m\u0259yib: \u201cAmma buras\u0131 da var ki, \u0259ks\u0259r iranl\u0131lar da liderin dedikl\u0259rin\u0259, radio v\u0259 televiziya il\u0259 m\u00fcraci\u0259tl\u0259rin\u0259 m\u0259h\u0259l qoymamaq q\u0259rar\u0131na g\u0259libl\u0259r. S\u0259s verm\u0259yin!\u201d Bu m\u0259ktub d\u0259rc olunmazdan az \u0259vv\u0259l \u018fli Xamenei v\u0259t\u0259nda\u015flara m\u00fcraci\u0259t ed\u0259r\u0259k onlar\u0131 1 mart se\u00e7kisind\u0259 f\u0259al i\u015ftirak etm\u0259y\u0259 \u00e7a\u011f\u0131rm\u0131\u015fd\u0131.<\/p>\n<p>Bel\u0259likl\u0259, bu q\u0259na\u0259t\u0259 g\u0259lm\u0259k olar ki, \u0130ran hakimiyy\u0259tinin daxilind\u0259 bu se\u00e7kil\u0259rd\u0259 d\u0259 d\u0259yi\u015fiklik ba\u015f verm\u0259y\u0259c\u0259k.<\/p>\n","protected":false},"excerpt":{"rendered":"<p>\u0130randa se\u00e7ki \u00f6nc\u0259si v\u0259ziyy\u0259t d\u00fcnyan\u0131n diqq\u0259tind\u0259dir. M\u00fchafiz\u0259kar qanad siyasi sah\u0259d\u0259 total t\u0259mizl\u0259m\u0259 apar\u0131b. Filtrd\u0259n ke\u00e7m\u0259y\u0259nl\u0259r aras\u0131nda Q\u0259rbl\u0259 m\u0259hdud \u0259m\u0259kda\u015fl\u0131q konsepsiyas\u0131n\u0131n t\u0259r\u0259fdar\u0131 hesab olunan \u0130ran\u0131n ke\u00e7mi\u015f prezidenti H\u0259s\u0259n Ruhani d\u0259 var. \u201cKaspi\u201d\u00a0q\u0259zeti m\u00f6vzu il\u0259 ba\u011fl\u0131 m\u0259qal\u0259 d\u0259rc edib. \u0130randa mart\u0131n 1-d\u0259 parlament se\u00e7kil\u0259ri il\u0259 eyni g\u00fcnd\u0259 \u0259sas funksiyas\u0131 \u00f6lk\u0259nin ali liderini se\u00e7m\u0259k olan h\u00f6kum\u0259t orqan\u0131na &#8211; Dini Ekspertl\u0259r \u015euras\u0131na kritik se\u00e7kil\u0259r ke\u00e7iril\u0259c\u0259k. Parlament se\u00e7kil\u0259ri il\u0259 yana\u015f\u0131, \u0259sas diqq\u0259t s\u0259kkiz ild\u0259n bir ke\u00e7iril\u0259n Ekspertl\u0259r \u015euras\u0131na se\u00e7kil\u0259r\u0259 y\u00f6n\u0259lib. M\u0259clise-\u015euraye-X\u00fcbreqan adlanan bu qurum \u00f6lk\u0259nin ali r\u0259hb\u0259rini se\u00e7ir. \u0130ndi bu v\u0259zif\u0259d\u0259 ay\u0259tullah Seyid \u018fli Xameneidir,&hellip;<\/p>\n","protected":false},"author":2,"featured_media":694421,"comment_status":"closed","ping_status":"closed","sticky":false,"template":"","format":"standard","meta":{"om_disable_all_campaigns":false,"_monsterinsights_skip_tracking":false,"_monsterinsights_sitenote_active":false,"_monsterinsights_sitenote_note":"","_monsterinsights_sitenote_category":0},"categories":[4],"tags":[],"aioseo_notices":[],"gutentor_comment":0,"rttpg_featured_image_url":{"full":["https:\/\/arantv.az\/wp-content\/uploads\/2024\/02\/iUNYTQYGewhezbEyxJyXDdq1PWXR0tj6KzODyzm8.jpg",620,413,false],"landscape":["https:\/\/arantv.az\/wp-content\/uploads\/2024\/02\/iUNYTQYGewhezbEyxJyXDdq1PWXR0tj6KzODyzm8.jpg",620,413,false],"portraits":["https:\/\/arantv.az\/wp-content\/uploads\/2024\/02\/iUNYTQYGewhezbEyxJyXDdq1PWXR0tj6KzODyzm8.jpg",620,413,false],"thumbnail":["https:\/\/arantv.az\/wp-content\/uploads\/2024\/02\/iUNYTQYGewhezbEyxJyXDdq1PWXR0tj6KzODyzm8-500x280.jpg",500,280,true],"medium":["https:\/\/arantv.az\/wp-content\/uploads\/2024\/02\/iUNYTQYGewhezbEyxJyXDdq1PWXR0tj6KzODyzm8-548x365.jpg",548,365,true],"large":["https:\/\/arantv.az\/wp-content\/uploads\/2024\/02\/iUNYTQYGewhezbEyxJyXDdq1PWXR0tj6KzODyzm8.jpg",620,413,false],"1536x1536":["https:\/\/arantv.az\/wp-content\/uploads\/2024\/02\/iUNYTQYGewhezbEyxJyXDdq1PWXR0tj6KzODyzm8.jpg",620,413,false],"2048x2048":["https:\/\/arantv.az\/wp-content\/uploads\/2024\/02\/iUNYTQYGewhezbEyxJyXDdq1PWXR0tj6KzODyzm8.jpg",620,413,false],"post-thumbnail":["https:\/\/arantv.az\/wp-content\/uploads\/2024\/02\/iUNYTQYGewhezbEyxJyXDdq1PWXR0tj6KzODyzm8-240x172.jpg",240,172,true],"advps-thumb-one":["https:\/\/arantv.az\/wp-content\/uploads\/2024\/02\/iUNYTQYGewhezbEyxJyXDdq1PWXR0tj6KzODyzm8.jpg",620,413,false]},"rttpg_author":{"display_name":"V\u00fcsal Rafiqo\u011flu","author_link":"https:\/\/arantv.az\/?author=2"},"rttpg_comment":0,"rttpg_category":"<a href=\"https:\/\/arantv.az\/?cat=4\" rel=\"category\">Siyas\u0259t<\/a>","rttpg_excerpt":"\u0130randa se\u00e7ki \u00f6nc\u0259si v\u0259ziyy\u0259t d\u00fcnyan\u0131n diqq\u0259tind\u0259dir. M\u00fchafiz\u0259kar qanad siyasi sah\u0259d\u0259 total t\u0259mizl\u0259m\u0259 apar\u0131b. Filtrd\u0259n ke\u00e7m\u0259y\u0259nl\u0259r aras\u0131nda Q\u0259rbl\u0259 m\u0259hdud \u0259m\u0259kda\u015fl\u0131q konsepsiyas\u0131n\u0131n t\u0259r\u0259fdar\u0131 hesab olunan \u0130ran\u0131n ke\u00e7mi\u015f prezidenti H\u0259s\u0259n Ruhani d\u0259 var. \u201cKaspi\u201d\u00a0q\u0259zeti m\u00f6vzu il\u0259 ba\u011fl\u0131 m\u0259qal\u0259 d\u0259rc edib. \u0130randa mart\u0131n 1-d\u0259 parlament se\u00e7kil\u0259ri il\u0259 eyni g\u00fcnd\u0259 \u0259sas funksiyas\u0131 \u00f6lk\u0259nin ali liderini se\u00e7m\u0259k olan h\u00f6kum\u0259t orqan\u0131na &#8211;&hellip;","_links":{"self":[{"href":"https:\/\/arantv.az\/index.php?rest_route=\/wp\/v2\/posts\/694420"}],"collection":[{"href":"https:\/\/arantv.az\/index.php?rest_route=\/wp\/v2\/posts"}],"about":[{"href":"https:\/\/arantv.az\/index.php?rest_route=\/wp\/v2\/types\/post"}],"author":[{"embeddable":true,"href":"https:\/\/arantv.az\/index.php?rest_route=\/wp\/v2\/users\/2"}],"replies":[{"embeddable":true,"href":"https:\/\/arantv.az\/index.php?rest_route=%2Fwp%2Fv2%2Fcomments&post=694420"}],"version-history":[{"count":0,"href":"https:\/\/arantv.az\/index.php?rest_route=\/wp\/v2\/posts\/694420\/revisions"}],"wp:featuredmedia":[{"embeddable":true,"href":"https:\/\/arantv.az\/index.php?rest_route=\/wp\/v2\/media\/694421"}],"wp:attachment":[{"href":"https:\/\/arantv.az\/index.php?rest_route=%2Fwp%2Fv2%2Fmedia&parent=694420"}],"wp:term":[{"taxonomy":"category","embeddable":true,"href":"https:\/\/arantv.az\/index.php?rest_route=%2Fwp%2Fv2%2Fcategories&post=694420"},{"taxonomy":"post_tag","embeddable":true,"href":"https:\/\/arantv.az\/index.php?rest_route=%2Fwp%2Fv2%2Ftags&post=694420"}],"curies":[{"name":"wp","href":"https:\/\/api.w.org\/{rel}","templated":true}]}}