{"id":69471,"date":"2019-06-27T08:05:32","date_gmt":"2019-06-27T05:05:32","guid":{"rendered":"http:\/\/arantv.az\/?p=69471"},"modified":"2019-06-27T08:05:32","modified_gmt":"2019-06-27T05:05:32","slug":"baltikyani-olk%c9%99l%c9%99rin-gurcustan-polsa-v%c9%99-ukraynanin-numay%c9%99nd%c9%99-hey%c9%99tl%c9%99ri-aspa-ni-t%c9%99rk-edib","status":"publish","type":"post","link":"https:\/\/arantv.az\/?p=69471","title":{"rendered":"Baltikyan\u0131 \u00f6lk\u0259l\u0259rin, G\u00fcrc\u00fcstan, Pol\u015fa v\u0259 Ukraynan\u0131n n\u00fcmay\u0259nd\u0259 hey\u0259tl\u0259ri A\u015ePA-n\u0131 t\u0259rk edib"},"content":{"rendered":"<p>Ukrayna n\u00fcmay\u0259nd\u0259 hey\u0259ti Avropa \u015euras\u0131n\u0131n Parlament Assambleyas\u0131n\u0131 t\u0259rk edib.<\/p>\n<p><strong>ARANTV.AZ<\/strong> trend-\u0259 istinad\u0259n bildirir ki,\u00a0bunu Ukrayna n\u00fcmay\u0259nd\u0259 hey\u0259tinin \u00fczvl\u0259rind\u0259 biri deyib.<\/p>\n<p>N\u00fcmay\u0259nd\u0259 hey\u0259tinin r\u0259hb\u0259ri Vladimir Aryev bildirib ki, Ukraynan\u0131n g\u0259l\u0259c\u0259kd\u0259 A\u015ePA-da olmas\u0131 m\u0259s\u0259l\u0259sin\u0259 iyulun 21-i ke\u00e7iril\u0259c\u0259k n\u00f6vb\u0259d\u0259nk\u0259nar se\u00e7kil\u0259r n\u0259tic\u0259sind\u0259 se\u00e7il\u0259r\u0259ck Ali Radan\u0131n yeni t\u0259rkibi q\u0259rar ver\u0259c\u0259k.<\/p>\n<p>Ukrayna n\u00fcmay\u0259nd\u0259 hey\u0259tinin \u00fczv\u00fc Aleksey Qon\u00e7arenko bildirib ki, A\u015ePA-n\u0131n yay sessiyas\u0131n\u0131 Ukrayna il\u0259 yana\u015f\u0131 Estoniya, Latviya, Litva, G\u00fcrc\u00fcstan n\u00fcmay\u0259nd\u0259 hey\u0259tl\u0259ri v\u0259 Pol\u015fa n\u00fcmay\u0259nd\u0259 hey\u0259tinin bir hiss\u0259si t\u0259rk edirl\u0259r.<\/p>\n","protected":false},"excerpt":{"rendered":"<p>Ukrayna n\u00fcmay\u0259nd\u0259 hey\u0259ti Avropa \u015euras\u0131n\u0131n Parlament Assambleyas\u0131n\u0131 t\u0259rk edib. ARANTV.AZ trend-\u0259 istinad\u0259n bildirir ki,\u00a0bunu Ukrayna n\u00fcmay\u0259nd\u0259 hey\u0259tinin \u00fczvl\u0259rind\u0259 biri deyib. N\u00fcmay\u0259nd\u0259 hey\u0259tinin r\u0259hb\u0259ri Vladimir Aryev bildirib ki, Ukraynan\u0131n g\u0259l\u0259c\u0259kd\u0259 A\u015ePA-da olmas\u0131 m\u0259s\u0259l\u0259sin\u0259 iyulun 21-i ke\u00e7iril\u0259c\u0259k n\u00f6vb\u0259d\u0259nk\u0259nar se\u00e7kil\u0259r n\u0259tic\u0259sind\u0259 se\u00e7il\u0259r\u0259ck Ali Radan\u0131n yeni t\u0259rkibi q\u0259rar ver\u0259c\u0259k. Ukrayna n\u00fcmay\u0259nd\u0259 hey\u0259tinin \u00fczv\u00fc Aleksey Qon\u00e7arenko bildirib ki, A\u015ePA-n\u0131n yay sessiyas\u0131n\u0131 Ukrayna il\u0259 yana\u015f\u0131 Estoniya, Latviya, Litva, G\u00fcrc\u00fcstan n\u00fcmay\u0259nd\u0259 hey\u0259tl\u0259ri v\u0259 Pol\u015fa n\u00fcmay\u0259nd\u0259 hey\u0259tinin bir hiss\u0259si t\u0259rk edirl\u0259r.<\/p>\n","protected":false},"author":2,"featured_media":69472,"comment_status":"closed","ping_status":"closed","sticky":false,"template":"","format":"standard","meta":{"om_disable_all_campaigns":false,"_monsterinsights_skip_tracking":false,"_monsterinsights_sitenote_active":false,"_monsterinsights_sitenote_note":"","_monsterinsights_sitenote_category":0},"categories":[7],"tags":[],"aioseo_notices":[],"gutentor_comment":0,"rttpg_featured_image_url":{"full":["https:\/\/arantv.az\/wp-content\/uploads\/2019\/06\/aspa.jpg",367,275,false],"landscape":["https:\/\/arantv.az\/wp-content\/uploads\/2019\/06\/aspa.jpg",367,275,false],"portraits":["https:\/\/arantv.az\/wp-content\/uploads\/2019\/06\/aspa.jpg",367,275,false],"thumbnail":["https:\/\/arantv.az\/wp-content\/uploads\/2019\/06\/aspa-150x150.jpg",150,150,true],"medium":["https:\/\/arantv.az\/wp-content\/uploads\/2019\/06\/aspa-300x225.jpg",300,225,true],"large":["https:\/\/arantv.az\/wp-content\/uploads\/2019\/06\/aspa.jpg",367,275,false],"1536x1536":["https:\/\/arantv.az\/wp-content\/uploads\/2019\/06\/aspa.jpg",367,275,false],"2048x2048":["https:\/\/arantv.az\/wp-content\/uploads\/2019\/06\/aspa.jpg",367,275,false],"post-thumbnail":["https:\/\/arantv.az\/wp-content\/uploads\/2019\/06\/aspa-240x172.jpg",240,172,true],"advps-thumb-one":["https:\/\/arantv.az\/wp-content\/uploads\/2019\/06\/aspa.jpg",367,275,false]},"rttpg_author":{"display_name":"V\u00fcsal Rafiqo\u011flu","author_link":"https:\/\/arantv.az\/?author=2"},"rttpg_comment":0,"rttpg_category":"<a href=\"https:\/\/arantv.az\/?cat=7\" rel=\"category\">D\u00fcnya<\/a>","rttpg_excerpt":"Ukrayna n\u00fcmay\u0259nd\u0259 hey\u0259ti Avropa \u015euras\u0131n\u0131n Parlament Assambleyas\u0131n\u0131 t\u0259rk edib. ARANTV.AZ trend-\u0259 istinad\u0259n bildirir ki,\u00a0bunu Ukrayna n\u00fcmay\u0259nd\u0259 hey\u0259tinin \u00fczvl\u0259rind\u0259 biri deyib. N\u00fcmay\u0259nd\u0259 hey\u0259tinin r\u0259hb\u0259ri Vladimir Aryev bildirib ki, Ukraynan\u0131n g\u0259l\u0259c\u0259kd\u0259 A\u015ePA-da olmas\u0131 m\u0259s\u0259l\u0259sin\u0259 iyulun 21-i ke\u00e7iril\u0259c\u0259k n\u00f6vb\u0259d\u0259nk\u0259nar se\u00e7kil\u0259r n\u0259tic\u0259sind\u0259 se\u00e7il\u0259r\u0259ck Ali Radan\u0131n yeni t\u0259rkibi q\u0259rar ver\u0259c\u0259k. Ukrayna n\u00fcmay\u0259nd\u0259 hey\u0259tinin \u00fczv\u00fc Aleksey Qon\u00e7arenko bildirib ki, A\u015ePA-n\u0131n yay&hellip;","_links":{"self":[{"href":"https:\/\/arantv.az\/index.php?rest_route=\/wp\/v2\/posts\/69471"}],"collection":[{"href":"https:\/\/arantv.az\/index.php?rest_route=\/wp\/v2\/posts"}],"about":[{"href":"https:\/\/arantv.az\/index.php?rest_route=\/wp\/v2\/types\/post"}],"author":[{"embeddable":true,"href":"https:\/\/arantv.az\/index.php?rest_route=\/wp\/v2\/users\/2"}],"replies":[{"embeddable":true,"href":"https:\/\/arantv.az\/index.php?rest_route=%2Fwp%2Fv2%2Fcomments&post=69471"}],"version-history":[{"count":0,"href":"https:\/\/arantv.az\/index.php?rest_route=\/wp\/v2\/posts\/69471\/revisions"}],"wp:featuredmedia":[{"embeddable":true,"href":"https:\/\/arantv.az\/index.php?rest_route=\/wp\/v2\/media\/69472"}],"wp:attachment":[{"href":"https:\/\/arantv.az\/index.php?rest_route=%2Fwp%2Fv2%2Fmedia&parent=69471"}],"wp:term":[{"taxonomy":"category","embeddable":true,"href":"https:\/\/arantv.az\/index.php?rest_route=%2Fwp%2Fv2%2Fcategories&post=69471"},{"taxonomy":"post_tag","embeddable":true,"href":"https:\/\/arantv.az\/index.php?rest_route=%2Fwp%2Fv2%2Ftags&post=69471"}],"curies":[{"name":"wp","href":"https:\/\/api.w.org\/{rel}","templated":true}]}}