{"id":694723,"date":"2024-02-26T10:59:57","date_gmt":"2024-02-26T06:59:57","guid":{"rendered":"https:\/\/arantv.az\/?p=694723"},"modified":"2024-02-26T10:59:57","modified_gmt":"2024-02-26T06:59:57","slug":"turkiy%c9%99nin-ordu-modeli-az%c9%99rbaycanda-artiq-tam-oturusub","status":"publish","type":"post","link":"https:\/\/arantv.az\/?p=694723","title":{"rendered":"T\u00fcrkiy\u0259nin ordu modeli Az\u0259rbaycanda art\u0131q tam oturu\u015fub"},"content":{"rendered":"<p><em><strong>Prezident se\u00e7kil\u0259rind\u0259n sonra Prezident \u0130lham \u018fliyevin ilk r\u0259smi s\u0259f\u0259ri qarda\u015f T\u00fcrkiy\u0259y\u0259 oldu. Bu, t\u0259sad\u00fcfi deyil, qarda\u015fl\u0131q \u0259laq\u0259l\u0259rinin t\u0259zah\u00fcr\u00fcd\u00fcr. T\u00fcrkiy\u0259 Prezidenti R\u0259c\u0259b Tayyib \u018frdo\u011fan\u0131n g\u00f6r\u00fc\u015fd\u0259 qeyd etdiyi kimi, T\u00fcrkiy\u0259-Az\u0259rbaycan \u0259m\u0259kda\u015fl\u0131\u011f\u0131n\u0131n \u00dcmummilli Lider Heyd\u0259r \u018fliyevin vur\u011fulad\u0131\u011f\u0131 \u201cBir mill\u0259t, iki d\u00f6vl\u0259t\u201d \u015f\u00fcar\u0131 \u0259sas\u0131nda ir\u0259lil\u0259diyini g\u00f6r\u00fcr\u00fck. T\u00fcrkiy\u0259 bu g\u00fcn d\u00fcnya miqyas\u0131nda s\u00f6z sahibidir. T\u0259kc\u0259 b\u00f6lg\u0259mizd\u0259 deyil, d\u00fcnya miqyas\u0131nda bir \u00e7ox m\u0259s\u0259l\u0259l\u0259r T\u00fcrkiy\u0259nin m\u00f6vqeyind\u0259n as\u0131l\u0131d\u0131r. T\u00fcrkiy\u0259 b\u00f6lg\u0259mizd\u0259 \u0259min-amanl\u0131\u011f\u0131n, s\u00fclh\u00fcn v\u0259 i\u015fbirliyinin qarant\u0131d\u0131r. Haqq sava\u015f\u0131nda, 44 g\u00fcnl\u00fck V\u0259t\u0259n M\u00fcharib\u0259si d\u00f6vr\u00fcnd\u0259 b\u00fct\u00fcn d\u00fcnya g\u00f6rd\u00fc ki, Az\u0259rbaycan t\u0259k deyil, T\u00fcrkiy\u0259 haqq i\u015find\u0259 Az\u0259rbaycan\u0131n yan\u0131ndad\u0131r.<\/strong><\/em><\/p>\n<p>2020-ci ilin noyabr ay\u0131nda \u0130kinci Qaraba\u011f sava\u015f\u0131 ba\u015fa \u00e7atanda Az\u0259rbaycan i\u015f\u011falda olan \u0259razisinin b\u00f6y\u00fck hiss\u0259sini azad etdi v\u0259 b\u00fct\u00fcn 44 g\u00fcn \u0259rzind\u0259 T\u00fcrkiy\u0259 bizim yan\u0131m\u0131zda oldu. Sava\u015f\u0131n ilk saatlar\u0131ndan T\u00fcrkiy\u0259nin d\u0259st\u0259yi v\u0259 q\u0259ti a\u00e7\u0131qlamalar\u0131 bir \u00e7oxlar\u0131 \u00fc\u00e7\u00fcn ciddi mesaj idi v\u0259 m\u0259hz o ciddi mesajlar bir \u00e7oxlar\u0131n\u0131 bu i\u015f\u0259 m\u00fcdaxil\u0259 etm\u0259kd\u0259n k\u0259narda saxlad\u0131. T\u00fcrkiy\u0259 il\u0259 \u0259m\u0259kda\u015fl\u0131\u011f\u0131m\u0131z\u0131n \u00f6n\u0259mli istiqam\u0259tl\u0259rind\u0259n biri d\u0259 h\u0259rbi sah\u0259d\u0259 i\u015fbirliyidir. Bizim ordular\u0131m\u0131z bir yumruq anlam\u0131na g\u0259lib, h\u0259r il \u0259n az\u0131 10 h\u0259rbi t\u0259lim h\u0259m T\u00fcrkiy\u0259d\u0259, h\u0259m Az\u0259rbaycanda ke\u00e7irilir v\u0259 bel\u0259likl\u0259, bizim h\u0259rbi g\u00fcc\u00fcm\u00fcz daha da art\u0131r.<\/p>\n<p>\u0130kinci Qaraba\u011f sava\u015f\u0131 v\u0259 ondan sonra 5 ay \u0259vv\u0259l ke\u00e7irdiyimiz lokal antiterror t\u0259dbirl\u0259ri bir daha onu g\u00f6st\u0259rdi ki, T\u00fcrkiy\u0259nin ordu modeli Az\u0259rbaycanda art\u0131q tam oturu\u015fub. Qaraba\u011fda ke\u00e7irilmi\u015f antiterror \u0259m\u0259liyyat\u0131 \u00f6lk\u0259mizin suverenliyini tam t\u0259sdiql\u0259di, art\u0131q b\u00f6l\u00fcc\u00fc, separat\u00e7\u0131 q\u00fcvv\u0259l\u0259r\u0259 Az\u0259rbaycan \u0259razisind\u0259 yer yoxdur v\u0259 bundan sonra he\u00e7 vaxt olmayacaq. Az\u0259rbaycan T\u00fcrkiy\u0259nin u\u011furlar\u0131na \u00f6z u\u011furlar\u0131 kimi sevinir. T\u00fcrkiy\u0259nin g\u00fccl\u00fc s\u0259naye potensial\u0131, g\u00fccl\u00fc iqtisadiyyat\u0131, o c\u00fcml\u0259d\u0259n h\u0259rbi g\u00fcc\u00fc T\u00fcrk d\u00fcnyas\u0131na m\u0259nsub olan h\u0259r bir insan\u0131 sevindirir. Az\u0259rbaycan xalq\u0131 T\u00fcrkiy\u0259nin qarda\u015fl\u0131q d\u0259st\u0259yini he\u00e7 vaxt unutmayacaq. \u0130kinci Qaraba\u011f sava\u015f\u0131ndan sonra biz\u0259 g\u00f6st\u0259ril\u0259n d\u0259st\u0259k bu \u0259laq\u0259l\u0259ri yeni y\u00fcks\u0259k zirv\u0259y\u0259 qald\u0131rd\u0131. T\u00fcrkiy\u0259-Az\u0259rbaycan birliyi t\u0259kc\u0259 b\u00f6lg\u0259 \u00fc\u00e7\u00fcn deyil, Avrasiya \u00fc\u00e7\u00fcn \u00f6n\u0259mli amil\u0259 \u00e7evrilib. Prezident \u0130lham \u018fliyev cari ilin 19 fevral tarixind\u0259 T\u00fcrkiy\u0259nin paytaxt\u0131 Ankarada r\u0259smi s\u0259f\u0259ri zaman\u0131 m\u0259tbuata verdiyi b\u0259yanatla bir \u00e7ox siyasi mesaj verdi. Bu g\u00fcn M\u00fctt\u0259fiqlik B\u0259yannam\u0259sini \u0259sas g\u00f6t\u00fcr\u0259r\u0259k biz b\u00fct\u00fcn m\u0259s\u0259l\u0259l\u0259rd\u0259 bir yerd\u0259yik, bir n\u00f6qt\u0259y\u0259 vururuq. Biz \u00f6z g\u00fcc\u00fcm\u00fcz\u0259 g\u00fcc qat\u0131r\u0131q v\u0259 T\u00fcrk d\u00fcnyas\u0131n\u0131n birl\u0259\u015fm\u0259si, ortaq k\u00f6kl\u0259r\u0259 sahib olan xalqlar\u0131n bir arada olmas\u0131 T\u00fcrk D\u00f6vl\u0259tl\u0259ri T\u0259\u015fkilat\u0131n\u0131n h\u0259r bir \u00fczv\u00fcn\u00fc g\u00fccl\u0259ndir\u0259c\u0259k. Cari ilin iyul ay\u0131nda T\u00fcrk D\u00f6vl\u0259tl\u0259ri T\u0259\u015fkilat\u0131n\u0131n \u015eu\u015fada qeyri-r\u0259smi Zirv\u0259 g\u00f6r\u00fc\u015f\u00fc ke\u00e7iril\u0259c\u0259k. M\u00fc\u015fahid\u0259\u00e7i statusunda olan \u015eimali Kipr T\u00fcrk C\u00fcmhuriyy\u0259tinin Prezidenti d\u0259 s\u00f6z\u00fcged\u0259n g\u00f6r\u00fc\u015fd\u0259 i\u015ftirak ed\u0259c\u0259k v\u0259 bu, T\u00fcrk xalqlar\u0131n\u0131n birliyi i\u015fin\u0259 n\u00f6vb\u0259ti g\u00fccl\u00fc t\u0259kan ver\u0259c\u0259k. Bizim birg\u0259 h\u0259yata ke\u00e7irdiyimiz layih\u0259l\u0259r kifay\u0259t q\u0259d\u0259r \u00e7oxdur. N\u0259qliyyat, enerji layih\u0259l\u0259ri bizim s\u0259rh\u0259dl\u0259rimizd\u0259n k\u0259narda da art\u0131q \u00f6n\u0259mli rol oynay\u0131r. Enerji v\u0259 n\u0259qliyyat t\u0259hl\u00fck\u0259sizliyi bu g\u00fcn d\u00fcnya g\u00fcnd\u0259liyinin \u00f6n s\u0131ralar\u0131nda olan m\u00f6vzulard\u0131r. \u201cAz\u0259rbaycan Respublikas\u0131n\u0131n Elm v\u0259 T\u0259hsil Nazirliyi il\u0259 T\u00fcrkiy\u0259 Respublikas\u0131n\u0131n Ali T\u0259hsil \u015euras\u0131 aras\u0131nda T\u00fcrkiy\u0259-Az\u0259rbaycan Universitetinin yarad\u0131lmas\u0131na dair Anla\u015fma Memorandumu\u201d, \u201cAz\u0259rbaycan Respublikas\u0131 H\u00f6kum\u0259ti il\u0259 T\u00fcrkiy\u0259 Respublikas\u0131 H\u00f6kum\u0259ti aras\u0131nda baytarl\u0131q sah\u0259sind\u0259 \u0259m\u0259kda\u015fl\u0131q haqq\u0131nda Sazi\u015f\u201di, \u201cAz\u0259rbaycan Respublikas\u0131 v\u0259 T\u00fcrkiy\u0259 Respublikas\u0131 aras\u0131nda g\u0259lirl\u0259r\u0259 g\u00f6r\u0259 vergil\u0259r\u0259 m\u00fcnasib\u0259td\u0259 ikiqat vergitutman\u0131n aradan qald\u0131r\u0131lmas\u0131 v\u0259 vergid\u0259n yay\u0131nman\u0131n qar\u015f\u0131s\u0131n\u0131n al\u0131nmas\u0131 haqq\u0131nda Sazi\u015f\u201d Ankarada Prezident \u0130lham \u018fliyevin v\u0259 Prezident R\u0259c\u0259b Tayyib \u018frdo\u011fan\u0131n i\u015ftirak\u0131 il\u0259 imzalanm\u0131\u015f vacib Az\u0259rbaycan-T\u00fcrkiy\u0259 s\u0259n\u0259dl\u0259ridir. T\u00fcrkiy\u0259 Prezidenti R\u0259c\u0259b Tayyib \u018frdo\u011fan da \u0259n\u0259n\u0259sin\u0259 sadiq qalaraq b\u0259yanat\u0131nda Az\u0259rbaycanla ba\u011fl\u0131 m\u00fch\u00fcm a\u00e7\u0131qlamalar verdi. \u201cAz\u0259rbaycan il\u0259 Erm\u0259nistan aras\u0131nda davaml\u0131 s\u00fclh\u00fcn imzalanmas\u0131n\u0131n b\u00f6lg\u0259miz v\u0259 d\u00fcnyada s\u00fclh, \u0259min-amanl\u0131q v\u0259 sabitlik \u00fc\u00e7\u00fcn yeni bir \u00fcmid m\u0259nb\u0259yi olaca\u011f\u0131 \u015f\u00fcbh\u0259sizdir. Bu prosesd\u0259 Az\u0259rbaycan il\u0259 birlikd\u0259 \u00e7iyin-\u00e7iyin\u0259 h\u0259r\u0259k\u0259t edirik\u201d, \u2013 dey\u0259n qarda\u015f \u00f6lk\u0259nin Prezidenti son vaxtlar A\u015ePA-n\u0131n \u00f6lk\u0259miz\u0259 qar\u015f\u0131 s\u0259rgil\u0259diyi qeyri-obyektiv q\u0259rarlardan da s\u00f6z a\u00e7araq qeyd etdi ki, Avropa \u015euras\u0131 Parlament Assambleyas\u0131nda Az\u0259rbaycan n\u00fcmay\u0259nd\u0259 hey\u0259tinin bu il ke\u00e7iril\u0259c\u0259k t\u0259dbirl\u0259r\u0259 qat\u0131lmas\u0131na mane\u0259 yarad\u0131lmas\u0131 il\u0259 ba\u011fl\u0131 q\u0259bul edil\u0259n q\u0259rarlara etiraz\u0131m\u0131z\u0131 g\u00fccl\u00fc \u015f\u0259kild\u0259 g\u00f6st\u0259rdik. Q\u0259bul olunan q\u0259rar l\u0259\u011fv edil\u0259n\u0259 q\u0259d\u0259r Az\u0259rbaycana d\u0259st\u0259yimizi v\u0259 bu istiqam\u0259td\u0259ki s\u0259yl\u0259rimizi davam etdir\u0259c\u0259yik. Bir s\u00f6zl\u0259, Az\u0259rbaycan v\u0259 T\u00fcrkiy\u0259 xalqlar\u0131 \u0259cdadlar\u0131n b\u00fct\u00fcn \u0259n\u0259n\u0259l\u0259rin\u0259 sadiqdirl\u0259r. \u018flaq\u0259l\u0259r y\u00fcks\u0259l\u0259n x\u0259tl\u0259 inki\u015faf edir.<\/p>\n<p><strong>Q\u00f6n\u00e7\u0259 Ocaqverdiyeva,<\/strong><br \/>\n<em>X\u0259tai rayonu 27 n\u00f6mr\u0259li m\u0259kt\u0259bin kitabxana m\u00fcd\u00fcr\u00fc,<br \/>\nYAP X\u0259tai rayon t\u0259\u015fkilat\u0131n\u0131n \u00fczv\u00fc<\/em><\/p>\n","protected":false},"excerpt":{"rendered":"<p>Prezident se\u00e7kil\u0259rind\u0259n sonra Prezident \u0130lham \u018fliyevin ilk r\u0259smi s\u0259f\u0259ri qarda\u015f T\u00fcrkiy\u0259y\u0259 oldu. Bu, t\u0259sad\u00fcfi deyil, qarda\u015fl\u0131q \u0259laq\u0259l\u0259rinin t\u0259zah\u00fcr\u00fcd\u00fcr. T\u00fcrkiy\u0259 Prezidenti R\u0259c\u0259b Tayyib \u018frdo\u011fan\u0131n g\u00f6r\u00fc\u015fd\u0259 qeyd etdiyi kimi, T\u00fcrkiy\u0259-Az\u0259rbaycan \u0259m\u0259kda\u015fl\u0131\u011f\u0131n\u0131n \u00dcmummilli Lider Heyd\u0259r \u018fliyevin vur\u011fulad\u0131\u011f\u0131 \u201cBir mill\u0259t, iki d\u00f6vl\u0259t\u201d \u015f\u00fcar\u0131 \u0259sas\u0131nda ir\u0259lil\u0259diyini g\u00f6r\u00fcr\u00fck. T\u00fcrkiy\u0259 bu g\u00fcn d\u00fcnya miqyas\u0131nda s\u00f6z sahibidir. T\u0259kc\u0259 b\u00f6lg\u0259mizd\u0259 deyil, d\u00fcnya miqyas\u0131nda bir \u00e7ox m\u0259s\u0259l\u0259l\u0259r T\u00fcrkiy\u0259nin m\u00f6vqeyind\u0259n as\u0131l\u0131d\u0131r. T\u00fcrkiy\u0259 b\u00f6lg\u0259mizd\u0259 \u0259min-amanl\u0131\u011f\u0131n, s\u00fclh\u00fcn v\u0259 i\u015fbirliyinin qarant\u0131d\u0131r. Haqq sava\u015f\u0131nda, 44 g\u00fcnl\u00fck V\u0259t\u0259n M\u00fcharib\u0259si d\u00f6vr\u00fcnd\u0259 b\u00fct\u00fcn d\u00fcnya g\u00f6rd\u00fc ki, Az\u0259rbaycan t\u0259k deyil, T\u00fcrkiy\u0259 haqq i\u015find\u0259 Az\u0259rbaycan\u0131n yan\u0131ndad\u0131r. 2020-ci ilin noyabr ay\u0131nda&hellip;<\/p>\n","protected":false},"author":2,"featured_media":694725,"comment_status":"closed","ping_status":"closed","sticky":false,"template":"","format":"standard","meta":{"om_disable_all_campaigns":false,"_monsterinsights_skip_tracking":false,"_monsterinsights_sitenote_active":false,"_monsterinsights_sitenote_note":"","_monsterinsights_sitenote_category":0},"categories":[19],"tags":[],"aioseo_notices":[],"gutentor_comment":0,"rttpg_featured_image_url":{"full":["https:\/\/arantv.az\/wp-content\/uploads\/2024\/02\/f51238cd169684304359662559310666134-1.jpg",975,540,false],"landscape":["https:\/\/arantv.az\/wp-content\/uploads\/2024\/02\/f51238cd169684304359662559310666134-1.jpg",975,540,false],"portraits":["https:\/\/arantv.az\/wp-content\/uploads\/2024\/02\/f51238cd169684304359662559310666134-1.jpg",975,540,false],"thumbnail":["https:\/\/arantv.az\/wp-content\/uploads\/2024\/02\/f51238cd169684304359662559310666134-1-500x280.jpg",500,280,true],"medium":["https:\/\/arantv.az\/wp-content\/uploads\/2024\/02\/f51238cd169684304359662559310666134-1-660x365.jpg",660,365,true],"large":["https:\/\/arantv.az\/wp-content\/uploads\/2024\/02\/f51238cd169684304359662559310666134-1-840x465.jpg",640,354,true],"1536x1536":["https:\/\/arantv.az\/wp-content\/uploads\/2024\/02\/f51238cd169684304359662559310666134-1.jpg",975,540,false],"2048x2048":["https:\/\/arantv.az\/wp-content\/uploads\/2024\/02\/f51238cd169684304359662559310666134-1.jpg",975,540,false],"post-thumbnail":["https:\/\/arantv.az\/wp-content\/uploads\/2024\/02\/f51238cd169684304359662559310666134-1-240x172.jpg",240,172,true],"advps-thumb-one":["https:\/\/arantv.az\/wp-content\/uploads\/2024\/02\/f51238cd169684304359662559310666134-1.jpg",975,540,false]},"rttpg_author":{"display_name":"V\u00fcsal Rafiqo\u011flu","author_link":"https:\/\/arantv.az\/?author=2"},"rttpg_comment":0,"rttpg_category":"<a href=\"https:\/\/arantv.az\/?cat=19\" rel=\"category\">G\u00fcnd\u0259m<\/a>","rttpg_excerpt":"Prezident se\u00e7kil\u0259rind\u0259n sonra Prezident \u0130lham \u018fliyevin ilk r\u0259smi s\u0259f\u0259ri qarda\u015f T\u00fcrkiy\u0259y\u0259 oldu. Bu, t\u0259sad\u00fcfi deyil, qarda\u015fl\u0131q \u0259laq\u0259l\u0259rinin t\u0259zah\u00fcr\u00fcd\u00fcr. T\u00fcrkiy\u0259 Prezidenti R\u0259c\u0259b Tayyib \u018frdo\u011fan\u0131n g\u00f6r\u00fc\u015fd\u0259 qeyd etdiyi kimi, T\u00fcrkiy\u0259-Az\u0259rbaycan \u0259m\u0259kda\u015fl\u0131\u011f\u0131n\u0131n \u00dcmummilli Lider Heyd\u0259r \u018fliyevin vur\u011fulad\u0131\u011f\u0131 \u201cBir mill\u0259t, iki d\u00f6vl\u0259t\u201d \u015f\u00fcar\u0131 \u0259sas\u0131nda ir\u0259lil\u0259diyini g\u00f6r\u00fcr\u00fck. T\u00fcrkiy\u0259 bu g\u00fcn d\u00fcnya miqyas\u0131nda s\u00f6z sahibidir. T\u0259kc\u0259 b\u00f6lg\u0259mizd\u0259 deyil, d\u00fcnya miqyas\u0131nda bir&hellip;","_links":{"self":[{"href":"https:\/\/arantv.az\/index.php?rest_route=\/wp\/v2\/posts\/694723"}],"collection":[{"href":"https:\/\/arantv.az\/index.php?rest_route=\/wp\/v2\/posts"}],"about":[{"href":"https:\/\/arantv.az\/index.php?rest_route=\/wp\/v2\/types\/post"}],"author":[{"embeddable":true,"href":"https:\/\/arantv.az\/index.php?rest_route=\/wp\/v2\/users\/2"}],"replies":[{"embeddable":true,"href":"https:\/\/arantv.az\/index.php?rest_route=%2Fwp%2Fv2%2Fcomments&post=694723"}],"version-history":[{"count":0,"href":"https:\/\/arantv.az\/index.php?rest_route=\/wp\/v2\/posts\/694723\/revisions"}],"wp:featuredmedia":[{"embeddable":true,"href":"https:\/\/arantv.az\/index.php?rest_route=\/wp\/v2\/media\/694725"}],"wp:attachment":[{"href":"https:\/\/arantv.az\/index.php?rest_route=%2Fwp%2Fv2%2Fmedia&parent=694723"}],"wp:term":[{"taxonomy":"category","embeddable":true,"href":"https:\/\/arantv.az\/index.php?rest_route=%2Fwp%2Fv2%2Fcategories&post=694723"},{"taxonomy":"post_tag","embeddable":true,"href":"https:\/\/arantv.az\/index.php?rest_route=%2Fwp%2Fv2%2Ftags&post=694723"}],"curies":[{"name":"wp","href":"https:\/\/api.w.org\/{rel}","templated":true}]}}