{"id":694785,"date":"2024-02-26T12:35:39","date_gmt":"2024-02-26T08:35:39","guid":{"rendered":"https:\/\/arantv.az\/?p=694785"},"modified":"2024-02-26T12:35:39","modified_gmt":"2024-02-26T08:35:39","slug":"ail%c9%99-uzvl%c9%99rini-itir%c9%99n-xocali-sakini-s%c9%99kill%c9%99rl%c9%99-t%c9%99skinlik-tapiram-video","status":"publish","type":"post","link":"https:\/\/arantv.az\/?p=694785","title":{"rendered":"Ail\u0259 \u00fczvl\u0259rini itir\u0259n Xocal\u0131 sakini: \u201c\u015e\u0259kill\u0259rl\u0259 t\u0259skinlik tap\u0131ram\u201d &#8211; V\u0130DEO"},"content":{"rendered":"<article class=\"news\">\n<div class=\"news-inner\">\n<p>Qan yadda\u015f\u0131m\u0131z olan Xocal\u0131 soyq\u0131r\u0131m\u0131n\u0131n t\u00f6r\u0259dilm\u0259sind\u0259n 32 il ke\u00e7ir.<\/p>\n<p>Xocal\u0131 faci\u0259sinin d\u0259h\u015f\u0259tl\u0259rini ya\u015fayanlardan biri d\u0259 Goranboyda m\u0259skunla\u015fan ke\u00e7mi\u015f m\u0259cburi k\u00f6\u00e7k\u00fcn Qarya\u011fd\u0131 Quliyevdir.<\/p>\n<p>79 ya\u015fl\u0131 Xocal\u0131 sakininin h\u0259min d\u0259h\u015f\u0259tli gec\u0259d\u0259 do\u011fmalar\u0131\u00a0\u015f\u0259hid olublar.<\/p>\n<p>\u201cBe\u015f \u00f6vlad\u0131m var idi. Onlar\u0131n \u00fc\u00e7\u00fcn\u00fc v\u0259 h\u0259yat yolda\u015f\u0131m\u0131 \u015f\u0259hid verdim. Erm\u0259nil\u0259r he\u00e7 birinin n\u0259\u015fini verm\u0259dil\u0259r. 32 ildir h\u0259l\u0259 d\u0259 bir x\u0259b\u0259r yoxdur, \u015f\u0259kill\u0259rl\u0259 t\u0259skinlik tap\u0131ram\u201d, &#8211; Q.Quliyev deyib.<\/p>\n<p>\u018ftrafl\u0131 Baku TV-nin s\u00fcjetini t\u0259qdim edirik:<\/p>\n<div><iframe loading=\"lazy\" title=\"YouTube video player\" src=\"https:\/\/www.youtube.com\/embed\/b0WtVuynyBM?si=Dk8dtQz1axkWb2HB\" width=\"560\" height=\"315\" frameborder=\"0\" allowfullscreen=\"allowfullscreen\" data-mce-fragment=\"1\"><\/iframe><\/div>\n<\/div>\n<\/article>\n","protected":false},"excerpt":{"rendered":"<p>Qan yadda\u015f\u0131m\u0131z olan Xocal\u0131 soyq\u0131r\u0131m\u0131n\u0131n t\u00f6r\u0259dilm\u0259sind\u0259n 32 il ke\u00e7ir. Xocal\u0131 faci\u0259sinin d\u0259h\u015f\u0259tl\u0259rini ya\u015fayanlardan biri d\u0259 Goranboyda m\u0259skunla\u015fan ke\u00e7mi\u015f m\u0259cburi k\u00f6\u00e7k\u00fcn Qarya\u011fd\u0131 Quliyevdir. 79 ya\u015fl\u0131 Xocal\u0131 sakininin h\u0259min d\u0259h\u015f\u0259tli gec\u0259d\u0259 do\u011fmalar\u0131\u00a0\u015f\u0259hid olublar. \u201cBe\u015f \u00f6vlad\u0131m var idi. Onlar\u0131n \u00fc\u00e7\u00fcn\u00fc v\u0259 h\u0259yat yolda\u015f\u0131m\u0131 \u015f\u0259hid verdim. Erm\u0259nil\u0259r he\u00e7 birinin n\u0259\u015fini verm\u0259dil\u0259r. 32 ildir h\u0259l\u0259 d\u0259 bir x\u0259b\u0259r yoxdur, \u015f\u0259kill\u0259rl\u0259 t\u0259skinlik tap\u0131ram\u201d, &#8211; Q.Quliyev deyib. \u018ftrafl\u0131 Baku TV-nin s\u00fcjetini t\u0259qdim edirik:<\/p>\n","protected":false},"author":2,"featured_media":694786,"comment_status":"closed","ping_status":"closed","sticky":false,"template":"","format":"standard","meta":{"om_disable_all_campaigns":false,"_monsterinsights_skip_tracking":false,"_monsterinsights_sitenote_active":false,"_monsterinsights_sitenote_note":"","_monsterinsights_sitenote_category":0},"categories":[1],"tags":[],"aioseo_notices":[],"gutentor_comment":0,"rttpg_featured_image_url":{"full":["https:\/\/arantv.az\/wp-content\/uploads\/2024\/02\/XOCALA\u00b0.jpg",620,413,false],"landscape":["https:\/\/arantv.az\/wp-content\/uploads\/2024\/02\/XOCALA\u00b0.jpg",620,413,false],"portraits":["https:\/\/arantv.az\/wp-content\/uploads\/2024\/02\/XOCALA\u00b0.jpg",620,413,false],"thumbnail":["https:\/\/arantv.az\/wp-content\/uploads\/2024\/02\/XOCALA\u00b0-500x280.jpg",500,280,true],"medium":["https:\/\/arantv.az\/wp-content\/uploads\/2024\/02\/XOCALA\u00b0-548x365.jpg",548,365,true],"large":["https:\/\/arantv.az\/wp-content\/uploads\/2024\/02\/XOCALA\u00b0.jpg",620,413,false],"1536x1536":["https:\/\/arantv.az\/wp-content\/uploads\/2024\/02\/XOCALA\u00b0.jpg",620,413,false],"2048x2048":["https:\/\/arantv.az\/wp-content\/uploads\/2024\/02\/XOCALA\u00b0.jpg",620,413,false],"post-thumbnail":["https:\/\/arantv.az\/wp-content\/uploads\/2024\/02\/XOCALA\u00b0-240x172.jpg",240,172,true],"advps-thumb-one":["https:\/\/arantv.az\/wp-content\/uploads\/2024\/02\/XOCALA\u00b0.jpg",620,413,false]},"rttpg_author":{"display_name":"V\u00fcsal Rafiqo\u011flu","author_link":"https:\/\/arantv.az\/?author=2"},"rttpg_comment":0,"rttpg_category":"<a href=\"https:\/\/arantv.az\/?cat=1\" rel=\"category\">C\u0259miyy\u0259t<\/a>","rttpg_excerpt":"Qan yadda\u015f\u0131m\u0131z olan Xocal\u0131 soyq\u0131r\u0131m\u0131n\u0131n t\u00f6r\u0259dilm\u0259sind\u0259n 32 il ke\u00e7ir. Xocal\u0131 faci\u0259sinin d\u0259h\u015f\u0259tl\u0259rini ya\u015fayanlardan biri d\u0259 Goranboyda m\u0259skunla\u015fan ke\u00e7mi\u015f m\u0259cburi k\u00f6\u00e7k\u00fcn Qarya\u011fd\u0131 Quliyevdir. 79 ya\u015fl\u0131 Xocal\u0131 sakininin h\u0259min d\u0259h\u015f\u0259tli gec\u0259d\u0259 do\u011fmalar\u0131\u00a0\u015f\u0259hid olublar. \u201cBe\u015f \u00f6vlad\u0131m var idi. Onlar\u0131n \u00fc\u00e7\u00fcn\u00fc v\u0259 h\u0259yat yolda\u015f\u0131m\u0131 \u015f\u0259hid verdim. Erm\u0259nil\u0259r he\u00e7 birinin n\u0259\u015fini verm\u0259dil\u0259r. 32 ildir h\u0259l\u0259 d\u0259 bir x\u0259b\u0259r yoxdur, \u015f\u0259kill\u0259rl\u0259&hellip;","_links":{"self":[{"href":"https:\/\/arantv.az\/index.php?rest_route=\/wp\/v2\/posts\/694785"}],"collection":[{"href":"https:\/\/arantv.az\/index.php?rest_route=\/wp\/v2\/posts"}],"about":[{"href":"https:\/\/arantv.az\/index.php?rest_route=\/wp\/v2\/types\/post"}],"author":[{"embeddable":true,"href":"https:\/\/arantv.az\/index.php?rest_route=\/wp\/v2\/users\/2"}],"replies":[{"embeddable":true,"href":"https:\/\/arantv.az\/index.php?rest_route=%2Fwp%2Fv2%2Fcomments&post=694785"}],"version-history":[{"count":0,"href":"https:\/\/arantv.az\/index.php?rest_route=\/wp\/v2\/posts\/694785\/revisions"}],"wp:featuredmedia":[{"embeddable":true,"href":"https:\/\/arantv.az\/index.php?rest_route=\/wp\/v2\/media\/694786"}],"wp:attachment":[{"href":"https:\/\/arantv.az\/index.php?rest_route=%2Fwp%2Fv2%2Fmedia&parent=694785"}],"wp:term":[{"taxonomy":"category","embeddable":true,"href":"https:\/\/arantv.az\/index.php?rest_route=%2Fwp%2Fv2%2Fcategories&post=694785"},{"taxonomy":"post_tag","embeddable":true,"href":"https:\/\/arantv.az\/index.php?rest_route=%2Fwp%2Fv2%2Ftags&post=694785"}],"curies":[{"name":"wp","href":"https:\/\/api.w.org\/{rel}","templated":true}]}}