{"id":69545,"date":"2019-06-27T10:10:19","date_gmt":"2019-06-27T07:10:19","guid":{"rendered":"http:\/\/arantv.az\/?p=69545"},"modified":"2019-06-27T10:10:19","modified_gmt":"2019-06-27T07:10:19","slug":"agentlik-s%c9%99dri-turizm-f%c9%99aliyy%c9%99tin%c9%99-n%c9%99zar%c9%99t-mexanizminin-yaradilmasina-z%c9%99rur%c9%99t-yaranib","status":"publish","type":"post","link":"https:\/\/arantv.az\/?p=69545","title":{"rendered":"Agentlik s\u0259dri: &#8220;Turizm f\u0259aliyy\u0259tin\u0259 n\u0259zar\u0259t mexanizminin yarad\u0131lmas\u0131na z\u0259rur\u0259t yaran\u0131b&#8221;"},"content":{"rendered":"<p><strong>Turizm f\u0259aliyy\u0259ti \u00fczr\u0259 lisenziyalar\u0131n l\u0259\u011fvi s\u0259nayed\u0259 canlanma yaratsa da, bundan sui-istifad\u0259 ed\u0259nl\u0259r d\u0259 olub.<\/strong><\/p>\n<p><strong>ARANTV.AZ<\/strong> trend-\u0259 istinad\u0259n bildirir ki,\u00a0bunu D\u00f6vl\u0259t Turizm Agentliyinin s\u0259dri (DTA) Fuad Na\u011f\u0131yev deyib.<\/p>\n<p>Onun s\u00f6zl\u0259rin\u0259 g\u00f6r\u0259, turizm \u015firk\u0259tl\u0259rinin f\u0259aliyy\u0259tin\u0259 n\u0259zar\u0259t mexanizminin yarad\u0131lmas\u0131na yenid\u0259n z\u0259rur\u0259t yaran\u0131b. Bunun \u00fc\u00e7\u00fcn D\u00f6vl\u0259t Turizm Agentliyinin d\u00f6vl\u0259t reyestrinin yarad\u0131lmas\u0131 \u00fc\u00e7\u00fcn i\u015f apard\u0131\u011f\u0131n\u0131 dey\u0259n F.Na\u011f\u0131yev \u0259lav\u0259 edib ki, bu mexanizm haz\u0131rlanark\u0259n turizm \u015firk\u0259tl\u0259rinin mara\u011f\u0131 n\u0259z\u0259r\u0259 al\u0131nacaq, qanunla t\u0259nziml\u0259n\u0259n i\u015fl\u0259k mexanizml\u0259r haz\u0131rlanacaq:<\/p>\n<p>&#8220;DTA d\u00f6vl\u0259t v\u0259 \u00f6z\u0259l biznes \u0259m\u0259kda\u015fl\u0131\u011f\u0131n\u0131 \u0259sas tutaraq biznes qurumlarla m\u00fcnasib\u0259tl\u0259rin inki\u015faf\u0131nda maraql\u0131d\u0131r. Biz sa\u011flam r\u0259qab\u0259t m\u00fchitinin olmas\u0131n\u0131n t\u0259r\u0259fdar\u0131y\u0131q, ictimai t\u0259\u015f\u0259bb\u00fcsl\u0259ri d\u0259st\u0259kl\u0259yirik. Hesab edirik ki, ictimai n\u0259zar\u0259t v\u0259 birg\u0259 f\u0259aliyy\u0259t bazar \u00fc\u00e7\u00fcn \u00f6n\u0259mlidir&#8221;.<\/p>\n<p>F.Na\u011f\u0131yev \u0259lav\u0259 edib ki, ixtisasl\u0131 kadrlar\u0131n haz\u0131rlanmas\u0131 v\u0259 onlar\u0131n pe\u015f\u0259kar kimi yeti\u015fm\u0259si d\u0259 \u0259sas h\u0259d\u0259fl\u0259rd\u0259ndir: &#8220;Turistl\u0259r\u0259 g\u00f6st\u0259ril\u0259n xidm\u0259tinin s\u0259viyy\u0259sinin art\u0131r\u0131lmas\u0131, onlar\u0131n \u00f6lk\u0259d\u0259n m\u0259mnun ayr\u0131lmas\u0131 turizm sah\u0259sind\u0259 \u00e7al\u0131\u015fan h\u0259r k\u0259sin mara\u011f\u0131nda olmal\u0131d\u0131r. Turizm kompleks xidm\u0259t sah\u0259sidir, onun inki\u015faf\u0131 da bu sferan\u0131n keyfiyy\u0259ti v\u0259 inki\u015faf s\u0259viyy\u0259sind\u0259n as\u0131l\u0131d\u0131r&#8221;.<\/p>\n","protected":false},"excerpt":{"rendered":"<p>Turizm f\u0259aliyy\u0259ti \u00fczr\u0259 lisenziyalar\u0131n l\u0259\u011fvi s\u0259nayed\u0259 canlanma yaratsa da, bundan sui-istifad\u0259 ed\u0259nl\u0259r d\u0259 olub. ARANTV.AZ trend-\u0259 istinad\u0259n bildirir ki,\u00a0bunu D\u00f6vl\u0259t Turizm Agentliyinin s\u0259dri (DTA) Fuad Na\u011f\u0131yev deyib. Onun s\u00f6zl\u0259rin\u0259 g\u00f6r\u0259, turizm \u015firk\u0259tl\u0259rinin f\u0259aliyy\u0259tin\u0259 n\u0259zar\u0259t mexanizminin yarad\u0131lmas\u0131na yenid\u0259n z\u0259rur\u0259t yaran\u0131b. Bunun \u00fc\u00e7\u00fcn D\u00f6vl\u0259t Turizm Agentliyinin d\u00f6vl\u0259t reyestrinin yarad\u0131lmas\u0131 \u00fc\u00e7\u00fcn i\u015f apard\u0131\u011f\u0131n\u0131 dey\u0259n F.Na\u011f\u0131yev \u0259lav\u0259 edib ki, bu mexanizm haz\u0131rlanark\u0259n turizm \u015firk\u0259tl\u0259rinin mara\u011f\u0131 n\u0259z\u0259r\u0259 al\u0131nacaq, qanunla t\u0259nziml\u0259n\u0259n i\u015fl\u0259k mexanizml\u0259r haz\u0131rlanacaq: &#8220;DTA d\u00f6vl\u0259t v\u0259 \u00f6z\u0259l biznes \u0259m\u0259kda\u015fl\u0131\u011f\u0131n\u0131 \u0259sas tutaraq biznes qurumlarla m\u00fcnasib\u0259tl\u0259rin inki\u015faf\u0131nda maraql\u0131d\u0131r. Biz sa\u011flam r\u0259qab\u0259t m\u00fchitinin olmas\u0131n\u0131n t\u0259r\u0259fdar\u0131y\u0131q, ictimai t\u0259\u015f\u0259bb\u00fcsl\u0259ri d\u0259st\u0259kl\u0259yirik.&hellip;<\/p>\n","protected":false},"author":2,"featured_media":69546,"comment_status":"closed","ping_status":"closed","sticky":false,"template":"","format":"standard","meta":{"om_disable_all_campaigns":false,"_monsterinsights_skip_tracking":false,"_monsterinsights_sitenote_active":false,"_monsterinsights_sitenote_note":"","_monsterinsights_sitenote_category":0},"categories":[1],"tags":[],"aioseo_notices":[],"gutentor_comment":0,"rttpg_featured_image_url":{"full":["https:\/\/arantv.az\/wp-content\/uploads\/2019\/06\/766391.jpg",800,600,false],"landscape":["https:\/\/arantv.az\/wp-content\/uploads\/2019\/06\/766391.jpg",800,600,false],"portraits":["https:\/\/arantv.az\/wp-content\/uploads\/2019\/06\/766391.jpg",800,600,false],"thumbnail":["https:\/\/arantv.az\/wp-content\/uploads\/2019\/06\/766391-150x150.jpg",150,150,true],"medium":["https:\/\/arantv.az\/wp-content\/uploads\/2019\/06\/766391-300x225.jpg",300,225,true],"large":["https:\/\/arantv.az\/wp-content\/uploads\/2019\/06\/766391.jpg",640,480,false],"1536x1536":["https:\/\/arantv.az\/wp-content\/uploads\/2019\/06\/766391.jpg",800,600,false],"2048x2048":["https:\/\/arantv.az\/wp-content\/uploads\/2019\/06\/766391.jpg",800,600,false],"post-thumbnail":["https:\/\/arantv.az\/wp-content\/uploads\/2019\/06\/766391-240x172.jpg",240,172,true],"advps-thumb-one":["https:\/\/arantv.az\/wp-content\/uploads\/2019\/06\/766391.jpg",800,600,false]},"rttpg_author":{"display_name":"V\u00fcsal Rafiqo\u011flu","author_link":"https:\/\/arantv.az\/?author=2"},"rttpg_comment":0,"rttpg_category":"<a href=\"https:\/\/arantv.az\/?cat=1\" rel=\"category\">C\u0259miyy\u0259t<\/a>","rttpg_excerpt":"Turizm f\u0259aliyy\u0259ti \u00fczr\u0259 lisenziyalar\u0131n l\u0259\u011fvi s\u0259nayed\u0259 canlanma yaratsa da, bundan sui-istifad\u0259 ed\u0259nl\u0259r d\u0259 olub. ARANTV.AZ trend-\u0259 istinad\u0259n bildirir ki,\u00a0bunu D\u00f6vl\u0259t Turizm Agentliyinin s\u0259dri (DTA) Fuad Na\u011f\u0131yev deyib. Onun s\u00f6zl\u0259rin\u0259 g\u00f6r\u0259, turizm \u015firk\u0259tl\u0259rinin f\u0259aliyy\u0259tin\u0259 n\u0259zar\u0259t mexanizminin yarad\u0131lmas\u0131na yenid\u0259n z\u0259rur\u0259t yaran\u0131b. Bunun \u00fc\u00e7\u00fcn D\u00f6vl\u0259t Turizm Agentliyinin d\u00f6vl\u0259t reyestrinin yarad\u0131lmas\u0131 \u00fc\u00e7\u00fcn i\u015f apard\u0131\u011f\u0131n\u0131 dey\u0259n F.Na\u011f\u0131yev \u0259lav\u0259 edib ki,&hellip;","_links":{"self":[{"href":"https:\/\/arantv.az\/index.php?rest_route=\/wp\/v2\/posts\/69545"}],"collection":[{"href":"https:\/\/arantv.az\/index.php?rest_route=\/wp\/v2\/posts"}],"about":[{"href":"https:\/\/arantv.az\/index.php?rest_route=\/wp\/v2\/types\/post"}],"author":[{"embeddable":true,"href":"https:\/\/arantv.az\/index.php?rest_route=\/wp\/v2\/users\/2"}],"replies":[{"embeddable":true,"href":"https:\/\/arantv.az\/index.php?rest_route=%2Fwp%2Fv2%2Fcomments&post=69545"}],"version-history":[{"count":0,"href":"https:\/\/arantv.az\/index.php?rest_route=\/wp\/v2\/posts\/69545\/revisions"}],"wp:featuredmedia":[{"embeddable":true,"href":"https:\/\/arantv.az\/index.php?rest_route=\/wp\/v2\/media\/69546"}],"wp:attachment":[{"href":"https:\/\/arantv.az\/index.php?rest_route=%2Fwp%2Fv2%2Fmedia&parent=69545"}],"wp:term":[{"taxonomy":"category","embeddable":true,"href":"https:\/\/arantv.az\/index.php?rest_route=%2Fwp%2Fv2%2Fcategories&post=69545"},{"taxonomy":"post_tag","embeddable":true,"href":"https:\/\/arantv.az\/index.php?rest_route=%2Fwp%2Fv2%2Ftags&post=69545"}],"curies":[{"name":"wp","href":"https:\/\/api.w.org\/{rel}","templated":true}]}}