{"id":69548,"date":"2019-06-27T10:11:05","date_gmt":"2019-06-27T07:11:05","guid":{"rendered":"http:\/\/arantv.az\/?p=69548"},"modified":"2019-06-27T10:11:05","modified_gmt":"2019-06-27T07:11:05","slug":"paytaxt-kiyev-basqa-%c9%99raziy%c9%99-kocurulur","status":"publish","type":"post","link":"https:\/\/arantv.az\/?p=69548","title":{"rendered":"Paytaxt Kiyev ba\u015fqa \u0259raziy\u0259 k\u00f6\u00e7\u00fcr\u00fcl\u00fcr?"},"content":{"rendered":"<p>Ukrayna Prezidenti\u00a0<strong>Vladimir Zelenski<\/strong>nin t\u0259r\u0259fdarlar\u0131 paytaxt Kiyevin ba\u015fqa \u0259raziy\u0259 k\u00f6\u00e7\u00fcr\u00fclm\u0259sini t\u0259klif edibl\u0259r.<\/p>\n<p><strong>ARANTV.AZ<\/strong> qafqazinfo-ya istinad\u0259n x\u0259b\u0259r verir ki,\u00a0bu bar\u0259d\u0259 Ali Radan\u0131n &#8220;M\u00fcxalif platforma-H\u0259yat \u00fc\u00e7\u00fcn&#8221; partiyas\u0131ndan olan deputat\u0131 Vadim Rabinovi\u00e7 bildirib.<\/p>\n<p>&#8220;Ukraynan\u0131n paytaxt\u0131 Kiyevi ba\u015fqa \u0259raziy\u0259 k\u00f6\u00e7\u00fcrm\u0259k laz\u0131md\u0131r. Bu, Zelenski partiyas\u0131n\u0131n r\u0259smi b\u0259yanat\u0131d\u0131r&#8221;, &#8211; dey\u0259 Rabinovi\u00e7 s\u00f6yl\u0259yib.<\/p>\n<p>O, paytaxt\u0131 m\u0259hz hans\u0131 \u0259raziy\u0259 k\u00f6\u00e7\u00fcrm\u0259k ist\u0259dikl\u0259rin\u0259 dair m\u0259lumat\u0131 olmad\u0131\u011f\u0131n\u0131 da s\u00f6zl\u0259rin\u0259 \u0259lav\u0259 edib.<\/p>\n","protected":false},"excerpt":{"rendered":"<p>Ukrayna Prezidenti\u00a0Vladimir Zelenskinin t\u0259r\u0259fdarlar\u0131 paytaxt Kiyevin ba\u015fqa \u0259raziy\u0259 k\u00f6\u00e7\u00fcr\u00fclm\u0259sini t\u0259klif edibl\u0259r. ARANTV.AZ qafqazinfo-ya istinad\u0259n x\u0259b\u0259r verir ki,\u00a0bu bar\u0259d\u0259 Ali Radan\u0131n &#8220;M\u00fcxalif platforma-H\u0259yat \u00fc\u00e7\u00fcn&#8221; partiyas\u0131ndan olan deputat\u0131 Vadim Rabinovi\u00e7 bildirib. &#8220;Ukraynan\u0131n paytaxt\u0131 Kiyevi ba\u015fqa \u0259raziy\u0259 k\u00f6\u00e7\u00fcrm\u0259k laz\u0131md\u0131r. Bu, Zelenski partiyas\u0131n\u0131n r\u0259smi b\u0259yanat\u0131d\u0131r&#8221;, &#8211; dey\u0259 Rabinovi\u00e7 s\u00f6yl\u0259yib. O, paytaxt\u0131 m\u0259hz hans\u0131 \u0259raziy\u0259 k\u00f6\u00e7\u00fcrm\u0259k ist\u0259dikl\u0259rin\u0259 dair m\u0259lumat\u0131 olmad\u0131\u011f\u0131n\u0131 da s\u00f6zl\u0259rin\u0259 \u0259lav\u0259 edib.<\/p>\n","protected":false},"author":2,"featured_media":69549,"comment_status":"closed","ping_status":"closed","sticky":false,"template":"","format":"standard","meta":{"om_disable_all_campaigns":false,"_monsterinsights_skip_tracking":false,"_monsterinsights_sitenote_active":false,"_monsterinsights_sitenote_note":"","_monsterinsights_sitenote_category":0},"categories":[7],"tags":[],"aioseo_notices":[],"gutentor_comment":0,"rttpg_featured_image_url":{"full":["https:\/\/arantv.az\/wp-content\/uploads\/2019\/06\/766352_000.jpg",800,600,false],"landscape":["https:\/\/arantv.az\/wp-content\/uploads\/2019\/06\/766352_000.jpg",800,600,false],"portraits":["https:\/\/arantv.az\/wp-content\/uploads\/2019\/06\/766352_000.jpg",800,600,false],"thumbnail":["https:\/\/arantv.az\/wp-content\/uploads\/2019\/06\/766352_000-150x150.jpg",150,150,true],"medium":["https:\/\/arantv.az\/wp-content\/uploads\/2019\/06\/766352_000-300x225.jpg",300,225,true],"large":["https:\/\/arantv.az\/wp-content\/uploads\/2019\/06\/766352_000.jpg",640,480,false],"1536x1536":["https:\/\/arantv.az\/wp-content\/uploads\/2019\/06\/766352_000.jpg",800,600,false],"2048x2048":["https:\/\/arantv.az\/wp-content\/uploads\/2019\/06\/766352_000.jpg",800,600,false],"post-thumbnail":["https:\/\/arantv.az\/wp-content\/uploads\/2019\/06\/766352_000-240x172.jpg",240,172,true],"advps-thumb-one":["https:\/\/arantv.az\/wp-content\/uploads\/2019\/06\/766352_000.jpg",800,600,false]},"rttpg_author":{"display_name":"V\u00fcsal Rafiqo\u011flu","author_link":"https:\/\/arantv.az\/?author=2"},"rttpg_comment":0,"rttpg_category":"<a href=\"https:\/\/arantv.az\/?cat=7\" rel=\"category\">D\u00fcnya<\/a>","rttpg_excerpt":"Ukrayna Prezidenti\u00a0Vladimir Zelenskinin t\u0259r\u0259fdarlar\u0131 paytaxt Kiyevin ba\u015fqa \u0259raziy\u0259 k\u00f6\u00e7\u00fcr\u00fclm\u0259sini t\u0259klif edibl\u0259r. ARANTV.AZ qafqazinfo-ya istinad\u0259n x\u0259b\u0259r verir ki,\u00a0bu bar\u0259d\u0259 Ali Radan\u0131n &#8220;M\u00fcxalif platforma-H\u0259yat \u00fc\u00e7\u00fcn&#8221; partiyas\u0131ndan olan deputat\u0131 Vadim Rabinovi\u00e7 bildirib. &#8220;Ukraynan\u0131n paytaxt\u0131 Kiyevi ba\u015fqa \u0259raziy\u0259 k\u00f6\u00e7\u00fcrm\u0259k laz\u0131md\u0131r. Bu, Zelenski partiyas\u0131n\u0131n r\u0259smi b\u0259yanat\u0131d\u0131r&#8221;, &#8211; dey\u0259 Rabinovi\u00e7 s\u00f6yl\u0259yib. O, paytaxt\u0131 m\u0259hz hans\u0131 \u0259raziy\u0259 k\u00f6\u00e7\u00fcrm\u0259k ist\u0259dikl\u0259rin\u0259 dair m\u0259lumat\u0131 olmad\u0131\u011f\u0131n\u0131&hellip;","_links":{"self":[{"href":"https:\/\/arantv.az\/index.php?rest_route=\/wp\/v2\/posts\/69548"}],"collection":[{"href":"https:\/\/arantv.az\/index.php?rest_route=\/wp\/v2\/posts"}],"about":[{"href":"https:\/\/arantv.az\/index.php?rest_route=\/wp\/v2\/types\/post"}],"author":[{"embeddable":true,"href":"https:\/\/arantv.az\/index.php?rest_route=\/wp\/v2\/users\/2"}],"replies":[{"embeddable":true,"href":"https:\/\/arantv.az\/index.php?rest_route=%2Fwp%2Fv2%2Fcomments&post=69548"}],"version-history":[{"count":0,"href":"https:\/\/arantv.az\/index.php?rest_route=\/wp\/v2\/posts\/69548\/revisions"}],"wp:featuredmedia":[{"embeddable":true,"href":"https:\/\/arantv.az\/index.php?rest_route=\/wp\/v2\/media\/69549"}],"wp:attachment":[{"href":"https:\/\/arantv.az\/index.php?rest_route=%2Fwp%2Fv2%2Fmedia&parent=69548"}],"wp:term":[{"taxonomy":"category","embeddable":true,"href":"https:\/\/arantv.az\/index.php?rest_route=%2Fwp%2Fv2%2Fcategories&post=69548"},{"taxonomy":"post_tag","embeddable":true,"href":"https:\/\/arantv.az\/index.php?rest_route=%2Fwp%2Fv2%2Ftags&post=69548"}],"curies":[{"name":"wp","href":"https:\/\/api.w.org\/{rel}","templated":true}]}}