{"id":695511,"date":"2024-02-28T11:28:51","date_gmt":"2024-02-28T07:28:51","guid":{"rendered":"https:\/\/arantv.az\/?p=695511"},"modified":"2024-02-28T11:28:51","modified_gmt":"2024-02-28T07:28:51","slug":"abs-az%c9%99rbaycan-v%c9%99-erm%c9%99nistana-cagiris-etdi","status":"publish","type":"post","link":"https:\/\/arantv.az\/?p=695511","title":{"rendered":"AB\u015e Az\u0259rbaycan v\u0259 Erm\u0259nistana \u00e7a\u011f\u0131r\u0131\u015f etdi"},"content":{"rendered":"<p>\u201cVa\u015finqton Az\u0259rbaycan v\u0259 Erm\u0259nistana uzunm\u00fcdd\u0259tli v\u0259 sabit s\u00fclh\u0259 nail olunmas\u0131 il\u0259 ba\u011fl\u0131 \u00e7a\u011f\u0131r\u0131\u015f etm\u0259kd\u0259 davam edir\u201d.<\/p>\n<p>Bunu AB\u015e D\u00f6vl\u0259t Departamentinin n\u00fcmay\u0259nd\u0259si Metyu Miller brifinq zaman\u0131 bildirib.<\/p>\n<p>\u201cM\u0259n indi K\u0130V \u00fc\u00e7\u00fcn konkret b\u0259yanatlar ver\u0259 bilm\u0259r\u0259m, lakin biz t\u0259r\u0259fl\u0259rin uzunm\u00fcdd\u0259tli v\u0259 etibarl\u0131 s\u00fclh sazi\u015finin ba\u011flanmas\u0131 istiqam\u0259tind\u0259 s\u0259yl\u0259rini d\u0259st\u0259kl\u0259m\u0259y\u0259 davam edirik\u201d, &#8211; dey\u0259\u00a0 Miller Erm\u0259nistan v\u0259 Az\u0259rbaycan xarici i\u015fl\u0259r nazirl\u0259rinin Berlind\u0259ki g\u00f6r\u00fc\u015f\u00fcnd\u0259n g\u00f6zl\u0259ntil\u0259rl\u0259 ba\u011fl\u0131 sual\u0131 cavabland\u0131rark\u0259n qeyd edib.<\/p>\n<div id=\"22889818619\"><\/div>\n<p>Xat\u0131rladaq ki, daha \u0259vv\u0259l Az\u0259rbaycan v\u0259 Erm\u0259nistan xarici i\u015fl\u0259r nazirl\u0259rinin g\u00f6r\u00fc\u015f\u00fcn\u00fcn fevral\u0131n 28-29-da Berlind\u0259 ba\u015f tutaca\u011f\u0131 bildirilib.<\/p>\n","protected":false},"excerpt":{"rendered":"<p>\u201cVa\u015finqton Az\u0259rbaycan v\u0259 Erm\u0259nistana uzunm\u00fcdd\u0259tli v\u0259 sabit s\u00fclh\u0259 nail olunmas\u0131 il\u0259 ba\u011fl\u0131 \u00e7a\u011f\u0131r\u0131\u015f etm\u0259kd\u0259 davam edir\u201d. Bunu AB\u015e D\u00f6vl\u0259t Departamentinin n\u00fcmay\u0259nd\u0259si Metyu Miller brifinq zaman\u0131 bildirib. \u201cM\u0259n indi K\u0130V \u00fc\u00e7\u00fcn konkret b\u0259yanatlar ver\u0259 bilm\u0259r\u0259m, lakin biz t\u0259r\u0259fl\u0259rin uzunm\u00fcdd\u0259tli v\u0259 etibarl\u0131 s\u00fclh sazi\u015finin ba\u011flanmas\u0131 istiqam\u0259tind\u0259 s\u0259yl\u0259rini d\u0259st\u0259kl\u0259m\u0259y\u0259 davam edirik\u201d, &#8211; dey\u0259\u00a0 Miller Erm\u0259nistan v\u0259 Az\u0259rbaycan xarici i\u015fl\u0259r nazirl\u0259rinin Berlind\u0259ki g\u00f6r\u00fc\u015f\u00fcnd\u0259n g\u00f6zl\u0259ntil\u0259rl\u0259 ba\u011fl\u0131 sual\u0131 cavabland\u0131rark\u0259n qeyd edib. Xat\u0131rladaq ki, daha \u0259vv\u0259l Az\u0259rbaycan v\u0259 Erm\u0259nistan xarici i\u015fl\u0259r nazirl\u0259rinin g\u00f6r\u00fc\u015f\u00fcn\u00fcn fevral\u0131n 28-29-da Berlind\u0259 ba\u015f tutaca\u011f\u0131 bildirilib.<\/p>\n","protected":false},"author":2,"featured_media":695512,"comment_status":"closed","ping_status":"closed","sticky":false,"template":"","format":"standard","meta":{"om_disable_all_campaigns":false,"_monsterinsights_skip_tracking":false,"_monsterinsights_sitenote_active":false,"_monsterinsights_sitenote_note":"","_monsterinsights_sitenote_category":0},"categories":[4],"tags":[],"aioseo_notices":[],"gutentor_comment":0,"rttpg_featured_image_url":{"full":["https:\/\/arantv.az\/wp-content\/uploads\/2024\/02\/FotoJet-2024-02-28T100803.069.jpg",620,413,false],"landscape":["https:\/\/arantv.az\/wp-content\/uploads\/2024\/02\/FotoJet-2024-02-28T100803.069.jpg",620,413,false],"portraits":["https:\/\/arantv.az\/wp-content\/uploads\/2024\/02\/FotoJet-2024-02-28T100803.069.jpg",620,413,false],"thumbnail":["https:\/\/arantv.az\/wp-content\/uploads\/2024\/02\/FotoJet-2024-02-28T100803.069-500x280.jpg",500,280,true],"medium":["https:\/\/arantv.az\/wp-content\/uploads\/2024\/02\/FotoJet-2024-02-28T100803.069-548x365.jpg",548,365,true],"large":["https:\/\/arantv.az\/wp-content\/uploads\/2024\/02\/FotoJet-2024-02-28T100803.069.jpg",620,413,false],"1536x1536":["https:\/\/arantv.az\/wp-content\/uploads\/2024\/02\/FotoJet-2024-02-28T100803.069.jpg",620,413,false],"2048x2048":["https:\/\/arantv.az\/wp-content\/uploads\/2024\/02\/FotoJet-2024-02-28T100803.069.jpg",620,413,false],"post-thumbnail":["https:\/\/arantv.az\/wp-content\/uploads\/2024\/02\/FotoJet-2024-02-28T100803.069-240x172.jpg",240,172,true],"advps-thumb-one":["https:\/\/arantv.az\/wp-content\/uploads\/2024\/02\/FotoJet-2024-02-28T100803.069.jpg",620,413,false]},"rttpg_author":{"display_name":"V\u00fcsal Rafiqo\u011flu","author_link":"https:\/\/arantv.az\/?author=2"},"rttpg_comment":0,"rttpg_category":"<a href=\"https:\/\/arantv.az\/?cat=4\" rel=\"category\">Siyas\u0259t<\/a>","rttpg_excerpt":"\u201cVa\u015finqton Az\u0259rbaycan v\u0259 Erm\u0259nistana uzunm\u00fcdd\u0259tli v\u0259 sabit s\u00fclh\u0259 nail olunmas\u0131 il\u0259 ba\u011fl\u0131 \u00e7a\u011f\u0131r\u0131\u015f etm\u0259kd\u0259 davam edir\u201d. Bunu AB\u015e D\u00f6vl\u0259t Departamentinin n\u00fcmay\u0259nd\u0259si Metyu Miller brifinq zaman\u0131 bildirib. \u201cM\u0259n indi K\u0130V \u00fc\u00e7\u00fcn konkret b\u0259yanatlar ver\u0259 bilm\u0259r\u0259m, lakin biz t\u0259r\u0259fl\u0259rin uzunm\u00fcdd\u0259tli v\u0259 etibarl\u0131 s\u00fclh sazi\u015finin ba\u011flanmas\u0131 istiqam\u0259tind\u0259 s\u0259yl\u0259rini d\u0259st\u0259kl\u0259m\u0259y\u0259 davam edirik\u201d, &#8211; dey\u0259\u00a0 Miller Erm\u0259nistan v\u0259 Az\u0259rbaycan xarici&hellip;","_links":{"self":[{"href":"https:\/\/arantv.az\/index.php?rest_route=\/wp\/v2\/posts\/695511"}],"collection":[{"href":"https:\/\/arantv.az\/index.php?rest_route=\/wp\/v2\/posts"}],"about":[{"href":"https:\/\/arantv.az\/index.php?rest_route=\/wp\/v2\/types\/post"}],"author":[{"embeddable":true,"href":"https:\/\/arantv.az\/index.php?rest_route=\/wp\/v2\/users\/2"}],"replies":[{"embeddable":true,"href":"https:\/\/arantv.az\/index.php?rest_route=%2Fwp%2Fv2%2Fcomments&post=695511"}],"version-history":[{"count":0,"href":"https:\/\/arantv.az\/index.php?rest_route=\/wp\/v2\/posts\/695511\/revisions"}],"wp:featuredmedia":[{"embeddable":true,"href":"https:\/\/arantv.az\/index.php?rest_route=\/wp\/v2\/media\/695512"}],"wp:attachment":[{"href":"https:\/\/arantv.az\/index.php?rest_route=%2Fwp%2Fv2%2Fmedia&parent=695511"}],"wp:term":[{"taxonomy":"category","embeddable":true,"href":"https:\/\/arantv.az\/index.php?rest_route=%2Fwp%2Fv2%2Fcategories&post=695511"},{"taxonomy":"post_tag","embeddable":true,"href":"https:\/\/arantv.az\/index.php?rest_route=%2Fwp%2Fv2%2Ftags&post=695511"}],"curies":[{"name":"wp","href":"https:\/\/api.w.org\/{rel}","templated":true}]}}