{"id":695521,"date":"2024-02-28T11:33:19","date_gmt":"2024-02-28T07:33:19","guid":{"rendered":"https:\/\/arantv.az\/?p=695521"},"modified":"2024-02-28T11:33:19","modified_gmt":"2024-02-28T07:33:19","slug":"yeni-t%c9%99xribat-plani-havadarlari-erm%c9%99nistani-muharib%c9%99y%c9%99-hazirlasdirir","status":"publish","type":"post","link":"https:\/\/arantv.az\/?p=695521","title":{"rendered":"Yeni t\u0259xribat plan\u0131: Havadarlar\u0131 Erm\u0259nistan\u0131 m\u00fcharib\u0259y\u0259 haz\u0131rla\u015fd\u0131r\u0131r"},"content":{"rendered":"<p><em><strong>Az\u0259rbaycan\u0131n\u00a0 yaratd\u0131\u011f\u0131 yeni reall\u0131qlar C\u0259nubi Qafqazda s\u00fclh\u00fcn b\u0259rq\u0259rar olunmas\u0131na z\u0259min yaratd\u0131. R\u0259smi \u0130r\u0259van da Bak\u0131n\u0131n s\u00fclh \u00e7a\u011f\u0131r\u0131\u015flar\u0131na m\u00fc\u0259yy\u0259n m\u0259nada m\u00fcsb\u0259t cavab verdi. Amma Fransa kimi havadarlar\u0131na arxalanan Erm\u0259nistan sonradan v\u0259din\u0259 d\u00f6n\u00fck \u00e7\u0131xd\u0131. Son g\u00fcnl\u0259r \u0130r\u0259vanda separat\u00e7\u0131lar\u0131n, revan\u015fistl\u0259rin f\u0259alla\u015fmas\u0131 da hadis\u0259l\u0259rin art\u0131q tamamil\u0259 ba\u015fqa bir m\u0259craya y\u00f6n\u0259ldiyind\u0259n x\u0259b\u0259r verir. H\u0259l\u0259 bu azm\u0131\u015f kimi Hayastan \u015f\u0259rti s\u0259rh\u0259dd\u0259 v\u0259ziyy\u0259ti g\u0259rginl\u0259\u015fdirm\u0259kd\u0259dir. Bel\u0259 ki, fevral\u0131n 24-d\u0259\u00a0 Erm\u0259nistan silahl\u0131 q\u00fcvv\u0259l\u0259rinin b\u00f6lm\u0259l\u0259ri ordumuzun K\u0259lb\u0259c\u0259r rayonunun Yellic\u0259 v\u0259 Nax\u00e7\u0131van Muxtar Respublikas\u0131n\u0131n S\u0259d\u0259r\u0259k rayonunun Heyd\u0259rabad ya\u015fay\u0131\u015f m\u0259nt\u0259q\u0259l\u0259ri istiqam\u0259tl\u0259rind\u0259ki m\u00f6vqel\u0259rini at\u0131c\u0131 silahlardan at\u0259\u015f\u0259 tutub. Amma iki \u00f6lk\u0259nin \u015f\u0259rti s\u0259rh\u0259dind\u0259 v\u0259ziyy\u0259tin g\u0259rginl\u0259\u015fdirilm\u0259m\u0259si v\u0259 sabitliyin t\u0259min edilm\u0259si m\u0259qs\u0259dil\u0259 Az\u0259rbaycan Ordusunun b\u00f6lm\u0259l\u0259ri t\u0259r\u0259find\u0259n cavab t\u0259dbirl\u0259ri g\u00f6r\u00fclm\u0259yib. Qeyd ed\u0259k ki, fevral\u0131n 12-d\u0259 v\u0259 16-da Erm\u0259nistan silahl\u0131 q\u00fcvv\u0259l\u0259rinin b\u00f6lm\u0259l\u0259ri m\u00fcxt\u0259lif istiqam\u0259tl\u0259rd\u0259 at\u0259\u015fk\u0259si pozmu\u015fdular. S\u0259b\u0259b n\u0259dir? \u015e\u00fcbh\u0259siz, son g\u00fcnl\u0259r Q\u0259rbd\u0259, \u0259sas\u0259n d\u0259 Fransada Az\u0259rbaycana qar\u015f\u0131 apar\u0131lan kampaniya il\u0259 Erm\u0259nistan\u0131n bu t\u0259xribatlar\u0131 aras\u0131nda ba\u011fl\u0131l\u0131q var.\u00a0<\/strong><\/em><\/p>\n<p><strong>Avropa \u0130ttifaq\u0131 missiyas\u0131n\u0131n f\u0259aliyy\u0259ti s\u0259rh\u0259dd\u0259 g\u0259rginlik yaratmaqd\u0131r<\/strong><\/p>\n<p><strong><img src=\"https:\/\/ikisahil.az\/upload\/\/2023\/11\/12\/\/-98e6f172169979653841272983110521302.jpg\" alt=\"\" \/><\/strong><\/p>\n<p>\u018fg\u0259r xat\u0131rlay\u0131rs\u0131n\u0131zsa, \u0259razil\u0259rimizin i\u015f\u011fal\u0131 d\u00f6n\u0259mind\u0259 d\u0259 dan\u0131\u015f\u0131qlarda azac\u0131q ir\u0259lil\u0259yi\u015f yaranan kimi haylar \u00f6z havadarlar\u0131n\u0131n t\u0259kidi il\u0259 bu kimi t\u0259xribatlar t\u00f6r\u0259tm\u0259yi siyasi kursa \u00e7evirmi\u015fdil\u0259r. El\u0259 indi d\u0259 onlar \u00f6z \u0259n\u0259n\u0259vi metodlar\u0131n\u0131 davam etdirirl\u0259r. Haylar\u0131n\u00a0 is\u0259\u00a0 bu sah\u0259d\u0259ki \u201custal\u0131qlar\u201d\u0131na s\u00f6z ola bilm\u0259z.\u00a0 Erm\u0259nistan\u0131n t\u00f6r\u0259tdiyi t\u0259xribatlar bu \u00f6lk\u0259nin t\u0259cav\u00fczkar m\u00f6vqeyind\u0259n\u00a0 \u0259l \u00e7\u0259km\u0259m\u0259sinin, erm\u0259ni xisl\u0259tinin h\u0259l\u0259 d\u0259 d\u0259yi\u015fm\u0259m\u0259sinin\u00a0 \u0259yani s\u00fcbutudur. Ba\u015f ver\u0259n prosesl\u0259r Erm\u0259nistan\u0131n bu m\u00f6vqeyinin m\u0259qs\u0259dli oldu\u011funu v\u0259 havadarlar\u0131n\u0131n \u0259li il\u0259 yenid\u0259n m\u00fcharib\u0259y\u0259 haz\u0131rla\u015fd\u0131\u011f\u0131n\u0131 t\u0259sdiql\u0259yir.\u00a0 Bir s\u00f6zl\u0259, Erm\u0259nistan he\u00e7 bir v\u0259chl\u0259 \u00f6z revan\u015fist \u0259m\u0259ll\u0259rind\u0259n \u0259l \u00e7\u0259kmir, bununla yana\u015f\u0131, ikili oyunlar oynama\u011fa c\u0259hd edir. Bir t\u0259r\u0259fd\u0259n b\u00f6lg\u0259d\u0259 sabitliyin b\u0259rpa olunmas\u0131, iki \u00f6lk\u0259 aras\u0131nda m\u00fcnasib\u0259tl\u0259rin t\u0259nziml\u0259nm\u0259si m\u0259qs\u0259dil\u0259 s\u00fclh m\u00fcqavil\u0259sinin imzalanmas\u0131na raz\u0131 olduqlar\u0131n\u0131 b\u0259yan edirl\u0259r, dig\u0259r t\u0259r\u0259fd\u0259n d\u0259\u00a0 t\u0259xribatlar\u0131 davam etdirirl\u0259r. T\u0259\u0259ss\u00fcf ki, n\u0259 Avropa \u0130ttifaq\u0131n\u0131n Erm\u0259nistandak\u0131 \u201cm\u00fc\u015fahid\u0259 missiyas\u0131\u201d, n\u0259 d\u0259 dig\u0259r beyn\u0259lxalq qurumlar haz\u0131rda c\u0259r\u0259yan ed\u0259n hadis\u0259l\u0259r\u0259 \u0259sasl\u0131 m\u00fcnasib\u0259t bildirmirl\u0259r. Bu da s\u0259b\u0259bsiz deyil. Onlar\u0131n missiyas\u0131 he\u00e7 d\u0259 iddia etdikl\u0259ri kimi s\u00fclh deyil. \u015e\u0259rti s\u0259rh\u0259dd\u0259 v\u0259ziyy\u0259tl\u0259 ba\u011fl\u0131 k\u0259\u015ffiyyat m\u0259lumatlar\u0131 toplamaq, \u0259raziy\u0259 casuslar yerl\u0259\u015fdirm\u0259kl\u0259 Erm\u0259nistana yard\u0131m\u00e7\u0131 olmaqd\u0131r. \u201cBinokl diplomatiyas\u0131\u201d da bu prosesin t\u0259rkib hiss\u0259sidir.\u00a0 Q\u0259rb diplomatiyas\u0131n\u0131n &#8220;binokl seyri&#8221; is\u0259 sabitlikd\u0259n \u00e7ox qar\u015f\u0131durmaya, Hayastan\u0131 silahland\u0131rma\u011fa xidm\u0259t edir. Bir ne\u00e7\u0259 g\u00fcn \u00f6nc\u0259 xarici i\u015fl\u0259r naziri Ceyhun Bayramov da bildirmi\u015fdi ki, Avropa \u0130ttifaq\u0131 missiyas\u0131n\u0131n f\u0259aliyy\u0259ti s\u0259rh\u0259dd\u0259 g\u0259rginlik yaratmaqd\u0131r: \u201cAvropa \u0130ttifaq\u0131 missiyas\u0131n\u0131n s\u0259rh\u0259dd\u0259ki f\u0259aliyy\u0259ti, g\u0259rginlik olmad\u0131\u011f\u0131 halda m\u00fcxt\u0259lif Q\u0259rb diplomatlar\u0131n\u0131n s\u0259rh\u0259d\u0259 g\u0259lm\u0259si bu m\u0259s\u0259l\u0259nin daim g\u00fcnd\u0259md\u0259 saxlan\u0131lmas\u0131na v\u0259 g\u0259rginlik kimi t\u0259qdim edilm\u0259sin\u0259 xidm\u0259t edir\u201d.<\/p>\n<p><strong>Erm\u0259nistan ordusu \u00fc\u00e7\u00fcn yeni silahlar\u2026<\/strong><\/p>\n<p><img src=\"https:\/\/ikisahil.az\/upload\/\/2023\/01\/25\/\/-a2eab75e167465198099009419310729947.jpg\" alt=\"\" \/><\/p>\n<p>\u015e\u0259rti s\u0259rh\u0259dd\u0259 d\u00f6y\u00fc\u015f\u0259 haz\u0131rla\u015faraq bir ne\u00e7\u0259 y\u00fcks\u0259kliyi \u0259l\u0259 ke\u00e7irm\u0259yi, az da olsa h\u0259rbi q\u0259l\u0259b\u0259 \u0259ld\u0259 ed\u0259r\u0259k \u00fcst\u00fcn m\u00f6vqe \u0259ld\u0259 etm\u0259yi h\u0259d\u0259fl\u0259y\u0259n Hayastan anlamal\u0131d\u0131r ki, h\u0259r hans\u0131 ki\u00e7ik t\u0259xribat onun \u00fc\u00e7\u00fcn\u00a0 b\u00f6y\u00fck bir f\u0259lak\u0259t\u0259 g\u0259tirib \u00e7\u0131xaracaq. Buna r\u0259\u011fm\u0259n o, bu \u015fak\u0259rind\u0259n \u0259l \u00e7\u0259kmir. Halbuki, 5 aya yax\u0131n idi ki, s\u0259rh\u0259dd\u0259 dem\u0259k olar sakitlik m\u00f6vcud idi. G\u00f6r\u00fcn\u00fcr, sakitliyin h\u00f6km s\u00fcrm\u0259si b\u0259zi \u00e7evr\u0259l\u0259ri, o c\u00fcml\u0259d\u0259n t\u0259zav\u00fczkar \u00f6lk\u0259ni n\u00f6vb\u0259ti m\u00fcharib\u0259y\u0259 s\u00fcr\u00fckl\u0259m\u0259kd\u0259 iddial\u0131 olan Fransan\u0131 \u00e7ox narahat edirdi. Odur ki, \u0259ll\u0259rind\u0259n g\u0259l\u0259ni etdil\u0259r ki, v\u0259ziyy\u0259t d\u0259yi\u015fsin, g\u0259rginlik olsun. El\u0259 h\u0259min t\u0259xribatlar\u0131n Nikol Pa\u015finyan\u0131n Fransaya, s\u00f6z\u00fcged\u0259n \u00f6lk\u0259nin\u00a0 m\u00fcdafi\u0259 nazirinin is\u0259 \u0130r\u0259vana r\u0259smi s\u0259f\u0259rl\u0259rind\u0259n sonra ba\u015f verm\u0259si bunu bir daha t\u0259sdiq edir.\u00a0 Yeri g\u0259lmi\u015fk\u0259n qeyd ed\u0259k ki, Makron haz\u0131rda t\u0259cav\u00fczkar \u00f6lk\u0259ni Fransa v\u0259 Hindistanda Fransa lisenziyas\u0131 il\u0259 istehsal olunan silahlarla t\u0259chiz etm\u0259kd\u0259, \u00fcst\u0259lik, onun ordusuna \u0259l g\u0259zdirm\u0259kd\u0259dir. Daha do\u011frusu, frans\u0131z h\u0259rb\u00e7il\u0259rin Erm\u0259nistan piyada v\u0259 da\u011fat\u0131c\u0131 b\u00f6lm\u0259l\u0259rin\u0259 t\u0259liml\u0259r ke\u00e7m\u0259kd\u0259dir.<\/p>\n<p>Fevral\u0131n 21-d\u0259 Fransa Prezidenti Emmanuel Makron Erm\u0259nistan\u0131n ba\u015f naziri Nikol Pa\u015finyan\u0131n Parisd\u0259 birg\u0259 ke\u00e7irdikl\u0259ri brifinqd\u0259 Hayastan\u0131 silahland\u0131rma\u011fa davam ed\u0259c\u0259yini bildirib: \u201cErm\u0259nistanla m\u00fcdafi\u0259 sah\u0259sind\u0259 \u0259m\u0259kda\u015fl\u0131\u011f\u0131 davam etdir\u0259c\u0259yik. Fransa m\u00fcdafi\u0259 t\u0259yinatl\u0131 h\u0259rbi l\u0259vazimatlar\u0131n t\u0259dar\u00fck\u00fcn\u0259 raz\u0131l\u0131q verib v\u0259 he\u00e7 bir g\u0259rginlik ist\u0259m\u0259y\u0259r\u0259k tam m\u0259suliyy\u0259tl\u0259 buna davam ed\u0259c\u0259k\u201d. Makron bu niyy\u0259tl\u0259 xaricd\u0259ki erm\u0259nil\u0259ri d\u0259 Pa\u015finyan\u0131n \u0259traf\u0131nda birl\u0259\u015fm\u0259y\u0259 \u00e7a\u011f\u0131r\u0131b. Bel\u0259 ki, o, el\u0259 h\u0259min s\u0259f\u0259r \u00e7\u0259r\u00e7iv\u0259sind\u0259 Nikol Pa\u015finyanla Fransa-Erm\u0259nistan T\u0259\u015fkilatlar\u0131n\u0131n Koordinasiya \u015euras\u0131n\u0131n h\u0259ms\u0259dri Murad Papazyan aras\u0131nda g\u00f6r\u00fc\u015f d\u0259 t\u0259\u015fkil edib. Daha do\u011frusu, Makron Fransadak\u0131 da\u015fnaklar v\u0259 revan\u015fist q\u00fcvv\u0259l\u0259rl\u0259 Pa\u015finyan\u0131 \u201cbar\u0131\u015fd\u0131rma\u011fa\u201d \u00e7al\u0131\u015f\u0131b. Bu g\u00f6r\u00fc\u015fl\u0259rd\u0259n sonra is\u0259\u00a0 \u201cFransa Erm\u0259nistan\u0131n m\u00fcdafi\u0259 potensial\u0131n\u0131 art\u0131rmaq \u00fc\u00e7\u00fcn ona d\u0259st\u0259k verm\u0259k \u00f6hd\u0259liyi da\u015f\u0131y\u0131r\u201d dey\u0259n Fransan\u0131n m\u00fcdafi\u0259 naziri Sebastyan Lekornunun ba\u015f\u00e7\u0131l\u0131q etdiyi n\u00fcmay\u0259nd\u0259 hey\u0259ti Hayastana ikig\u00fcnl\u00fck r\u0259smi s\u0259f\u0259r\u0259 g\u0259lib. O, Erm\u0259nistan\u0131n m\u00fcdafi\u0259 naziri Suren Papikyanla birg\u0259 \u0130r\u0259vanda ke\u00e7irdiyi m\u0259tbuat konfrans\u0131nda Fransa \u00fc\u00e7\u00fcn s\u0259rh\u0259dl\u0259rin m\u00fchafiz\u0259sinin prioritet oldu\u011funu bildirib. Fevral\u0131n 2-d\u0259 is\u0259 Fransa Milli Jandarmeriyas\u0131n\u0131n briqada general\u0131 Uilyam de Meyer Avropa \u0130ttifaq\u0131n\u0131n Erm\u0259nistandak\u0131 \u201cm\u00fclki\u201d missiyas\u0131n\u0131n yerl\u0259\u015fdiyi \u0259raziy\u0259 ba\u015f \u00e7\u0259kmi\u015f, s\u0259rh\u0259dd\u0259ki v\u0259ziyy\u0259tl\u0259 tan\u0131\u015f olmu\u015fdu. Fransal\u0131 general\u0131n Az\u0259rbaycan m\u00f6vqel\u0259rini durbinl\u0259 m\u00fc\u015fahid\u0259 etm\u0259sind\u0259n 10 g\u00fcn sonra \u015f\u0259rti s\u0259rh\u0259dd\u0259 t\u0259xribat t\u00f6r\u0259dildi.\u00a0 B\u00fct\u00fcn bunlar g\u00f6st\u0259rir ki, C\u0259nubi Qafqazda dayan\u0131ql\u0131 s\u00fclh\u00fcn,\u00a0 qar\u015f\u0131l\u0131ql\u0131 etimad m\u00fchitinin formala\u015fmas\u0131n\u0131n qar\u015f\u0131s\u0131nda \u0259n b\u00f6y\u00fck\u00a0 mane\u0259\u00a0 Fransad\u0131r. El\u0259 t\u0259xribat ssenaril\u0259ri d\u0259 bu \u00f6lk\u0259 t\u0259r\u0259find\u0259n yaz\u0131l\u0131r. Erm\u0259nistan\u0131n Fransa t\u0259r\u0259find\u0259n s\u00fcr\u0259tl\u0259 silahland\u0131r\u0131lmas\u0131, t\u0259xribat xarakterli add\u0131mlar\u0131 atmas\u0131\u00a0 onu dem\u0259y\u0259 \u0259sas verir ki, \u0130r\u0259van s\u00fclh\u0259 deyil, Fransan\u0131n yard\u0131m\u0131 il\u0259 m\u00fcharib\u0259y\u0259 haz\u0131rla\u015f\u0131r. \u00d6z\u00fc d\u0259 b\u00fct\u00fcn bunlar Pa\u015finyan\u0131n Rusiyan\u0131n \u00fcnvan\u0131na s\u0259rt ittihamlar s\u0259sl\u0259ndirm\u0259si v\u0259 Kollektiv T\u0259hl\u00fck\u0259sizlik M\u00fcqavil\u0259si T\u0259\u015fkilat\u0131nda (KTMT) f\u0259aliyy\u0259tinin donduruldu\u011funu b\u0259yan etm\u0259si il\u0259 eyni vaxta t\u0259sad\u00fcf edir.\u00a0 Di g\u0259l, Pa\u015finyan anlam\u0131r ki, Q\u0259rby\u00f6n\u00fcml\u00fc kursu \u015f\u0259raitind\u0259 \u00f6lk\u0259nin KTMT-d\u0259 i\u015ftirak\u0131n\u0131 \u015fifahi m\u00fcst\u0259vid\u0259 d\u0259 olsa, dondurmas\u0131 v\u0259 ya dayand\u0131rmas\u0131 regional qeyri-sabitliyi art\u0131rmaqla, \u0130r\u0259van\u0131n t\u0259hl\u00fck\u0259sizliyini \u0259h\u0259miyy\u0259tli d\u0259r\u0259c\u0259d\u0259 azald\u0131r.<\/p>\n<p><strong>Q\u0259rb Erm\u0259nistan\u0131n vasit\u0259sil\u0259 C\u0259nubi Qafqazda g\u0259rginlik yaratma\u011fa \u00e7al\u0131\u015f\u0131r<\/strong><\/p>\n<p><strong><img src=\"https:\/\/ikisahil.az\/upload\/\/2023\/08\/08\/\/-7fbe9c04169150116778733187810512362.jpg\" alt=\"\" \/><\/strong><\/p>\n<p>\u015e\u00fcbh\u0259siz, bu gedi\u015fat Rusiyan\u0131n yerin\u0259 b\u00f6lg\u0259d\u0259 m\u00f6hk\u0259ml\u0259nm\u0259k ist\u0259y\u0259n, burada s\u00f6z sahibin\u0259 \u00e7evrilm\u0259k niyy\u0259tind\u0259 olan, Z\u0259ng\u0259zur d\u0259hlizinin a\u00e7\u0131lmas\u0131n\u0131 \u0259ng\u0259ll\u0259m\u0259y\u0259 \u00e7al\u0131\u015fan\u00a0 Makronun \u00fcr\u0259yinc\u0259dir.\u00a0 \u00dcmumiyy\u0259tl\u0259, uzun d\u00f6vrl\u0259r erm\u0259nil\u0259rd\u0259n ya\u015fad\u0131qlar\u0131 co\u011frafiyada g\u0259rginlik yaratmaq \u00fc\u00e7\u00fcn istifad\u0259 olunub. Bu g\u00fcn is\u0259 sanki tarix yenid\u0259n t\u0259krarlan\u0131r. Bel\u0259 ki, bu d\u0259f\u0259 Q\u0259rb Erm\u0259nistan\u0131n vasit\u0259sil\u0259 C\u0259nubi Qafqazda g\u0259rginlik yaratma\u011fa \u00e7al\u0131\u015f\u0131r. \u015e\u00fcbh\u0259siz, Az\u0259rbaycan hadis\u0259l\u0259rin ist\u0259nil\u0259n inki\u015faf variant\u0131na haz\u0131rd\u0131r.<\/p>\n<p>B\u00fct\u00fcn t\u0259xribatlar h\u0259m d\u0259 ona d\u0259lal\u0259t edir ki, Erm\u0259nistan havadarlar\u0131n\u0131n \u0259li il\u0259\u00a0 dan\u0131\u015f\u0131qlar format\u0131n\u0131 d\u0259yi\u015fdirm\u0259k niyy\u0259tind\u0259dir.\u00a0 Bununla da onlar b\u00fct\u00fcn s\u00fclh prosesini v\u0259 \u0259ld\u0259 olunan nailiyy\u0259tl\u0259ri s\u0131f\u0131rlamaq ist\u0259yirl\u0259r. Amma bu, onlar\u0131n xam x\u0259yallar\u0131ndan ba\u015fqa bir \u015fey deyil. R\u0259smi \u0130r\u0259van anlamal\u0131d\u0131r ki,\u00a0 bu kimi \u0259m\u0259ll\u0259ri regionda s\u00fclh\u00fcn \u0259sas t\u0259\u015f\u0259bb\u00fcskar\u0131 kimi \u00e7\u0131x\u0131\u015f ed\u0259n Az\u0259rbaycan\u0131 haqq yolundan d\u00f6nd\u0259r\u0259 bilm\u0259y\u0259c\u0259k. Onlar\u0131n h\u0259r d\u0259f\u0259 t\u00f6r\u0259tdikl\u0259ri t\u0259xribat v\u0259 \u015fantajlar da art\u0131q effektli \u015f\u0259kild\u0259 beyn\u0259lxalq al\u0259md\u0259 if\u015fa olunur. Haylar son 3 ild\u0259ki ac\u0131 m\u0259\u011flubiyy\u0259td\u0259n, \u00f6t\u0259n il ke\u00e7irilmi\u015f birg\u00fcnl\u00fck antiterror t\u0259dbirl\u0259rind\u0259n, el\u0259c\u0259 d\u0259 bu ilin fevral\u0131n 13-d\u0259 Az\u0259rbaycan-Erm\u0259nistan \u015f\u0259rti d\u00f6vl\u0259t s\u0259rh\u0259dinin Z\u0259ngilan rayonu \u0259razisind\u0259n ke\u00e7\u0259n hiss\u0259sind\u0259 at\u0259\u015fk\u0259sin pozulmas\u0131ndan sonra Az\u0259rbaycan\u0131n h\u0259yata ke\u00e7irdiyi\u00a0 \u201cqisas \u0259m\u0259liyyat\u201d\u0131ndan n\u0259tic\u0259 \u00e7\u0131xarmal\u0131d\u0131r.\u00a0 Unutqanl\u0131q Hayastana he\u00e7 d\u0259 yax\u015f\u0131 \u015feyl\u0259r v\u0259d etmir. B\u00fct\u00fcn bunlar is\u0259 o dem\u0259kdir ki, bundan sonra da Az\u0259rbaycana qar\u015f\u0131 h\u0259r hans\u0131 bir t\u0259hl\u00fck\u0259 m\u0259nb\u0259yi olsa, o, d\u0259rhal m\u0259hv edil\u0259c\u0259k. Prezident \u0130lham \u018fliyev d\u0259f\u0259l\u0259rl\u0259 \u00e7\u0131x\u0131\u015flar\u0131nda bildirib ki, bundan sonra t\u0259cav\u00fczkar niyy\u0259tli, i\u015f\u011fal niyy\u0259tli h\u0259r hans\u0131 bir q\u00fcvv\u0259 Erm\u0259nistanda ba\u015f qald\u0131rsa, o ba\u015f\u0131 nec\u0259 laz\u0131md\u0131rsa, \u0259z\u0259c\u0259yik. Y\u0259ni, Az\u0259rbaycan Ordusu \u00f6z \u0259razi b\u00fct\u00f6vl\u00fcy\u00fc v\u0259 suverenliyin\u0259 qar\u015f\u0131 b\u00fct\u00fcn t\u0259hdidl\u0259r\u0259 \u0259n s\u0259rt formada cavab ver\u0259c\u0259k. Yaranm\u0131\u015f g\u0259rgin v\u0259ziyy\u0259t\u0259 g\u00f6r\u0259 b\u00fct\u00fcn m\u0259suliyy\u0259t tamamil\u0259 Erm\u0259nistan\u0131n, h\u0259m\u00e7inin b\u00f6lg\u0259d\u0259 v\u0259ziyy\u0259ti g\u0259rginl\u0259\u015fdirm\u0259kd\u0259n \u0259l \u00e7\u0259km\u0259y\u0259n Fransan\u0131n r\u0259hb\u0259rliyinin \u00fcz\u0259rin\u0259 d\u00fc\u015f\u0259c\u0259k.<\/p>\n<p>Erm\u0259nistan is\u0259\u00a0 s\u00fclh ist\u0259yirs\u0259, t\u0259xribatlar\u0131n m\u0259nb\u0259yi olan Avropa \u0130ttifaq\u0131n\u0131n m\u00fc\u015fahid\u0259 missiyas\u0131n\u0131n buna he\u00e7 bir t\u00f6hf\u0259 verm\u0259y\u0259c\u0259yini anlamal\u0131, Fransa il\u0259 m\u00fcnasib\u0259tl\u0259rini korrekt\u0259 etm\u0259lidir. Yeri g\u0259lmi\u015fk\u0259n, Prezident \u0130lham \u018fliyev fevral\u0131n 26-da Xocal\u0131 rayon ictimaiyy\u0259tinin n\u00fcmay\u0259nd\u0259l\u0259ri il\u0259 g\u00f6r\u00fc\u015f\u00fcnd\u0259 Hayastan\u0131 bir daha x\u0259b\u0259rdarl\u0131q ed\u0259r\u0259k demi\u015fdir: \u201cYeni yiy\u0259 axtar\u0131\u015f\u0131nda olan, onun-bunun quca\u011f\u0131na s\u0131\u011f\u0131nan Erm\u0259nistan bilm\u0259lidir ki, yegan\u0259 yol Az\u0259rbaycan\u0131n b\u00fct\u00fcn \u015f\u0259rtl\u0259rini q\u0259bul etm\u0259k v\u0259 Az\u0259rbaycana qar\u015f\u0131 \u0259razi iddialar\u0131ndan \u0259l \u00e7\u0259km\u0259kdir\u201d.<\/p>\n","protected":false},"excerpt":{"rendered":"<p>Az\u0259rbaycan\u0131n\u00a0 yaratd\u0131\u011f\u0131 yeni reall\u0131qlar C\u0259nubi Qafqazda s\u00fclh\u00fcn b\u0259rq\u0259rar olunmas\u0131na z\u0259min yaratd\u0131. R\u0259smi \u0130r\u0259van da Bak\u0131n\u0131n s\u00fclh \u00e7a\u011f\u0131r\u0131\u015flar\u0131na m\u00fc\u0259yy\u0259n m\u0259nada m\u00fcsb\u0259t cavab verdi. Amma Fransa kimi havadarlar\u0131na arxalanan Erm\u0259nistan sonradan v\u0259din\u0259 d\u00f6n\u00fck \u00e7\u0131xd\u0131. Son g\u00fcnl\u0259r \u0130r\u0259vanda separat\u00e7\u0131lar\u0131n, revan\u015fistl\u0259rin f\u0259alla\u015fmas\u0131 da hadis\u0259l\u0259rin art\u0131q tamamil\u0259 ba\u015fqa bir m\u0259craya y\u00f6n\u0259ldiyind\u0259n x\u0259b\u0259r verir. H\u0259l\u0259 bu azm\u0131\u015f kimi Hayastan \u015f\u0259rti s\u0259rh\u0259dd\u0259 v\u0259ziyy\u0259ti g\u0259rginl\u0259\u015fdirm\u0259kd\u0259dir. Bel\u0259 ki, fevral\u0131n 24-d\u0259\u00a0 Erm\u0259nistan silahl\u0131 q\u00fcvv\u0259l\u0259rinin b\u00f6lm\u0259l\u0259ri ordumuzun K\u0259lb\u0259c\u0259r rayonunun Yellic\u0259 v\u0259 Nax\u00e7\u0131van Muxtar Respublikas\u0131n\u0131n S\u0259d\u0259r\u0259k rayonunun Heyd\u0259rabad ya\u015fay\u0131\u015f m\u0259nt\u0259q\u0259l\u0259ri istiqam\u0259tl\u0259rind\u0259ki m\u00f6vqel\u0259rini at\u0131c\u0131 silahlardan at\u0259\u015f\u0259 tutub. Amma iki \u00f6lk\u0259nin \u015f\u0259rti s\u0259rh\u0259dind\u0259 v\u0259ziyy\u0259tin&hellip;<\/p>\n","protected":false},"author":2,"featured_media":695522,"comment_status":"closed","ping_status":"closed","sticky":false,"template":"","format":"standard","meta":{"om_disable_all_campaigns":false,"_monsterinsights_skip_tracking":false,"_monsterinsights_sitenote_active":false,"_monsterinsights_sitenote_note":"","_monsterinsights_sitenote_category":0},"categories":[19],"tags":[],"aioseo_notices":[],"gutentor_comment":0,"rttpg_featured_image_url":{"full":["https:\/\/arantv.az\/wp-content\/uploads\/2024\/02\/e8a69bf6169971817393258524210973031.jpg",975,540,false],"landscape":["https:\/\/arantv.az\/wp-content\/uploads\/2024\/02\/e8a69bf6169971817393258524210973031.jpg",975,540,false],"portraits":["https:\/\/arantv.az\/wp-content\/uploads\/2024\/02\/e8a69bf6169971817393258524210973031.jpg",975,540,false],"thumbnail":["https:\/\/arantv.az\/wp-content\/uploads\/2024\/02\/e8a69bf6169971817393258524210973031-500x280.jpg",500,280,true],"medium":["https:\/\/arantv.az\/wp-content\/uploads\/2024\/02\/e8a69bf6169971817393258524210973031-660x365.jpg",660,365,true],"large":["https:\/\/arantv.az\/wp-content\/uploads\/2024\/02\/e8a69bf6169971817393258524210973031-840x465.jpg",640,354,true],"1536x1536":["https:\/\/arantv.az\/wp-content\/uploads\/2024\/02\/e8a69bf6169971817393258524210973031.jpg",975,540,false],"2048x2048":["https:\/\/arantv.az\/wp-content\/uploads\/2024\/02\/e8a69bf6169971817393258524210973031.jpg",975,540,false],"post-thumbnail":["https:\/\/arantv.az\/wp-content\/uploads\/2024\/02\/e8a69bf6169971817393258524210973031-240x172.jpg",240,172,true],"advps-thumb-one":["https:\/\/arantv.az\/wp-content\/uploads\/2024\/02\/e8a69bf6169971817393258524210973031.jpg",975,540,false]},"rttpg_author":{"display_name":"V\u00fcsal Rafiqo\u011flu","author_link":"https:\/\/arantv.az\/?author=2"},"rttpg_comment":0,"rttpg_category":"<a href=\"https:\/\/arantv.az\/?cat=19\" rel=\"category\">G\u00fcnd\u0259m<\/a>","rttpg_excerpt":"Az\u0259rbaycan\u0131n\u00a0 yaratd\u0131\u011f\u0131 yeni reall\u0131qlar C\u0259nubi Qafqazda s\u00fclh\u00fcn b\u0259rq\u0259rar olunmas\u0131na z\u0259min yaratd\u0131. R\u0259smi \u0130r\u0259van da Bak\u0131n\u0131n s\u00fclh \u00e7a\u011f\u0131r\u0131\u015flar\u0131na m\u00fc\u0259yy\u0259n m\u0259nada m\u00fcsb\u0259t cavab verdi. Amma Fransa kimi havadarlar\u0131na arxalanan Erm\u0259nistan sonradan v\u0259din\u0259 d\u00f6n\u00fck \u00e7\u0131xd\u0131. Son g\u00fcnl\u0259r \u0130r\u0259vanda separat\u00e7\u0131lar\u0131n, revan\u015fistl\u0259rin f\u0259alla\u015fmas\u0131 da hadis\u0259l\u0259rin art\u0131q tamamil\u0259 ba\u015fqa bir m\u0259craya y\u00f6n\u0259ldiyind\u0259n x\u0259b\u0259r verir. H\u0259l\u0259 bu azm\u0131\u015f kimi Hayastan \u015f\u0259rti s\u0259rh\u0259dd\u0259&hellip;","_links":{"self":[{"href":"https:\/\/arantv.az\/index.php?rest_route=\/wp\/v2\/posts\/695521"}],"collection":[{"href":"https:\/\/arantv.az\/index.php?rest_route=\/wp\/v2\/posts"}],"about":[{"href":"https:\/\/arantv.az\/index.php?rest_route=\/wp\/v2\/types\/post"}],"author":[{"embeddable":true,"href":"https:\/\/arantv.az\/index.php?rest_route=\/wp\/v2\/users\/2"}],"replies":[{"embeddable":true,"href":"https:\/\/arantv.az\/index.php?rest_route=%2Fwp%2Fv2%2Fcomments&post=695521"}],"version-history":[{"count":0,"href":"https:\/\/arantv.az\/index.php?rest_route=\/wp\/v2\/posts\/695521\/revisions"}],"wp:featuredmedia":[{"embeddable":true,"href":"https:\/\/arantv.az\/index.php?rest_route=\/wp\/v2\/media\/695522"}],"wp:attachment":[{"href":"https:\/\/arantv.az\/index.php?rest_route=%2Fwp%2Fv2%2Fmedia&parent=695521"}],"wp:term":[{"taxonomy":"category","embeddable":true,"href":"https:\/\/arantv.az\/index.php?rest_route=%2Fwp%2Fv2%2Fcategories&post=695521"},{"taxonomy":"post_tag","embeddable":true,"href":"https:\/\/arantv.az\/index.php?rest_route=%2Fwp%2Fv2%2Ftags&post=695521"}],"curies":[{"name":"wp","href":"https:\/\/api.w.org\/{rel}","templated":true}]}}