{"id":695524,"date":"2024-02-28T11:34:13","date_gmt":"2024-02-28T07:34:13","guid":{"rendered":"https:\/\/arantv.az\/?p=695524"},"modified":"2024-02-28T11:34:13","modified_gmt":"2024-02-28T07:34:13","slug":"pasinyanin-ktmt-mu%c9%99mmasi","status":"publish","type":"post","link":"https:\/\/arantv.az\/?p=695524","title":{"rendered":"Pa\u015finyan\u0131n KTMT m\u00fc\u0259mmas\u0131"},"content":{"rendered":"<p><em><strong>Erm\u0259nistan m\u00fcxalif\u0259ti \u0259mindir ki, Rusiya b\u00fct\u00fcn &#8220;q\u0131rm\u0131z\u0131 cizgil\u0259ri&#8221; a\u015fan Pa\u015finyan hakimiyy\u0259tin davran\u0131\u015flar\u0131n\u0131 cavabs\u0131z buraxmayacaq<\/strong><\/em><\/p>\n<p>Bir ne\u00e7\u0259 g\u00fcnd\u00fcr ki, Rusiyan\u0131n r\u0259smi dair\u0259l\u0259ri Erm\u0259nistan h\u00f6kum\u0259tind\u0259n d\u0259qiql\u0259\u015fdirilmi\u015f m\u00f6vqe g\u00f6zl\u0259yir. S\u00f6hb\u0259t Nikol Pa\u015finyan\u0131n \u00f6lk\u0259sinin Kollektiv T\u0259hl\u00fck\u0259sizlik M\u00fcqavil\u0259si T\u0259\u015fkilat\u0131na (KTMT) \u00fczvl\u00fcy\u00fcn\u00fc dondurmas\u0131 il\u0259 ba\u011fl\u0131 ba\u011fl\u0131 b\u0259yanat\u0131ndan gedir. Qeyd ed\u0259k ki, Nikol Pa\u015finyan \u201cFrance 24\u201d telekanal\u0131na m\u00fcsahib\u0259sind\u0259 Kollektiv T\u0259hl\u00fck\u0259sizlik M\u00fcqavil\u0259si T\u0259\u015fkilat\u0131n\u0131n Erm\u0259nistan qar\u015f\u0131s\u0131nda t\u0259hl\u00fck\u0259sizlik \u00f6hd\u0259likl\u0259rini yerin\u0259 yetirm\u0259diyini bildirmi\u015fdi. Bir ne\u00e7\u0259 g\u00fcn \u00f6nc\u0259 Belarus Prezidenti Aleksandr Luka\u015fenko Erm\u0259nistan\u0131n KTMT-y\u0259 \u00fczvl\u00fcy\u00fcn\u00fcn dondurulmas\u0131 il\u0259 ba\u011fl\u0131 m\u0259s\u0259l\u0259y\u0259 maraql\u0131 reaksiya verib. O, bundan itir\u0259nin erm\u0259ni t\u0259r\u0259finin \u00f6z\u00fc olaca\u011f\u0131n\u0131 qeyd edib: \u201c\u018fg\u0259r onlar KTMT-d\u0259 olmaq ist\u0259mirl\u0259rs\u0259, t\u0259\u015fkilat da\u011f\u0131lmayacaq, m\u0259hv olmayacaq\u201d. Belarus Prezidenti b\u0259yan edib ki, \u0130r\u0259van h\u0259l\u0259 d\u0259 qurumdan \u00e7\u0131xd\u0131\u011f\u0131n\u0131 r\u0259sm\u0259n a\u00e7\u0131qlamay\u0131b v\u0259 Erm\u0259nistan\u0131 q\u0259rar verm\u0259kd\u0259 t\u0259l\u0259sm\u0259m\u0259y\u0259 \u00e7a\u011f\u0131r\u0131b: \u201c\u00c7\u0131xmaq asand\u0131r. Amma sonra girm\u0259k \u00e7\u0259tin olacaq. \u00c7\u0131xma\u011fa, n\u0259yis\u0259 dondurma\u011fa ehtiyac yoxdur\u201d.<\/p>\n<p>Rusiyal\u0131 h\u0259rbi analitik Pavel Felqenqauer is\u0259 m\u00fcsahib\u0259sind\u0259 deyib ki, KTMT-Erm\u0259nistan m\u00fcnasib\u0259tl\u0259rind\u0259ki haz\u0131rk\u0131 v\u0259ziyy\u0259t h\u0259m KTMT-y\u0259, h\u0259m d\u0259 Rusiyaya \u00e7oxdan m\u0259lumdur. \u00c7\u00fcnki Erm\u0259nistan uzun m\u00fcdd\u0259tdir KTMT-ni t\u0259nqid edir, h\u0259m d\u0259 bu strukturda i\u015ftirakdan imtina edir. Onun s\u00f6zl\u0259rin\u0259 g\u00f6r\u0259, KTMT-y\u0259 \u00fczv d\u00f6vl\u0259tl\u0259r v\u0259 Rusiya Erm\u0259nistandan m\u00f6vqeyi il\u0259 ba\u011fl\u0131 tam ayd\u0131n a\u00e7\u0131qlama g\u00f6zl\u0259yir: \u201cT\u0259nqid etm\u0259k, \u015fikay\u0259t etm\u0259k ayr\u0131 \u015feydir, KTMT \u00fczvl\u00fcy\u00fcn\u00fc dondurmaq is\u0259 ba\u015fqa \u015feydir. T\u0259\u015fkilat\u0131n nizamnam\u0259si imtina il\u0259 ba\u011fl\u0131 prosedurlara ayd\u0131nl\u0131q g\u0259tirir. M\u0259n\u0259 el\u0259 g\u0259lir ki, \u0130r\u0259van m\u0259s\u0259l\u0259l\u0259r\u0259 d\u0259qiq m\u00f6vqe bildirm\u0259lidir\u201d.<\/p>\n<p>Analitikin fikrinc\u0259, Moskvan\u0131 \u00e7ox g\u00fcman ki, \u0259sas sual maraqland\u0131racaq: Erm\u0259nistan KTMT-ni t\u0259rk edir, ya yox? \u00c7\u00fcnki strukturdan naraz\u0131 olmaqla onu t\u0259rk etm\u0259k ayr\u0131-ayr\u0131 \u015feyl\u0259rdir: \u201cBu g\u00fcnl\u0259rd\u0259 edil\u0259n b\u00fct\u00fcn \u015f\u0259rhl\u0259rin m\u0259qs\u0259di Erm\u0259nistan hakimiyy\u0259tinin tutdu\u011fu siyasi x\u0259tti ayd\u0131nla\u015fd\u0131rmaqd\u0131r. T\u0259bii ki, \u0130r\u0259van\u0131n bel\u0259 bir niyy\u0259ti n\u0259z\u0259r\u0259 \u00e7arp\u0131r, amma imtina r\u0259smi \u015f\u0259kild\u0259 elan olunmur. Ona g\u00f6r\u0259 d\u0259 bel\u0259 m\u0259s\u0259l\u0259l\u0259rd\u0259 yaln\u0131z r\u0259smi a\u00e7\u0131qlamalar son d\u0259r\u0259c\u0259 vacibdir. Lakin \u0130r\u0259van ayd\u0131nla\u015fd\u0131rma\u011fa t\u0259l\u0259smir. KTMT-d\u0259n \u00e7\u0131xmaq is\u0259 bir s\u0131ra ba\u015fqa m\u0259s\u0259l\u0259l\u0259ri v\u0259 probleml\u0259ri ortaya \u00e7\u0131xaracaq v\u0259 ikit\u0259r\u0259fli m\u00fcnasib\u0259tl\u0259rin pisl\u0259\u015fm\u0259sin\u0259 g\u0259tirib \u00e7\u0131xaracaq\u201d.<\/p>\n<p>\u201cErm\u0259nistan KTMT-d\u0259n \u00e7\u0131xmaq q\u0259rar\u0131na g\u0259l\u0259rs\u0259, Moskvan\u0131n reaksiyas\u0131 nec\u0259 olacaq\u201d sual\u0131na analitik bel\u0259 cavab verib ki, \u0259slind\u0259 Erm\u0259nistan-Rusiya m\u00fcnasib\u0259tl\u0259rinin \u0259sas m\u0259zmunu ikit\u0259r\u0259fli s\u0259n\u0259dl\u0259rd\u0259 \u00f6z \u0259ksini tap\u0131b: \u201cKTMT b\u00fct\u00fcn \u00f6lk\u0259l\u0259r \u00fc\u00e7\u00fcn az \u0259h\u0259miyy\u0259t k\u0259sb ed\u0259n strukturdur, ona g\u00f6r\u0259 d\u0259 Erm\u0259nistan-Rusiya m\u00fcnasib\u0259tl\u0259rinin \u0259sas m\u0259zmunu KTMT-d\u0259n \u00e7\u0131xmaqdan daha vacibdir v\u0259 Erm\u0259nistan\u0131n bu m\u0259s\u0259l\u0259d\u0259 n\u0259 ed\u0259c\u0259yi h\u0259l\u0259 d\u0259 tam ba\u015fad\u00fc\u015f\u00fcl\u0259n v\u0259 ayd\u0131n deyil\u201d. Felqenhauer vur\u011fulay\u0131b ki, indiki m\u0259rh\u0259l\u0259d\u0259 Moskvan\u0131n bel\u0259 hallarla nec\u0259 davranmaq bar\u0259d\u0259 ciddi strategiyas\u0131 yoxdur, \u00e7\u00fcnki b\u00fct\u00fcn diqq\u0259t ba\u015fqa m\u0259s\u0259l\u0259l\u0259r\u0259 y\u00f6n\u0259lib.<\/p>\n<p>Ekspertl\u0259r bildirirl\u0259r ki, haz\u0131rda t\u0259\u015fkilatla ba\u011fl\u0131 \u0130r\u0259van m\u00fcxt\u0259lif b\u0259han\u0259l\u0259r uydurur. M\u0259s\u0259l\u0259n, Erm\u0259nistanla Az\u0259rbaycan aras\u0131nda 44 g\u00fcnl\u00fck m\u00fcharib\u0259 vaxt\u0131 ba\u015f nazir Nikol Pa\u015finyan KTMT-nin \u00f6lk\u0259si qar\u015f\u0131s\u0131nda g\u00f6t\u00fcrd\u00fcy\u00fc \u00f6hd\u0259likl\u0259ri yerin\u0259 yetirm\u0259diyini bildirib. Halbuki, sava\u015f Az\u0259rbaycan \u0259razisind\u0259 gedib v\u0259 bu s\u0259b\u0259bd\u0259n KTMT m\u0259s\u0259l\u0259y\u0259 m\u00fcdaxil\u0259ni m\u00fcmk\u00fcns\u00fcz adland\u0131r\u0131b. Bununla bel\u0259, ke\u00e7\u0259n ilin may\u0131nda Pa\u015finyan Erm\u0259nistanda t\u0259\u015fkilat\u0131n \u201c\u00f6lk\u0259ni t\u0259rk etm\u0259si\u201d il\u0259 ba\u011fl\u0131 fikir formala\u015fd\u0131\u011f\u0131n\u0131 bildirib. Eyni zamanda, Pa\u015finyan \u0130r\u0259van\u0131n \u00fczvl\u00fcy\u00fcn\u00fcn dayand\u0131r\u0131lmas\u0131na v\u0259 ya dondurulmas\u0131na ba\u015fland\u0131\u011f\u0131n\u0131 bildirib.\u00a0 Noyabrda o, KTMT sammitind\u0259 i\u015ftirakdan imtina edib. Moskva v\u0259 Minsk bundan sonra t\u0259\u0259ss\u00fcfl\u0259ndikl\u0259rini bildiribl\u0259r. Bunun ard\u0131nca t\u0259\u015fkilat\u0131n katibliyi v\u0259 Kreml \u00fczvl\u00fcy\u00fcn dondurulmas\u0131 il\u0259 ba\u011fl\u0131 Erm\u0259nistan t\u0259r\u0259fd\u0259n r\u0259smi a\u00e7\u0131qlama almad\u0131qlar\u0131n\u0131 bildirib. Rusiya Prezidentinin m\u0259tbuat katibi Dmitri Peskov bildirib ki, Moskva Pa\u015finyan\u0131n s\u00f6zl\u0259rinin m\u0259nas\u0131na ayd\u0131nl\u0131q g\u0259tirm\u0259k xahi\u015fi il\u0259 \u0130r\u0259vana m\u00fcraci\u0259t ed\u0259c\u0259k.\u00a0 \u0130st\u0259nil\u0259n halda g\u00f6r\u00fcn\u0259n odur ki, Pa\u015finyan \u00f6lk\u0259sinin KTMT il\u0259 yollara\u0131n\u0131 ay\u0131rma\u011fa q\u0259rar verib.<\/p>\n<p>Erm\u0259ni politoloq Hrant Mikaelyan Erm\u0259nistan\u0131n art\u0131q Fransa il\u0259 t\u0259hl\u00fck\u0259sizlik sah\u0259sind\u0259 \u0259m\u0259kda\u015fl\u0131\u011f\u0131n\u0131n intensivl\u0259\u015fdirilm\u0259sin\u0259 daha \u00e7ox diqq\u0259t etdiyini xat\u0131rlad\u0131b. Pa\u015finyan\u0131n Erm\u0259nistan\u0131n KTMT-d\u0259 i\u015ftirak\u0131n\u0131n dondurulmas\u0131 il\u0259 ba\u011fl\u0131 b\u0259yanat\u0131n\u0131 \u015f\u0259rh ed\u0259n ekspert qeyd edib ki, faktiki dondurulma \u0259n az\u0131 bir il \u0259vv\u0259l ba\u015f verib. O xat\u0131rlad\u0131b ki, bundan xeyli \u0259vv\u0259l Erm\u0259nistan faktiki olaraq KTMT-nin iclaslar\u0131nda i\u015ftirak\u0131n\u0131 dayand\u0131r\u0131b, blok \u00e7\u0259r\u00e7iv\u0259sind\u0259 b\u00fct\u00fcn t\u0259liml\u0259rd\u0259 i\u015ftirakdan imtina edib v\u0259 yeni n\u00fcmay\u0259nd\u0259 t\u0259yin etm\u0259d\u0259n t\u0259\u015fkilatdak\u0131 n\u00fcmay\u0259nd\u0259sini geri \u00e7a\u011f\u0131r\u0131b. Mikaelyan g\u0259l\u0259c\u0259kd\u0259 \u0130r\u0259van\u0131n KTMT-y\u0259 \u00fczvl\u00fcy\u00fc m\u0259s\u0259l\u0259sinin g\u00fcnd\u0259m\u0259 g\u0259tiril\u0259c\u0259yi bar\u0259d\u0259 fikir bildirib. KTMT-d\u0259n \u00e7\u0131xmaq prosedurunun oldu\u011funu, lakin quruma \u00fczvl\u00fcy\u00fcn dondurulmas\u0131 prosedurunun olmad\u0131\u011f\u0131n\u0131 qeyd ed\u0259n politoloq indi s\u00f6hb\u0259tin institusional yox, siyasi q\u0259rardan v\u0259 f\u0259aliyy\u0259td\u0259n getdiyini vur\u011fulay\u0131b: \u201cAncaq bunun institusional t\u0259siri var. Y\u0259ni bir t\u0259r\u0259fd\u0259n formal olaraq Erm\u0259nistan t\u0259\u015fkilat\u0131n \u00fczv\u00fc kimi g\u00f6st\u0259rilib, amma faktiki olaraq Erm\u0259nistan art\u0131q onu t\u0259rk edir. Bu o dem\u0259kdir ki, m\u00fc\u0259yy\u0259n m\u00fcdd\u0259td\u0259n sonra quruma \u00fczvl\u00fck m\u0259s\u0259l\u0259si d\u0259 g\u00fcnd\u0259m\u0259 g\u0259l\u0259c\u0259k\u201d.<\/p>\n<p>Politoloq, h\u0259m\u00e7inin \u0130r\u0259van-Kreml qar\u015f\u0131durmas\u0131n\u0131n tezlikl\u0259 real n\u0259tic\u0259l\u0259rinin ola bil\u0259c\u0259yini vur\u011fulay\u0131b. Onun fikrinc\u0259, Pa\u015finyan hakimiyy\u0259ti Rusiyadan x\u0131rda add\u0131mlar il\u0259 uzaqla\u015fma\u011fa \u00e7al\u0131\u015fsa da, Kremlin reaksiyas\u0131 Erm\u0259nistan \u00fc\u00e7\u00fcn faci\u0259vi xarakter da\u015f\u0131ya bil\u0259r: &#8220;Y\u0259qin ki, m\u00fc\u0259yy\u0259n m\u00fcdd\u0259td\u0259n sonra r\u0259smi \u0130r\u0259van KTMT-n\u0131n t\u0259rk edilm\u0259si, Rusiya il\u0259 ikit\u0259r\u0259fli h\u0259rbi m\u00fctt\u0259fiqliyin pozulmas\u0131, rus bazalar\u0131n\u0131n \u00e7\u0131xar\u0131lmas\u0131 v\u0259 s. bu kimi m\u0259s\u0259l\u0259l\u0259ri daha da qabartma\u011fa \u00e7al\u0131\u015facaq. Rusiyan\u0131n t\u0259hl\u00fck\u0259sizlik t\u0259minat\u0131n\u0131 Fransan\u0131n himay\u0259si il\u0259 \u0259v\u0259zl\u0259m\u0259y\u0259 c\u0259hd g\u00f6st\u0259rirl\u0259r. Ancaq unudurlar ki, Fransan\u0131n Erm\u0259nistan\u0131 qorumaq \u00fc\u00e7\u00fcn potensial\u0131 m\u00f6vcud deyil&#8221;.<\/p>\n<p>Erm\u0259ni politoloq hesab edir ki, Erm\u0259nistan\u0131n Rusiya il\u0259 m\u00fcnasib\u0259tl\u0259ri g\u0259rginl\u0259\u015fm\u0259kd\u0259 davam etdikc\u0259, Az\u0259rbaycan\u0131n s\u00fclh sazi\u015fini imzalamaq h\u0259v\u0259si d\u0259 z\u0259ifl\u0259y\u0259c\u0259k. Onun fikrinc\u0259, \u0130r\u0259van-Kreml qar\u015f\u0131durmas\u0131n\u0131n ba\u015flan\u011f\u0131c\u0131nda Rusiya regional prosesl\u0259r\u0259 neytral m\u00f6vqed\u0259n yana\u015fma\u011fa \u00fcst\u00fcnl\u00fck verirdi, indi is\u0259 Az\u0259rbaycana daha \u00e7ox yax\u0131nla\u015fma\u011fa ba\u015flay\u0131b: &#8220;\u018fg\u0259r Kreml Az\u0259rbaycan\u0131 d\u0259st\u0259kl\u0259m\u0259k bar\u0259d\u0259 q\u0259ti q\u0259rar ver\u0259rs\u0259, bu, Erm\u0259nistan\u0131n sonunu g\u0259tir\u0259 bil\u0259c\u0259k f\u0259lak\u0259t olacaq. H\u0259r halda, Pa\u015finyan hakimiyy\u0259ti anlamal\u0131d\u0131r ki, Rusiyan\u0131n reaksiyas\u0131 bir q\u0259d\u0259r sonra m\u00fctl\u0259q olacaq v\u0259 sars\u0131d\u0131c\u0131 xarakter da\u015f\u0131yacaq&#8221;.<\/p>\n<p>G\u00f6r\u00fcnd\u00fcy\u00fc kimi, r\u0259smi \u0130r\u0259van haz\u0131rda b\u00f6y\u00fck risk\u0259 gedir. H\u0259tta erm\u0259nil\u0259r bel\u0259 anlay\u0131rlar ki, Rusiya Pa\u015finyan hakimiyy\u0259tinin davran\u0131\u015flar\u0131n\u0131 cavabs\u0131z buraxmayacaq. Kremlin reaksiyas\u0131 h\u0259tta Erm\u0259nistan d\u00f6vl\u0259t\u00e7iliyinin l\u0259\u011fvi il\u0259 d\u0259 n\u0259tic\u0259l\u0259n\u0259 bil\u0259r.<\/p>\n","protected":false},"excerpt":{"rendered":"<p>Erm\u0259nistan m\u00fcxalif\u0259ti \u0259mindir ki, Rusiya b\u00fct\u00fcn &#8220;q\u0131rm\u0131z\u0131 cizgil\u0259ri&#8221; a\u015fan Pa\u015finyan hakimiyy\u0259tin davran\u0131\u015flar\u0131n\u0131 cavabs\u0131z buraxmayacaq Bir ne\u00e7\u0259 g\u00fcnd\u00fcr ki, Rusiyan\u0131n r\u0259smi dair\u0259l\u0259ri Erm\u0259nistan h\u00f6kum\u0259tind\u0259n d\u0259qiql\u0259\u015fdirilmi\u015f m\u00f6vqe g\u00f6zl\u0259yir. S\u00f6hb\u0259t Nikol Pa\u015finyan\u0131n \u00f6lk\u0259sinin Kollektiv T\u0259hl\u00fck\u0259sizlik M\u00fcqavil\u0259si T\u0259\u015fkilat\u0131na (KTMT) \u00fczvl\u00fcy\u00fcn\u00fc dondurmas\u0131 il\u0259 ba\u011fl\u0131 ba\u011fl\u0131 b\u0259yanat\u0131ndan gedir. Qeyd ed\u0259k ki, Nikol Pa\u015finyan \u201cFrance 24\u201d telekanal\u0131na m\u00fcsahib\u0259sind\u0259 Kollektiv T\u0259hl\u00fck\u0259sizlik M\u00fcqavil\u0259si T\u0259\u015fkilat\u0131n\u0131n Erm\u0259nistan qar\u015f\u0131s\u0131nda t\u0259hl\u00fck\u0259sizlik \u00f6hd\u0259likl\u0259rini yerin\u0259 yetirm\u0259diyini bildirmi\u015fdi. Bir ne\u00e7\u0259 g\u00fcn \u00f6nc\u0259 Belarus Prezidenti Aleksandr Luka\u015fenko Erm\u0259nistan\u0131n KTMT-y\u0259 \u00fczvl\u00fcy\u00fcn\u00fcn dondurulmas\u0131 il\u0259 ba\u011fl\u0131 m\u0259s\u0259l\u0259y\u0259 maraql\u0131 reaksiya verib. O, bundan itir\u0259nin erm\u0259ni t\u0259r\u0259finin \u00f6z\u00fc olaca\u011f\u0131n\u0131 qeyd edib: \u201c\u018fg\u0259r&hellip;<\/p>\n","protected":false},"author":2,"featured_media":695525,"comment_status":"closed","ping_status":"closed","sticky":false,"template":"","format":"standard","meta":{"om_disable_all_campaigns":false,"_monsterinsights_skip_tracking":false,"_monsterinsights_sitenote_active":false,"_monsterinsights_sitenote_note":"","_monsterinsights_sitenote_category":0},"categories":[19],"tags":[],"aioseo_notices":[],"gutentor_comment":0,"rttpg_featured_image_url":{"full":["https:\/\/arantv.az\/wp-content\/uploads\/2024\/02\/e5afb0f217067926188731196421044537-1.jpg",975,540,false],"landscape":["https:\/\/arantv.az\/wp-content\/uploads\/2024\/02\/e5afb0f217067926188731196421044537-1.jpg",975,540,false],"portraits":["https:\/\/arantv.az\/wp-content\/uploads\/2024\/02\/e5afb0f217067926188731196421044537-1.jpg",975,540,false],"thumbnail":["https:\/\/arantv.az\/wp-content\/uploads\/2024\/02\/e5afb0f217067926188731196421044537-1-500x280.jpg",500,280,true],"medium":["https:\/\/arantv.az\/wp-content\/uploads\/2024\/02\/e5afb0f217067926188731196421044537-1-660x365.jpg",660,365,true],"large":["https:\/\/arantv.az\/wp-content\/uploads\/2024\/02\/e5afb0f217067926188731196421044537-1-840x465.jpg",640,354,true],"1536x1536":["https:\/\/arantv.az\/wp-content\/uploads\/2024\/02\/e5afb0f217067926188731196421044537-1.jpg",975,540,false],"2048x2048":["https:\/\/arantv.az\/wp-content\/uploads\/2024\/02\/e5afb0f217067926188731196421044537-1.jpg",975,540,false],"post-thumbnail":["https:\/\/arantv.az\/wp-content\/uploads\/2024\/02\/e5afb0f217067926188731196421044537-1-240x172.jpg",240,172,true],"advps-thumb-one":["https:\/\/arantv.az\/wp-content\/uploads\/2024\/02\/e5afb0f217067926188731196421044537-1.jpg",975,540,false]},"rttpg_author":{"display_name":"V\u00fcsal Rafiqo\u011flu","author_link":"https:\/\/arantv.az\/?author=2"},"rttpg_comment":0,"rttpg_category":"<a href=\"https:\/\/arantv.az\/?cat=19\" rel=\"category\">G\u00fcnd\u0259m<\/a>","rttpg_excerpt":"Erm\u0259nistan m\u00fcxalif\u0259ti \u0259mindir ki, Rusiya b\u00fct\u00fcn &#8220;q\u0131rm\u0131z\u0131 cizgil\u0259ri&#8221; a\u015fan Pa\u015finyan hakimiyy\u0259tin davran\u0131\u015flar\u0131n\u0131 cavabs\u0131z buraxmayacaq Bir ne\u00e7\u0259 g\u00fcnd\u00fcr ki, Rusiyan\u0131n r\u0259smi dair\u0259l\u0259ri Erm\u0259nistan h\u00f6kum\u0259tind\u0259n d\u0259qiql\u0259\u015fdirilmi\u015f m\u00f6vqe g\u00f6zl\u0259yir. S\u00f6hb\u0259t Nikol Pa\u015finyan\u0131n \u00f6lk\u0259sinin Kollektiv T\u0259hl\u00fck\u0259sizlik M\u00fcqavil\u0259si T\u0259\u015fkilat\u0131na (KTMT) \u00fczvl\u00fcy\u00fcn\u00fc dondurmas\u0131 il\u0259 ba\u011fl\u0131 ba\u011fl\u0131 b\u0259yanat\u0131ndan gedir. Qeyd ed\u0259k ki, Nikol Pa\u015finyan \u201cFrance 24\u201d telekanal\u0131na m\u00fcsahib\u0259sind\u0259 Kollektiv T\u0259hl\u00fck\u0259sizlik M\u00fcqavil\u0259si T\u0259\u015fkilat\u0131n\u0131n&hellip;","_links":{"self":[{"href":"https:\/\/arantv.az\/index.php?rest_route=\/wp\/v2\/posts\/695524"}],"collection":[{"href":"https:\/\/arantv.az\/index.php?rest_route=\/wp\/v2\/posts"}],"about":[{"href":"https:\/\/arantv.az\/index.php?rest_route=\/wp\/v2\/types\/post"}],"author":[{"embeddable":true,"href":"https:\/\/arantv.az\/index.php?rest_route=\/wp\/v2\/users\/2"}],"replies":[{"embeddable":true,"href":"https:\/\/arantv.az\/index.php?rest_route=%2Fwp%2Fv2%2Fcomments&post=695524"}],"version-history":[{"count":0,"href":"https:\/\/arantv.az\/index.php?rest_route=\/wp\/v2\/posts\/695524\/revisions"}],"wp:featuredmedia":[{"embeddable":true,"href":"https:\/\/arantv.az\/index.php?rest_route=\/wp\/v2\/media\/695525"}],"wp:attachment":[{"href":"https:\/\/arantv.az\/index.php?rest_route=%2Fwp%2Fv2%2Fmedia&parent=695524"}],"wp:term":[{"taxonomy":"category","embeddable":true,"href":"https:\/\/arantv.az\/index.php?rest_route=%2Fwp%2Fv2%2Fcategories&post=695524"},{"taxonomy":"post_tag","embeddable":true,"href":"https:\/\/arantv.az\/index.php?rest_route=%2Fwp%2Fv2%2Ftags&post=695524"}],"curies":[{"name":"wp","href":"https:\/\/api.w.org\/{rel}","templated":true}]}}