{"id":695530,"date":"2024-02-28T11:37:10","date_gmt":"2024-02-28T07:37:10","guid":{"rendered":"https:\/\/arantv.az\/?p=695530"},"modified":"2024-02-28T11:37:10","modified_gmt":"2024-02-28T07:37:10","slug":"deputat-az%c9%99rbaycanda-su-itkisi-yuks%c9%99k-olaraq-qalir","status":"publish","type":"post","link":"https:\/\/arantv.az\/?p=695530","title":{"rendered":"Deputat: Az\u0259rbaycanda su itkisi y\u00fcks\u0259k olaraq qal\u0131r"},"content":{"rendered":"<p>Az\u0259rbaycanda su itkisi y\u00fcks\u0259k olaraq qal\u0131r v\u0259 torpaqlar\u0131n \u015foranla\u015fmas\u0131nda bunun x\u00fcsusi pay\u0131 var.<\/p>\n<p><strong>ARANTV.AZ\u00a0 x\u0259b\u0259r verir ki,<\/strong>\u00a0bunu Milli M\u0259clisd\u0259 &#8220;\u00d6lk\u0259nin su t\u0259s\u0259rr\u00fcfat\u0131: probleml\u0259r v\u0259 yeni \u00e7a\u011f\u0131r\u0131\u015flar&#8221; m\u00f6vzusunda ke\u00e7iril\u0259n dinl\u0259m\u0259l\u0259rd\u0259 parlamentin T\u0259bii ehtiyatlar, energetika v\u0259 ekologiya komit\u0259sinin s\u0259dri Sadiq Qurbanov bildirib.<\/p>\n<p>&#8220;Bu m\u0259s\u0259l\u0259d\u0259 obyektiv v\u0259 subyektiv s\u0259b\u0259bl\u0259r var. Say\u011facla\u015fma h\u0259l\u0259 d\u0259 ba\u015fa \u00e7atmay\u0131b, 90 %-d\u0131r. Bu s\u0259b\u0259bd\u0259n abonentl\u0259r\u0259 veril\u0259n su adamba\u015f\u0131 kvota il\u0259 &#8211; bir n\u0259f\u0259r\u0259 5 kubmetr olmaqla hesablan\u0131r. Su t\u0259s\u0259rr\u00fcfat\u0131 sah\u0259sind\u0259 u\u00e7ot v\u0259 n\u0259zar\u0259t i\u015finin t\u0259kmill\u0259\u015fdirilm\u0259si h\u0259lli vacib m\u0259s\u0259l\u0259 kimi \u00f6n\u0259 \u00e7\u0131xmal\u0131d\u0131r. Suyun m\u0259nb\u0259d\u0259n g\u00f6t\u00fcr\u00fclm\u0259sind\u0259n son istehlak\u00e7\u0131ya q\u0259d\u0259r b\u00fct\u00fcn m\u0259rh\u0259l\u0259l\u0259rd\u0259 u\u00e7ota al\u0131nmas\u0131 v\u0259 d\u0259qiq qiym\u0259tl\u0259ndirilm\u0259si il\u0259 ba\u011fl\u0131 t\u0259xir\u0259sal\u0131nmaz t\u0259dbirl\u0259r h\u0259yata ke\u00e7irilm\u0259lidir. H\u0259m i\u00e7m\u0259li, h\u0259m d\u0259 meliorasiya suyunda probleml\u0259r var&#8221;, &#8211; dey\u0259 o qeyd edib.<\/p>\n","protected":false},"excerpt":{"rendered":"<p>Az\u0259rbaycanda su itkisi y\u00fcks\u0259k olaraq qal\u0131r v\u0259 torpaqlar\u0131n \u015foranla\u015fmas\u0131nda bunun x\u00fcsusi pay\u0131 var. ARANTV.AZ\u00a0 x\u0259b\u0259r verir ki,\u00a0bunu Milli M\u0259clisd\u0259 &#8220;\u00d6lk\u0259nin su t\u0259s\u0259rr\u00fcfat\u0131: probleml\u0259r v\u0259 yeni \u00e7a\u011f\u0131r\u0131\u015flar&#8221; m\u00f6vzusunda ke\u00e7iril\u0259n dinl\u0259m\u0259l\u0259rd\u0259 parlamentin T\u0259bii ehtiyatlar, energetika v\u0259 ekologiya komit\u0259sinin s\u0259dri Sadiq Qurbanov bildirib. &#8220;Bu m\u0259s\u0259l\u0259d\u0259 obyektiv v\u0259 subyektiv s\u0259b\u0259bl\u0259r var. Say\u011facla\u015fma h\u0259l\u0259 d\u0259 ba\u015fa \u00e7atmay\u0131b, 90 %-d\u0131r. Bu s\u0259b\u0259bd\u0259n abonentl\u0259r\u0259 veril\u0259n su adamba\u015f\u0131 kvota il\u0259 &#8211; bir n\u0259f\u0259r\u0259 5 kubmetr olmaqla hesablan\u0131r. Su t\u0259s\u0259rr\u00fcfat\u0131 sah\u0259sind\u0259 u\u00e7ot v\u0259 n\u0259zar\u0259t i\u015finin t\u0259kmill\u0259\u015fdirilm\u0259si h\u0259lli vacib m\u0259s\u0259l\u0259 kimi \u00f6n\u0259 \u00e7\u0131xmal\u0131d\u0131r. Suyun m\u0259nb\u0259d\u0259n g\u00f6t\u00fcr\u00fclm\u0259sind\u0259n son istehlak\u00e7\u0131ya q\u0259d\u0259r b\u00fct\u00fcn&hellip;<\/p>\n","protected":false},"author":2,"featured_media":695531,"comment_status":"closed","ping_status":"closed","sticky":false,"template":"","format":"standard","meta":{"om_disable_all_campaigns":false,"_monsterinsights_skip_tracking":false,"_monsterinsights_sitenote_active":false,"_monsterinsights_sitenote_note":"","_monsterinsights_sitenote_category":0},"categories":[1],"tags":[],"aioseo_notices":[],"gutentor_comment":0,"rttpg_featured_image_url":{"full":["https:\/\/arantv.az\/wp-content\/uploads\/2024\/02\/c61fbef6170910372256147492810366379.jpg",975,540,false],"landscape":["https:\/\/arantv.az\/wp-content\/uploads\/2024\/02\/c61fbef6170910372256147492810366379.jpg",975,540,false],"portraits":["https:\/\/arantv.az\/wp-content\/uploads\/2024\/02\/c61fbef6170910372256147492810366379.jpg",975,540,false],"thumbnail":["https:\/\/arantv.az\/wp-content\/uploads\/2024\/02\/c61fbef6170910372256147492810366379-500x280.jpg",500,280,true],"medium":["https:\/\/arantv.az\/wp-content\/uploads\/2024\/02\/c61fbef6170910372256147492810366379-660x365.jpg",660,365,true],"large":["https:\/\/arantv.az\/wp-content\/uploads\/2024\/02\/c61fbef6170910372256147492810366379-840x465.jpg",640,354,true],"1536x1536":["https:\/\/arantv.az\/wp-content\/uploads\/2024\/02\/c61fbef6170910372256147492810366379.jpg",975,540,false],"2048x2048":["https:\/\/arantv.az\/wp-content\/uploads\/2024\/02\/c61fbef6170910372256147492810366379.jpg",975,540,false],"post-thumbnail":["https:\/\/arantv.az\/wp-content\/uploads\/2024\/02\/c61fbef6170910372256147492810366379-240x172.jpg",240,172,true],"advps-thumb-one":["https:\/\/arantv.az\/wp-content\/uploads\/2024\/02\/c61fbef6170910372256147492810366379.jpg",975,540,false]},"rttpg_author":{"display_name":"V\u00fcsal Rafiqo\u011flu","author_link":"https:\/\/arantv.az\/?author=2"},"rttpg_comment":0,"rttpg_category":"<a href=\"https:\/\/arantv.az\/?cat=1\" rel=\"category\">C\u0259miyy\u0259t<\/a>","rttpg_excerpt":"Az\u0259rbaycanda su itkisi y\u00fcks\u0259k olaraq qal\u0131r v\u0259 torpaqlar\u0131n \u015foranla\u015fmas\u0131nda bunun x\u00fcsusi pay\u0131 var. ARANTV.AZ\u00a0 x\u0259b\u0259r verir ki,\u00a0bunu Milli M\u0259clisd\u0259 &#8220;\u00d6lk\u0259nin su t\u0259s\u0259rr\u00fcfat\u0131: probleml\u0259r v\u0259 yeni \u00e7a\u011f\u0131r\u0131\u015flar&#8221; m\u00f6vzusunda ke\u00e7iril\u0259n dinl\u0259m\u0259l\u0259rd\u0259 parlamentin T\u0259bii ehtiyatlar, energetika v\u0259 ekologiya komit\u0259sinin s\u0259dri Sadiq Qurbanov bildirib. &#8220;Bu m\u0259s\u0259l\u0259d\u0259 obyektiv v\u0259 subyektiv s\u0259b\u0259bl\u0259r var. Say\u011facla\u015fma h\u0259l\u0259 d\u0259 ba\u015fa \u00e7atmay\u0131b, 90 %-d\u0131r. Bu&hellip;","_links":{"self":[{"href":"https:\/\/arantv.az\/index.php?rest_route=\/wp\/v2\/posts\/695530"}],"collection":[{"href":"https:\/\/arantv.az\/index.php?rest_route=\/wp\/v2\/posts"}],"about":[{"href":"https:\/\/arantv.az\/index.php?rest_route=\/wp\/v2\/types\/post"}],"author":[{"embeddable":true,"href":"https:\/\/arantv.az\/index.php?rest_route=\/wp\/v2\/users\/2"}],"replies":[{"embeddable":true,"href":"https:\/\/arantv.az\/index.php?rest_route=%2Fwp%2Fv2%2Fcomments&post=695530"}],"version-history":[{"count":0,"href":"https:\/\/arantv.az\/index.php?rest_route=\/wp\/v2\/posts\/695530\/revisions"}],"wp:featuredmedia":[{"embeddable":true,"href":"https:\/\/arantv.az\/index.php?rest_route=\/wp\/v2\/media\/695531"}],"wp:attachment":[{"href":"https:\/\/arantv.az\/index.php?rest_route=%2Fwp%2Fv2%2Fmedia&parent=695530"}],"wp:term":[{"taxonomy":"category","embeddable":true,"href":"https:\/\/arantv.az\/index.php?rest_route=%2Fwp%2Fv2%2Fcategories&post=695530"},{"taxonomy":"post_tag","embeddable":true,"href":"https:\/\/arantv.az\/index.php?rest_route=%2Fwp%2Fv2%2Ftags&post=695530"}],"curies":[{"name":"wp","href":"https:\/\/api.w.org\/{rel}","templated":true}]}}