{"id":695536,"date":"2024-02-28T11:38:40","date_gmt":"2024-02-28T07:38:40","guid":{"rendered":"https:\/\/arantv.az\/?p=695536"},"modified":"2024-02-28T11:38:40","modified_gmt":"2024-02-28T07:38:40","slug":"su-ehtiyatlarinin-s%c9%99m%c9%99r%c9%99li-istifad%c9%99sin%c9%99-dair-milli-strategiya-layih%c9%99si-hazirlanib","status":"publish","type":"post","link":"https:\/\/arantv.az\/?p=695536","title":{"rendered":"Su ehtiyatlar\u0131n\u0131n s\u0259m\u0259r\u0259li istifad\u0259sin\u0259 dair milli strategiya layih\u0259si haz\u0131rlan\u0131b"},"content":{"rendered":"<p>Az\u0259rbaycanda su il\u0259 ba\u011fl\u0131 vahid m\u0259lumat bazas\u0131na 313 su anbarlar\u0131ndan m\u0259lumat daxil olmaqdad\u0131r.<\/p>\n<p><strong>ARANTV.AZ\u00a0 x\u0259b\u0259r verir ki,<\/strong>\u00a0bunu Milli M\u0259clisin T\u0259bii ehtiyatlar, energetika v\u0259 ekologiya v\u0259 Aqrar siyas\u0259t komit\u0259l\u0259rinin birg\u0259 t\u0259\u015fkilat\u00e7\u0131l\u0131\u011f\u0131 il\u0259 ke\u00e7iril\u0259n \u201c\u00d6lk\u0259nin su t\u0259s\u0259rr\u00fcfat\u0131: probleml\u0259r v\u0259 yeni \u00e7a\u011f\u0131r\u0131\u015flar\u201d m\u00f6vzusunda dinl\u0259m\u0259d\u0259 ekologiya v\u0259 t\u0259bii s\u0259rv\u0259tl\u0259r nazirinin m\u00fcavini Umayra Ta\u011f\u0131yeva deyib.<\/p>\n<p>Umayra Ta\u011f\u0131yeva bildirib ki, su ehtiyatlar\u0131n\u0131n s\u0259m\u0259r\u0259li istifad\u0259sin\u0259 dair milli strategiya layih\u0259si haz\u0131rlan\u0131b: \u201cAlternativ su m\u0259nb\u0259l\u0259rind\u0259n istifad\u0259 \u00fc\u00e7\u00fcn 481 ya\u015fay\u0131\u015f m\u0259nt\u0259q\u0259sini \u0259hat\u0259 ed\u0259n 460 i\u00e7m\u0259li su istehsal ed\u0259n pilot layih\u0259 t\u0259tbiq edilir. \u0130qlim d\u0259yi\u015fm\u0259l\u0259ri il\u0259 ba\u011fl\u0131 su problemi b\u0259\u015f\u0259riyy\u0259tin qar\u015f\u0131la\u015fd\u0131\u011f\u0131 \u0259n b\u00f6y\u00fck problem olacaq. Haz\u0131rda B\u00f6y\u00fck Qafqaz\u0131n \u00e7aylar\u0131nda sululuq normadan 38% \u00e7oxdur, Ki\u00e7ik Qafqazda is\u0259 35 % \u00e7ox qeyd\u0259 al\u0131n\u0131b. Bu, bizi sakitl\u0259\u015fdirm\u0259m\u0259lidir. Su ehtiyatlar\u0131n\u0131n s\u0259m\u0259r\u0259li istifad\u0259si \u0259n vacib m\u0259s\u0259l\u0259l\u0259rd\u0259n biridir\u201d.<\/p>\n","protected":false},"excerpt":{"rendered":"<p>Az\u0259rbaycanda su il\u0259 ba\u011fl\u0131 vahid m\u0259lumat bazas\u0131na 313 su anbarlar\u0131ndan m\u0259lumat daxil olmaqdad\u0131r. ARANTV.AZ\u00a0 x\u0259b\u0259r verir ki,\u00a0bunu Milli M\u0259clisin T\u0259bii ehtiyatlar, energetika v\u0259 ekologiya v\u0259 Aqrar siyas\u0259t komit\u0259l\u0259rinin birg\u0259 t\u0259\u015fkilat\u00e7\u0131l\u0131\u011f\u0131 il\u0259 ke\u00e7iril\u0259n \u201c\u00d6lk\u0259nin su t\u0259s\u0259rr\u00fcfat\u0131: probleml\u0259r v\u0259 yeni \u00e7a\u011f\u0131r\u0131\u015flar\u201d m\u00f6vzusunda dinl\u0259m\u0259d\u0259 ekologiya v\u0259 t\u0259bii s\u0259rv\u0259tl\u0259r nazirinin m\u00fcavini Umayra Ta\u011f\u0131yeva deyib. Umayra Ta\u011f\u0131yeva bildirib ki, su ehtiyatlar\u0131n\u0131n s\u0259m\u0259r\u0259li istifad\u0259sin\u0259 dair milli strategiya layih\u0259si haz\u0131rlan\u0131b: \u201cAlternativ su m\u0259nb\u0259l\u0259rind\u0259n istifad\u0259 \u00fc\u00e7\u00fcn 481 ya\u015fay\u0131\u015f m\u0259nt\u0259q\u0259sini \u0259hat\u0259 ed\u0259n 460 i\u00e7m\u0259li su istehsal ed\u0259n pilot layih\u0259 t\u0259tbiq edilir. \u0130qlim d\u0259yi\u015fm\u0259l\u0259ri il\u0259 ba\u011fl\u0131 su problemi b\u0259\u015f\u0259riyy\u0259tin qar\u015f\u0131la\u015fd\u0131\u011f\u0131&hellip;<\/p>\n","protected":false},"author":2,"featured_media":695537,"comment_status":"closed","ping_status":"closed","sticky":false,"template":"","format":"standard","meta":{"om_disable_all_campaigns":false,"_monsterinsights_skip_tracking":false,"_monsterinsights_sitenote_active":false,"_monsterinsights_sitenote_note":"","_monsterinsights_sitenote_category":0},"categories":[1],"tags":[],"aioseo_notices":[],"gutentor_comment":0,"rttpg_featured_image_url":{"full":["https:\/\/arantv.az\/wp-content\/uploads\/2024\/02\/6646b06b170910345174767979710952516.jpg",975,540,false],"landscape":["https:\/\/arantv.az\/wp-content\/uploads\/2024\/02\/6646b06b170910345174767979710952516.jpg",975,540,false],"portraits":["https:\/\/arantv.az\/wp-content\/uploads\/2024\/02\/6646b06b170910345174767979710952516.jpg",975,540,false],"thumbnail":["https:\/\/arantv.az\/wp-content\/uploads\/2024\/02\/6646b06b170910345174767979710952516-500x280.jpg",500,280,true],"medium":["https:\/\/arantv.az\/wp-content\/uploads\/2024\/02\/6646b06b170910345174767979710952516-660x365.jpg",660,365,true],"large":["https:\/\/arantv.az\/wp-content\/uploads\/2024\/02\/6646b06b170910345174767979710952516-840x465.jpg",640,354,true],"1536x1536":["https:\/\/arantv.az\/wp-content\/uploads\/2024\/02\/6646b06b170910345174767979710952516.jpg",975,540,false],"2048x2048":["https:\/\/arantv.az\/wp-content\/uploads\/2024\/02\/6646b06b170910345174767979710952516.jpg",975,540,false],"post-thumbnail":["https:\/\/arantv.az\/wp-content\/uploads\/2024\/02\/6646b06b170910345174767979710952516-240x172.jpg",240,172,true],"advps-thumb-one":["https:\/\/arantv.az\/wp-content\/uploads\/2024\/02\/6646b06b170910345174767979710952516.jpg",975,540,false]},"rttpg_author":{"display_name":"V\u00fcsal Rafiqo\u011flu","author_link":"https:\/\/arantv.az\/?author=2"},"rttpg_comment":0,"rttpg_category":"<a href=\"https:\/\/arantv.az\/?cat=1\" rel=\"category\">C\u0259miyy\u0259t<\/a>","rttpg_excerpt":"Az\u0259rbaycanda su il\u0259 ba\u011fl\u0131 vahid m\u0259lumat bazas\u0131na 313 su anbarlar\u0131ndan m\u0259lumat daxil olmaqdad\u0131r. ARANTV.AZ\u00a0 x\u0259b\u0259r verir ki,\u00a0bunu Milli M\u0259clisin T\u0259bii ehtiyatlar, energetika v\u0259 ekologiya v\u0259 Aqrar siyas\u0259t komit\u0259l\u0259rinin birg\u0259 t\u0259\u015fkilat\u00e7\u0131l\u0131\u011f\u0131 il\u0259 ke\u00e7iril\u0259n \u201c\u00d6lk\u0259nin su t\u0259s\u0259rr\u00fcfat\u0131: probleml\u0259r v\u0259 yeni \u00e7a\u011f\u0131r\u0131\u015flar\u201d m\u00f6vzusunda dinl\u0259m\u0259d\u0259 ekologiya v\u0259 t\u0259bii s\u0259rv\u0259tl\u0259r nazirinin m\u00fcavini Umayra Ta\u011f\u0131yeva deyib. Umayra Ta\u011f\u0131yeva bildirib ki, su&hellip;","_links":{"self":[{"href":"https:\/\/arantv.az\/index.php?rest_route=\/wp\/v2\/posts\/695536"}],"collection":[{"href":"https:\/\/arantv.az\/index.php?rest_route=\/wp\/v2\/posts"}],"about":[{"href":"https:\/\/arantv.az\/index.php?rest_route=\/wp\/v2\/types\/post"}],"author":[{"embeddable":true,"href":"https:\/\/arantv.az\/index.php?rest_route=\/wp\/v2\/users\/2"}],"replies":[{"embeddable":true,"href":"https:\/\/arantv.az\/index.php?rest_route=%2Fwp%2Fv2%2Fcomments&post=695536"}],"version-history":[{"count":0,"href":"https:\/\/arantv.az\/index.php?rest_route=\/wp\/v2\/posts\/695536\/revisions"}],"wp:featuredmedia":[{"embeddable":true,"href":"https:\/\/arantv.az\/index.php?rest_route=\/wp\/v2\/media\/695537"}],"wp:attachment":[{"href":"https:\/\/arantv.az\/index.php?rest_route=%2Fwp%2Fv2%2Fmedia&parent=695536"}],"wp:term":[{"taxonomy":"category","embeddable":true,"href":"https:\/\/arantv.az\/index.php?rest_route=%2Fwp%2Fv2%2Fcategories&post=695536"},{"taxonomy":"post_tag","embeddable":true,"href":"https:\/\/arantv.az\/index.php?rest_route=%2Fwp%2Fv2%2Ftags&post=695536"}],"curies":[{"name":"wp","href":"https:\/\/api.w.org\/{rel}","templated":true}]}}