{"id":695545,"date":"2024-02-28T11:41:20","date_gmt":"2024-02-28T07:41:20","guid":{"rendered":"https:\/\/arantv.az\/?p=695545"},"modified":"2024-02-28T11:41:20","modified_gmt":"2024-02-28T07:41:20","slug":"sular-qonsu-olk%c9%99l%c9%99r-t%c9%99r%c9%99find%c9%99n-daim-cirkl%c9%99ndirilir-komit%c9%99-s%c9%99dri","status":"publish","type":"post","link":"https:\/\/arantv.az\/?p=695545","title":{"rendered":"Sular qon\u015fu \u00f6lk\u0259l\u0259r t\u0259r\u0259find\u0259n daim \u00e7irkl\u0259ndirilir \u2013 Komit\u0259 s\u0259dri"},"content":{"rendered":"<p>C\u0259nubi Qafqazdak\u0131 \u00fcmumi su ehtiyat\u0131n\u0131n 62 faizi G\u00fcrc\u00fcstan\u0131n, 28 faizi Erm\u0259nistan\u0131n, 10 faizi is\u0259 Az\u0259rbaycan\u0131n pay\u0131na d\u00fc\u015f\u00fcr. Orta illik yer\u00fcst\u00fc su ehtiyat\u0131 is\u0259 32,3 milyard kubmetrdir. Respublikam\u0131z\u0131n \u0259razisinin d\u00f6rdd\u0259 \u00fc\u00e7 hiss\u0259si K\u00fcr \u00e7ay\u0131 h\u00f6vz\u0259sin\u0259 d\u00fc\u015f\u00fcr v\u0259 bu \u00e7ay \u00f6lk\u0259 \u0259halisi \u00fc\u00e7\u00fcn \u0259sas i\u00e7m\u0259li su m\u0259nb\u0259yidir.<\/p>\n<p><strong>ARANTV.AZ x\u0259b\u0259r verir ki,<\/strong>\u00a0bunu Milli M\u0259clisin T\u0259bii ehtiyatlar, energetika v\u0259 ekologiya komit\u0259sinin s\u0259dri Sadiq Qurbanov Milli M\u0259clisd\u0259 \u201c\u00d6lk\u0259nin su t\u0259s\u0259rr\u00fcfat\u0131: probleml\u0259r v\u0259 yeni \u00e7a\u011f\u0131r\u0131\u015flar\u201d m\u00f6vzusunda ictimai dinl\u0259m\u0259d\u0259 deyib.<\/p>\n<p>O qeyd edib ki, Az\u0259rbaycana K\u00fcr \u00e7ay\u0131 vasit\u0259sil\u0259 daxil olan sular\u0131n \u00e7ox hiss\u0259si G\u00fcrc\u00fcstan v\u0259 Erm\u0259nistan \u0259razisind\u0259 formala\u015f\u0131r.<\/p>\n<p>\u201cT\u0259\u0259ss\u00fcf ki, bu sular da qon\u015fu \u00f6lk\u0259l\u0259r t\u0259r\u0259find\u0259n daim \u00e7irkl\u0259ndirilir. Yeri g\u0259lmi\u015fk\u0259n qeyd ed\u0259k ki, Erm\u0259nistan v\u0259 G\u00fcrc\u00fcstan h\u0259l\u0259 d\u0259 \u018ftraf M\u00fchitin M\u00fchafiz\u0259si \u00fczr\u0259 Beyn\u0259lxalq Konvensiyaya qo\u015fulmay\u0131b. Az\u0259rbaycan is\u0259 bu sah\u0259d\u0259 17 m\u00fcxt\u0259lif beyn\u0259lxalq konvensiyan\u0131n, o c\u00fcml\u0259d\u0259n transs\u0259rh\u0259d sular\u0131n m\u00fchafiz\u0259si \u00fczr\u0259 konvensiyan\u0131n i\u015ftirak\u00e7\u0131s\u0131d\u0131r. \u015eirin su ehtiyatlar\u0131m\u0131z\u0131n ki\u00e7ik bir qismi d\u0259 Araz \u00e7ay\u0131 hesab\u0131na formala\u015f\u0131r ki, bu da \u0130ran v\u0259 Erm\u0259nistan t\u0259r\u0259find\u0259n \u00e7irkl\u0259ndirilir. \u015eimaldan-Rusiyan\u0131n Da\u011f\u0131stan \u0259razisind\u0259n g\u0259l\u0259n Samur \u00e7ay\u0131 da normalara uy\u011fun deyil\u201d, &#8211; dey\u0259 o qeyd edib.<\/p>\n<p>Komit\u0259 s\u0259dri bildirib ki, proqnozlara g\u00f6r\u0259 \u00f6lk\u0259mizin \u0259razisind\u0259 2040-c\u0131 il\u0259 kimi \u00e7aylar\u0131n sululu\u011funun orta hesabla 15-25 faiz azalma ehtimal\u0131 var.<\/p>\n<p>\u201c2070-ci il\u0259 q\u0259d\u0259r is\u0259, h\u0259min g\u00f6st\u0259ricinin 20-25 faiz olmas\u0131 g\u00f6zl\u0259nilir. \u00d6lk\u0259mizd\u0259 su q\u0131tl\u0131\u011f\u0131n\u0131 yaradan dig\u0259r bir amil is\u0259 suya olan t\u0259l\u0259bat\u0131n getdikc\u0259 artmas\u0131d\u0131r. Bel\u0259 ki, K\u0259nd T\u0259s\u0259rr\u00fcfat\u0131nda 2010-cu ild\u0259 \u0259g\u0259r bir milyon hektar \u0259razi \u0259kilirdis\u0259, 2020-ci ild\u0259 bu r\u0259q\u0259m bir milyon 700 min hektara \u00e7at\u0131b. Ba\u015fqa s\u00f6zl\u0259 des\u0259k, suvarma \u00fc\u00e7\u00fcn \u0259kil\u0259n \u0259razil\u0259rin sah\u0259si \u00fcmumiyy\u0259tl\u0259 70 faizd\u0259n \u00e7ox art\u0131b. Ba\u015fqa bir amil is\u0259 su itkil\u0259ridir. \u00c7ox t\u0259\u0259ss\u00fcf ki, g\u00f6t\u00fcrd\u00fcy\u00fcm\u00fcz suyun istifad\u0259si zaman\u0131 50 faiz\u0259 yax\u0131n\u0131 itkiy\u0259 gedir\u201d, &#8211; dey\u0259 o \u0259lav\u0259 edib.<\/p>\n","protected":false},"excerpt":{"rendered":"<p>C\u0259nubi Qafqazdak\u0131 \u00fcmumi su ehtiyat\u0131n\u0131n 62 faizi G\u00fcrc\u00fcstan\u0131n, 28 faizi Erm\u0259nistan\u0131n, 10 faizi is\u0259 Az\u0259rbaycan\u0131n pay\u0131na d\u00fc\u015f\u00fcr. Orta illik yer\u00fcst\u00fc su ehtiyat\u0131 is\u0259 32,3 milyard kubmetrdir. Respublikam\u0131z\u0131n \u0259razisinin d\u00f6rdd\u0259 \u00fc\u00e7 hiss\u0259si K\u00fcr \u00e7ay\u0131 h\u00f6vz\u0259sin\u0259 d\u00fc\u015f\u00fcr v\u0259 bu \u00e7ay \u00f6lk\u0259 \u0259halisi \u00fc\u00e7\u00fcn \u0259sas i\u00e7m\u0259li su m\u0259nb\u0259yidir. ARANTV.AZ x\u0259b\u0259r verir ki,\u00a0bunu Milli M\u0259clisin T\u0259bii ehtiyatlar, energetika v\u0259 ekologiya komit\u0259sinin s\u0259dri Sadiq Qurbanov Milli M\u0259clisd\u0259 \u201c\u00d6lk\u0259nin su t\u0259s\u0259rr\u00fcfat\u0131: probleml\u0259r v\u0259 yeni \u00e7a\u011f\u0131r\u0131\u015flar\u201d m\u00f6vzusunda ictimai dinl\u0259m\u0259d\u0259 deyib. O qeyd edib ki, Az\u0259rbaycana K\u00fcr \u00e7ay\u0131 vasit\u0259sil\u0259 daxil olan sular\u0131n \u00e7ox hiss\u0259si G\u00fcrc\u00fcstan v\u0259 Erm\u0259nistan \u0259razisind\u0259&hellip;<\/p>\n","protected":false},"author":2,"featured_media":630549,"comment_status":"closed","ping_status":"closed","sticky":false,"template":"","format":"standard","meta":{"om_disable_all_campaigns":false,"_monsterinsights_skip_tracking":false,"_monsterinsights_sitenote_active":false,"_monsterinsights_sitenote_note":"","_monsterinsights_sitenote_category":0},"categories":[1],"tags":[],"aioseo_notices":[],"gutentor_comment":0,"rttpg_featured_image_url":{"full":["https:\/\/arantv.az\/wp-content\/uploads\/2023\/09\/su.jpg",620,413,false],"landscape":["https:\/\/arantv.az\/wp-content\/uploads\/2023\/09\/su.jpg",620,413,false],"portraits":["https:\/\/arantv.az\/wp-content\/uploads\/2023\/09\/su.jpg",620,413,false],"thumbnail":["https:\/\/arantv.az\/wp-content\/uploads\/2023\/09\/su-500x280.jpg",500,280,true],"medium":["https:\/\/arantv.az\/wp-content\/uploads\/2023\/09\/su-548x365.jpg",548,365,true],"large":["https:\/\/arantv.az\/wp-content\/uploads\/2023\/09\/su.jpg",620,413,false],"1536x1536":["https:\/\/arantv.az\/wp-content\/uploads\/2023\/09\/su.jpg",620,413,false],"2048x2048":["https:\/\/arantv.az\/wp-content\/uploads\/2023\/09\/su.jpg",620,413,false],"post-thumbnail":["https:\/\/arantv.az\/wp-content\/uploads\/2023\/09\/su-240x172.jpg",240,172,true],"advps-thumb-one":["https:\/\/arantv.az\/wp-content\/uploads\/2023\/09\/su.jpg",620,413,false]},"rttpg_author":{"display_name":"V\u00fcsal Rafiqo\u011flu","author_link":"https:\/\/arantv.az\/?author=2"},"rttpg_comment":0,"rttpg_category":"<a href=\"https:\/\/arantv.az\/?cat=1\" rel=\"category\">C\u0259miyy\u0259t<\/a>","rttpg_excerpt":"C\u0259nubi Qafqazdak\u0131 \u00fcmumi su ehtiyat\u0131n\u0131n 62 faizi G\u00fcrc\u00fcstan\u0131n, 28 faizi Erm\u0259nistan\u0131n, 10 faizi is\u0259 Az\u0259rbaycan\u0131n pay\u0131na d\u00fc\u015f\u00fcr. Orta illik yer\u00fcst\u00fc su ehtiyat\u0131 is\u0259 32,3 milyard kubmetrdir. Respublikam\u0131z\u0131n \u0259razisinin d\u00f6rdd\u0259 \u00fc\u00e7 hiss\u0259si K\u00fcr \u00e7ay\u0131 h\u00f6vz\u0259sin\u0259 d\u00fc\u015f\u00fcr v\u0259 bu \u00e7ay \u00f6lk\u0259 \u0259halisi \u00fc\u00e7\u00fcn \u0259sas i\u00e7m\u0259li su m\u0259nb\u0259yidir. ARANTV.AZ x\u0259b\u0259r verir ki,\u00a0bunu Milli M\u0259clisin T\u0259bii ehtiyatlar, energetika v\u0259&hellip;","_links":{"self":[{"href":"https:\/\/arantv.az\/index.php?rest_route=\/wp\/v2\/posts\/695545"}],"collection":[{"href":"https:\/\/arantv.az\/index.php?rest_route=\/wp\/v2\/posts"}],"about":[{"href":"https:\/\/arantv.az\/index.php?rest_route=\/wp\/v2\/types\/post"}],"author":[{"embeddable":true,"href":"https:\/\/arantv.az\/index.php?rest_route=\/wp\/v2\/users\/2"}],"replies":[{"embeddable":true,"href":"https:\/\/arantv.az\/index.php?rest_route=%2Fwp%2Fv2%2Fcomments&post=695545"}],"version-history":[{"count":0,"href":"https:\/\/arantv.az\/index.php?rest_route=\/wp\/v2\/posts\/695545\/revisions"}],"wp:featuredmedia":[{"embeddable":true,"href":"https:\/\/arantv.az\/index.php?rest_route=\/wp\/v2\/media\/630549"}],"wp:attachment":[{"href":"https:\/\/arantv.az\/index.php?rest_route=%2Fwp%2Fv2%2Fmedia&parent=695545"}],"wp:term":[{"taxonomy":"category","embeddable":true,"href":"https:\/\/arantv.az\/index.php?rest_route=%2Fwp%2Fv2%2Fcategories&post=695545"},{"taxonomy":"post_tag","embeddable":true,"href":"https:\/\/arantv.az\/index.php?rest_route=%2Fwp%2Fv2%2Ftags&post=695545"}],"curies":[{"name":"wp","href":"https:\/\/api.w.org\/{rel}","templated":true}]}}