{"id":695547,"date":"2024-02-28T11:41:52","date_gmt":"2024-02-28T07:41:52","guid":{"rendered":"https:\/\/arantv.az\/?p=695547"},"modified":"2024-02-28T11:41:52","modified_gmt":"2024-02-28T07:41:52","slug":"az%c9%99rbaycan-turkiy%c9%99d%c9%99-keciril%c9%99c%c9%99k-beyn%c9%99lxalq-foruma-qatilacaq","status":"publish","type":"post","link":"https:\/\/arantv.az\/?p=695547","title":{"rendered":"Az\u0259rbaycan T\u00fcrkiy\u0259d\u0259 ke\u00e7iril\u0259c\u0259k beyn\u0259lxalq foruma qat\u0131lacaq"},"content":{"rendered":"<p>T\u00fcrkiy\u0259nin Antalya \u015f\u0259h\u0259rind\u0259 1-3 mart tarixl\u0259ri aras\u0131nda \u00dc\u00e7\u00fcnc\u00fc Antalya Diplomatik Forumu (ADF) ke\u00e7iril\u0259c\u0259k.<\/p>\n<p>Qeyd olunur ki, T\u00fcrkiy\u0259 Respublikas\u0131n\u0131n Prezidenti R\u0259c\u0259b Tayyib \u018frdo\u011fan\u0131n r\u0259hb\u0259rliyi alt\u0131nda ke\u00e7iril\u0259c\u0259k foruma 100-d\u0259n \u00e7ox \u00f6lk\u0259d\u0259n d\u00f6rd min\u0259 yax\u0131n qonaq qat\u0131lacaq.<\/p>\n<p>Bildirilir ki, \u00dc\u00e7\u00fcnc\u00fc Antalya Diplomatik Forumunda Az\u0259rbaycan, \u0130raq, Macar\u0131stan kimi 60-dan \u00e7ox \u00f6lk\u0259 xarici i\u015fl\u0259r naziri s\u0259viyy\u0259sind\u0259 t\u0259msil olunacaq.<\/p>\n<p>\u00dc\u00e7\u00fcnc\u00fc Antalya Diplomatik Forumunun builki \u0259sas m\u00f6vzusu kimi \u201cB\u00f6hranlar d\u00f6vr\u00fcnd\u0259 diplomatiyan\u0131n ir\u0259li \u00e7\u0259kilm\u0259si\u201d m\u00fc\u0259yy\u0259n edilib.<\/p>\n<p>Forum \u00e7\u0259r\u00e7iv\u0259sind\u0259 Prezident R\u0259c\u0259b Tayyib \u018frdo\u011fan\u0131n liderl\u0259rl\u0259 ikit\u0259r\u0259fli g\u00f6r\u00fc\u015fl\u0259ri d\u0259 g\u00f6zl\u0259nilir.<\/p>\n<p>M\u0259lumat \u00fc\u00e7\u00fcn \u0259lav\u0259 ed\u0259k ki, \u00dc\u00e7\u00fcnc\u00fc Antalya Diplomatik Forumu T\u00fcrkiy\u0259d\u0259 2023-c\u00fc il fevral\u0131n 6-da ba\u015f vermi\u015f d\u0259h\u015f\u0259tli z\u0259lz\u0259l\u0259d\u0259n sonra t\u0259xir\u0259 sal\u0131nm\u0131\u015fd\u0131.<\/p>\n<p>M\u0259nb\u0259: Haber Global<\/p>\n","protected":false},"excerpt":{"rendered":"<p>T\u00fcrkiy\u0259nin Antalya \u015f\u0259h\u0259rind\u0259 1-3 mart tarixl\u0259ri aras\u0131nda \u00dc\u00e7\u00fcnc\u00fc Antalya Diplomatik Forumu (ADF) ke\u00e7iril\u0259c\u0259k. Qeyd olunur ki, T\u00fcrkiy\u0259 Respublikas\u0131n\u0131n Prezidenti R\u0259c\u0259b Tayyib \u018frdo\u011fan\u0131n r\u0259hb\u0259rliyi alt\u0131nda ke\u00e7iril\u0259c\u0259k foruma 100-d\u0259n \u00e7ox \u00f6lk\u0259d\u0259n d\u00f6rd min\u0259 yax\u0131n qonaq qat\u0131lacaq. Bildirilir ki, \u00dc\u00e7\u00fcnc\u00fc Antalya Diplomatik Forumunda Az\u0259rbaycan, \u0130raq, Macar\u0131stan kimi 60-dan \u00e7ox \u00f6lk\u0259 xarici i\u015fl\u0259r naziri s\u0259viyy\u0259sind\u0259 t\u0259msil olunacaq. \u00dc\u00e7\u00fcnc\u00fc Antalya Diplomatik Forumunun builki \u0259sas m\u00f6vzusu kimi \u201cB\u00f6hranlar d\u00f6vr\u00fcnd\u0259 diplomatiyan\u0131n ir\u0259li \u00e7\u0259kilm\u0259si\u201d m\u00fc\u0259yy\u0259n edilib. Forum \u00e7\u0259r\u00e7iv\u0259sind\u0259 Prezident R\u0259c\u0259b Tayyib \u018frdo\u011fan\u0131n liderl\u0259rl\u0259 ikit\u0259r\u0259fli g\u00f6r\u00fc\u015fl\u0259ri d\u0259 g\u00f6zl\u0259nilir. M\u0259lumat \u00fc\u00e7\u00fcn \u0259lav\u0259 ed\u0259k ki, \u00dc\u00e7\u00fcnc\u00fc Antalya Diplomatik Forumu T\u00fcrkiy\u0259d\u0259 2023-c\u00fc&hellip;<\/p>\n","protected":false},"author":2,"featured_media":695548,"comment_status":"closed","ping_status":"closed","sticky":false,"template":"","format":"standard","meta":{"om_disable_all_campaigns":false,"_monsterinsights_skip_tracking":false,"_monsterinsights_sitenote_active":false,"_monsterinsights_sitenote_note":"","_monsterinsights_sitenote_category":0},"categories":[4],"tags":[],"aioseo_notices":[],"gutentor_comment":0,"rttpg_featured_image_url":{"full":["https:\/\/arantv.az\/wp-content\/uploads\/2024\/02\/FotoJet-28-4.jpg",620,413,false],"landscape":["https:\/\/arantv.az\/wp-content\/uploads\/2024\/02\/FotoJet-28-4.jpg",620,413,false],"portraits":["https:\/\/arantv.az\/wp-content\/uploads\/2024\/02\/FotoJet-28-4.jpg",620,413,false],"thumbnail":["https:\/\/arantv.az\/wp-content\/uploads\/2024\/02\/FotoJet-28-4-500x280.jpg",500,280,true],"medium":["https:\/\/arantv.az\/wp-content\/uploads\/2024\/02\/FotoJet-28-4-548x365.jpg",548,365,true],"large":["https:\/\/arantv.az\/wp-content\/uploads\/2024\/02\/FotoJet-28-4.jpg",620,413,false],"1536x1536":["https:\/\/arantv.az\/wp-content\/uploads\/2024\/02\/FotoJet-28-4.jpg",620,413,false],"2048x2048":["https:\/\/arantv.az\/wp-content\/uploads\/2024\/02\/FotoJet-28-4.jpg",620,413,false],"post-thumbnail":["https:\/\/arantv.az\/wp-content\/uploads\/2024\/02\/FotoJet-28-4-240x172.jpg",240,172,true],"advps-thumb-one":["https:\/\/arantv.az\/wp-content\/uploads\/2024\/02\/FotoJet-28-4.jpg",620,413,false]},"rttpg_author":{"display_name":"V\u00fcsal Rafiqo\u011flu","author_link":"https:\/\/arantv.az\/?author=2"},"rttpg_comment":0,"rttpg_category":"<a href=\"https:\/\/arantv.az\/?cat=4\" rel=\"category\">Siyas\u0259t<\/a>","rttpg_excerpt":"T\u00fcrkiy\u0259nin Antalya \u015f\u0259h\u0259rind\u0259 1-3 mart tarixl\u0259ri aras\u0131nda \u00dc\u00e7\u00fcnc\u00fc Antalya Diplomatik Forumu (ADF) ke\u00e7iril\u0259c\u0259k. Qeyd olunur ki, T\u00fcrkiy\u0259 Respublikas\u0131n\u0131n Prezidenti R\u0259c\u0259b Tayyib \u018frdo\u011fan\u0131n r\u0259hb\u0259rliyi alt\u0131nda ke\u00e7iril\u0259c\u0259k foruma 100-d\u0259n \u00e7ox \u00f6lk\u0259d\u0259n d\u00f6rd min\u0259 yax\u0131n qonaq qat\u0131lacaq. Bildirilir ki, \u00dc\u00e7\u00fcnc\u00fc Antalya Diplomatik Forumunda Az\u0259rbaycan, \u0130raq, Macar\u0131stan kimi 60-dan \u00e7ox \u00f6lk\u0259 xarici i\u015fl\u0259r naziri s\u0259viyy\u0259sind\u0259 t\u0259msil olunacaq. \u00dc\u00e7\u00fcnc\u00fc Antalya&hellip;","_links":{"self":[{"href":"https:\/\/arantv.az\/index.php?rest_route=\/wp\/v2\/posts\/695547"}],"collection":[{"href":"https:\/\/arantv.az\/index.php?rest_route=\/wp\/v2\/posts"}],"about":[{"href":"https:\/\/arantv.az\/index.php?rest_route=\/wp\/v2\/types\/post"}],"author":[{"embeddable":true,"href":"https:\/\/arantv.az\/index.php?rest_route=\/wp\/v2\/users\/2"}],"replies":[{"embeddable":true,"href":"https:\/\/arantv.az\/index.php?rest_route=%2Fwp%2Fv2%2Fcomments&post=695547"}],"version-history":[{"count":0,"href":"https:\/\/arantv.az\/index.php?rest_route=\/wp\/v2\/posts\/695547\/revisions"}],"wp:featuredmedia":[{"embeddable":true,"href":"https:\/\/arantv.az\/index.php?rest_route=\/wp\/v2\/media\/695548"}],"wp:attachment":[{"href":"https:\/\/arantv.az\/index.php?rest_route=%2Fwp%2Fv2%2Fmedia&parent=695547"}],"wp:term":[{"taxonomy":"category","embeddable":true,"href":"https:\/\/arantv.az\/index.php?rest_route=%2Fwp%2Fv2%2Fcategories&post=695547"},{"taxonomy":"post_tag","embeddable":true,"href":"https:\/\/arantv.az\/index.php?rest_route=%2Fwp%2Fv2%2Ftags&post=695547"}],"curies":[{"name":"wp","href":"https:\/\/api.w.org\/{rel}","templated":true}]}}