{"id":69558,"date":"2019-06-27T10:14:04","date_gmt":"2019-06-27T07:14:04","guid":{"rendered":"http:\/\/arantv.az\/?p=69558"},"modified":"2019-06-27T10:14:04","modified_gmt":"2019-06-27T07:14:04","slug":"maaslarla-b%c9%99rab%c9%99r-sosial-od%c9%99nisl%c9%99r-d%c9%99-artdi","status":"publish","type":"post","link":"https:\/\/arantv.az\/?p=69558","title":{"rendered":"Maa\u015flarla b\u0259rab\u0259r sosial \u00f6d\u0259ni\u015fl\u0259r d\u0259 artd\u0131"},"content":{"rendered":"<p>Minimum \u0259m\u0259k haqq\u0131 m\u0259bl\u0259\u011finin 250 manata \u00e7atd\u0131r\u0131lmas\u0131 il\u0259 ba\u011fl\u0131 q\u0259rardan sonra sahibkarl\u0131q f\u0259aliyy\u0259ti il\u0259 m\u0259\u015f\u011ful olan fiziki \u015f\u0259xsl\u0259rin \u00f6d\u0259diyi sosial s\u0131\u011forta haqq\u0131n\u0131n hesablanmas\u0131na yenid\u0259n bax\u0131lmas\u0131 m\u0259qs\u0259d\u0259 uy\u011fundur.<\/p>\n<p><b>ARANTV.AZ\u00a0<\/b>\u00a0anews.az-a istinad\u0259n x\u0259b\u0259r verir ki, bunu iqtisad\u00e7\u0131 ekspert V\u00fcqar Bayramov deyib. O, bildirib ki, sosial paketinin iqtisadi t\u0259sirl\u0259rini n\u0259z\u0259r\u0259 alaraq s\u0131\u011forta haqqlar\u0131 il\u0259 minimum \u0259m\u0259k haqq\u0131 m\u0259bl\u0259\u011fi aras\u0131ndak\u0131 \u0259laq\u0259nin aradan qald\u0131r\u0131lmas\u0131na ehtiyac var.<\/p>\n<p>&#8220;Bel\u0259 ki, minimum \u0259m\u0259k haqq\u0131 m\u0259bl\u0259\u011fi artanda sosial \u00f6d\u0259ni\u015fl\u0259ri d\u0259 \u00e7oxal\u0131r. Fiziki \u015f\u0259xsl\u0259r minimum \u0259m\u0259k haqq\u0131n\u0131n 20 faizi h\u0259cmind\u0259 sosial \u00f6d\u0259ni\u015f etdiyini n\u0259z\u0259r\u0259 ald\u0131qda sentyabrdan etibar\u0259n ayl\u0131q \u00f6d\u0259ni\u015fl\u0259r 50 manata y\u00fcks\u0259l\u0259c\u0259k. Fiziki \u015f\u0259xsl\u0259r \u00fc\u00e7\u00fcn ayl\u0131q sosial \u00f6d\u0259ni\u015fin m\u0259bl\u0259\u011finin vahid (fiks) m\u00fc\u0259yy\u0259nl\u0259\u015fdirilm\u0259si daha m\u0259qs\u0259d\u0259 uy\u011fun olard\u0131. Beyin m\u0259rk\u0259zi olaraq ayl\u0131q \u00f6d\u0259ni\u015f \u00fc\u00e7\u00fcn 35 manat m\u00fc\u0259yy\u0259nl\u0259\u015fdirilm\u0259sini t\u0259klif edirik. Bu haqda \u0259m\u0259k haqq art\u0131mlar\u0131 fiziki \u015f\u0259xsl\u0259rin ayl\u0131q \u00f6d\u0259ni\u015fl\u0259rini art\u0131rmayacaq&#8221;.<\/p>\n","protected":false},"excerpt":{"rendered":"<p>Minimum \u0259m\u0259k haqq\u0131 m\u0259bl\u0259\u011finin 250 manata \u00e7atd\u0131r\u0131lmas\u0131 il\u0259 ba\u011fl\u0131 q\u0259rardan sonra sahibkarl\u0131q f\u0259aliyy\u0259ti il\u0259 m\u0259\u015f\u011ful olan fiziki \u015f\u0259xsl\u0259rin \u00f6d\u0259diyi sosial s\u0131\u011forta haqq\u0131n\u0131n hesablanmas\u0131na yenid\u0259n bax\u0131lmas\u0131 m\u0259qs\u0259d\u0259 uy\u011fundur. ARANTV.AZ\u00a0\u00a0anews.az-a istinad\u0259n x\u0259b\u0259r verir ki, bunu iqtisad\u00e7\u0131 ekspert V\u00fcqar Bayramov deyib. O, bildirib ki, sosial paketinin iqtisadi t\u0259sirl\u0259rini n\u0259z\u0259r\u0259 alaraq s\u0131\u011forta haqqlar\u0131 il\u0259 minimum \u0259m\u0259k haqq\u0131 m\u0259bl\u0259\u011fi aras\u0131ndak\u0131 \u0259laq\u0259nin aradan qald\u0131r\u0131lmas\u0131na ehtiyac var. &#8220;Bel\u0259 ki, minimum \u0259m\u0259k haqq\u0131 m\u0259bl\u0259\u011fi artanda sosial \u00f6d\u0259ni\u015fl\u0259ri d\u0259 \u00e7oxal\u0131r. Fiziki \u015f\u0259xsl\u0259r minimum \u0259m\u0259k haqq\u0131n\u0131n 20 faizi h\u0259cmind\u0259 sosial \u00f6d\u0259ni\u015f etdiyini n\u0259z\u0259r\u0259 ald\u0131qda sentyabrdan etibar\u0259n ayl\u0131q \u00f6d\u0259ni\u015fl\u0259r 50 manata&hellip;<\/p>\n","protected":false},"author":2,"featured_media":69559,"comment_status":"closed","ping_status":"closed","sticky":false,"template":"","format":"standard","meta":{"om_disable_all_campaigns":false,"_monsterinsights_skip_tracking":false,"_monsterinsights_sitenote_active":false,"_monsterinsights_sitenote_note":"","_monsterinsights_sitenote_category":0},"categories":[1],"tags":[],"aioseo_notices":[],"gutentor_comment":0,"rttpg_featured_image_url":{"full":["https:\/\/arantv.az\/wp-content\/uploads\/2019\/06\/1561618718409307406.jpg",549,297,false],"landscape":["https:\/\/arantv.az\/wp-content\/uploads\/2019\/06\/1561618718409307406.jpg",549,297,false],"portraits":["https:\/\/arantv.az\/wp-content\/uploads\/2019\/06\/1561618718409307406.jpg",549,297,false],"thumbnail":["https:\/\/arantv.az\/wp-content\/uploads\/2019\/06\/1561618718409307406-150x150.jpg",150,150,true],"medium":["https:\/\/arantv.az\/wp-content\/uploads\/2019\/06\/1561618718409307406-300x162.jpg",300,162,true],"large":["https:\/\/arantv.az\/wp-content\/uploads\/2019\/06\/1561618718409307406.jpg",549,297,false],"1536x1536":["https:\/\/arantv.az\/wp-content\/uploads\/2019\/06\/1561618718409307406.jpg",549,297,false],"2048x2048":["https:\/\/arantv.az\/wp-content\/uploads\/2019\/06\/1561618718409307406.jpg",549,297,false],"post-thumbnail":["https:\/\/arantv.az\/wp-content\/uploads\/2019\/06\/1561618718409307406-240x172.jpg",240,172,true],"advps-thumb-one":["https:\/\/arantv.az\/wp-content\/uploads\/2019\/06\/1561618718409307406.jpg",549,297,false]},"rttpg_author":{"display_name":"V\u00fcsal Rafiqo\u011flu","author_link":"https:\/\/arantv.az\/?author=2"},"rttpg_comment":0,"rttpg_category":"<a href=\"https:\/\/arantv.az\/?cat=1\" rel=\"category\">C\u0259miyy\u0259t<\/a>","rttpg_excerpt":"Minimum \u0259m\u0259k haqq\u0131 m\u0259bl\u0259\u011finin 250 manata \u00e7atd\u0131r\u0131lmas\u0131 il\u0259 ba\u011fl\u0131 q\u0259rardan sonra sahibkarl\u0131q f\u0259aliyy\u0259ti il\u0259 m\u0259\u015f\u011ful olan fiziki \u015f\u0259xsl\u0259rin \u00f6d\u0259diyi sosial s\u0131\u011forta haqq\u0131n\u0131n hesablanmas\u0131na yenid\u0259n bax\u0131lmas\u0131 m\u0259qs\u0259d\u0259 uy\u011fundur. ARANTV.AZ\u00a0\u00a0anews.az-a istinad\u0259n x\u0259b\u0259r verir ki, bunu iqtisad\u00e7\u0131 ekspert V\u00fcqar Bayramov deyib. O, bildirib ki, sosial paketinin iqtisadi t\u0259sirl\u0259rini n\u0259z\u0259r\u0259 alaraq s\u0131\u011forta haqqlar\u0131 il\u0259 minimum \u0259m\u0259k haqq\u0131 m\u0259bl\u0259\u011fi aras\u0131ndak\u0131&hellip;","_links":{"self":[{"href":"https:\/\/arantv.az\/index.php?rest_route=\/wp\/v2\/posts\/69558"}],"collection":[{"href":"https:\/\/arantv.az\/index.php?rest_route=\/wp\/v2\/posts"}],"about":[{"href":"https:\/\/arantv.az\/index.php?rest_route=\/wp\/v2\/types\/post"}],"author":[{"embeddable":true,"href":"https:\/\/arantv.az\/index.php?rest_route=\/wp\/v2\/users\/2"}],"replies":[{"embeddable":true,"href":"https:\/\/arantv.az\/index.php?rest_route=%2Fwp%2Fv2%2Fcomments&post=69558"}],"version-history":[{"count":0,"href":"https:\/\/arantv.az\/index.php?rest_route=\/wp\/v2\/posts\/69558\/revisions"}],"wp:featuredmedia":[{"embeddable":true,"href":"https:\/\/arantv.az\/index.php?rest_route=\/wp\/v2\/media\/69559"}],"wp:attachment":[{"href":"https:\/\/arantv.az\/index.php?rest_route=%2Fwp%2Fv2%2Fmedia&parent=69558"}],"wp:term":[{"taxonomy":"category","embeddable":true,"href":"https:\/\/arantv.az\/index.php?rest_route=%2Fwp%2Fv2%2Fcategories&post=69558"},{"taxonomy":"post_tag","embeddable":true,"href":"https:\/\/arantv.az\/index.php?rest_route=%2Fwp%2Fv2%2Ftags&post=69558"}],"curies":[{"name":"wp","href":"https:\/\/api.w.org\/{rel}","templated":true}]}}