{"id":695608,"date":"2024-02-28T15:11:14","date_gmt":"2024-02-28T11:11:14","guid":{"rendered":"https:\/\/arantv.az\/?p=695608"},"modified":"2024-02-28T15:11:14","modified_gmt":"2024-02-28T11:11:14","slug":"media-v%c9%99-insan-huquqlari-movzusunda-t%c9%99lim-kecirilib-foto","status":"publish","type":"post","link":"https:\/\/arantv.az\/?p=695608","title":{"rendered":"\u201cMedia v\u0259 insan h\u00fcquqlar\u0131\u201d m\u00f6vzusunda t\u0259lim ke\u00e7irilib &#8211; FOTO"},"content":{"rendered":"<p>H\u00fcquq v\u0259 \u0130nsan Haqlar\u0131 \u0130nstitutunun v\u0259 Az\u0259rbaycan Respublikas\u0131n\u0131n Median\u0131n \u0130nki\u015faf\u0131 Agentliyinin birg\u0259 t\u0259\u015f\u0259bb\u00fcs\u00fc il\u0259 fevral\u0131n 28-d\u0259 jurnalistl\u0259r \u00fc\u00e7\u00fcn \u201cMedia v\u0259 insan h\u00fcquqlar\u0131\u201d m\u00f6vzusunda t\u0259lim ke\u00e7irilib.<\/p>\n<p><b>ARANTV.AZ <\/b>x\u0259b\u0259r verir ki, t\u0259limd\u0259 a\u00e7\u0131l\u0131\u015f nitqi il\u0259 \u00e7\u0131x\u0131\u015f ed\u0259n \u0130nstitutun \u0130dar\u0259 Hey\u0259tinin s\u0259dri M\u0259h\u0259mm\u0259d Quluzad\u0259 media n\u00fcmay\u0259nd\u0259l\u0259rini salamlay\u0131b v\u0259 \u0130nstitutun f\u0259aliyy\u0259ti haqq\u0131nda onlara \u00fcmumi m\u0259lumat verib. S\u0259dr insan h\u00fcquq v\u0259 azadl\u0131qlar\u0131n\u0131n m\u00fcdafi\u0259si sah\u0259sind\u0259 \u0130nstitutun g\u00f6rd\u00fcy\u00fc i\u015fl\u0259rin m\u00fct\u0259madi olaraq m\u0259tbuatda i\u015f\u0131qland\u0131r\u0131lmas\u0131nda media n\u00fcmay\u0259nd\u0259l\u0259rinin b\u00f6y\u00fck rolu v\u0259 \u0259ziyy\u0259ti oldu\u011funu bildirib. M.Quluzad\u0259 qeyd edib ki, bu t\u0259lim mediada payla\u015f\u0131lan x\u0259b\u0259rl\u0259rd\u0259 rast g\u0259lin\u0259n insan h\u00fcquqlar\u0131 pozuntular\u0131n\u0131n aradan qald\u0131r\u0131lmas\u0131 m\u0259qs\u0259dil\u0259 t\u0259\u015fkil olunub.<\/p>\n<p>Median\u0131n \u0130nki\u015faf\u0131 Agentliyinin \u0130cra\u00e7\u0131 direktoru \u018fhm\u0259d \u0130smay\u0131lov \u00e7\u0131x\u0131\u015f\u0131nda \u0130nstitutun insan h\u00fcquq v\u0259 azadl\u0131qlar\u0131n\u0131n qorunmas\u0131 istiqam\u0259tind\u0259 keyfiyy\u0259tli x\u0259b\u0259r istehsal\u0131n\u0131n t\u0259min edilm\u0259sin\u0259 y\u00f6n\u0259l\u0259n t\u0259\u015f\u0259bb\u00fcs\u00fcn\u00fc y\u00fcks\u0259k d\u0259y\u0259rl\u0259ndirib, ke\u00e7iril\u0259n t\u0259limin jurnalistl\u0259rin bu n\u00f6v informasiyan\u0131n \u0259ld\u0259 olunmas\u0131, \u00f6t\u00fcr\u00fclm\u0259si v\u0259 yay\u0131m\u0131 f\u0259aliyy\u0259tind\u0259 pe\u015f\u0259karl\u0131\u011f\u0131n\u0131n v\u0259 m\u0259suliyy\u0259tinin art\u0131r\u0131lmas\u0131na xidm\u0259t etydiyini bildirib. \u018f.\u0130smay\u0131lov Median\u0131n \u0130nki\u015faf\u0131 Agentliyinin jurnalistl\u0259r v\u0259 media subyektl\u0259ri \u00fc\u00e7\u00fcn h\u0259yata ke\u00e7irdiyi t\u0259dbirl\u0259r bar\u0259d\u0259 m\u0259lumat verib.<\/p>\n<p>\u0130nstitutun t\u0259lim\u00e7i-ekspertl\u0259ri G\u00fclnaz \u018fl\u0259sg\u0259rova v\u0259 Hamlet Babayev \u201cMedia v\u0259 insan h\u00fcquqlar\u0131\u201d v\u0259 \u201cX\u0259b\u0259rl\u0259rin i\u015f\u0131qland\u0131r\u0131lmas\u0131 zaman\u0131 insan h\u00fcquqlar\u0131n\u0131n t\u0259min edilm\u0259si\u201d m\u00f6vzular\u0131n\u0131 \u0259hat\u0259 ed\u0259n t\u0259qdimat modullar\u0131 il\u0259 \u00e7\u0131x\u0131\u015f edibl\u0259r.<\/p>\n<p>M\u00fczakir\u0259l\u0259r zaman\u0131 jurnalistl\u0259ri maraqland\u0131ran suallar cavabland\u0131r\u0131l\u0131b. M\u00f6vzu \u00fczr\u0259 kazus m\u00fczakir\u0259sind\u0259n sonra t\u0259limd\u0259 i\u015ftirak ed\u0259n media n\u00fcmay\u0259nd\u0259l\u0259rin\u0259 sertifikatlar t\u0259qdim olunub.<\/p>\n<p>&nbsp;<\/p>\n<div class=\"gallery\">\n<div class=\"gallery-i\"><img src=\"https:\/\/cdn.oxu.az\/uploads\/W1siZiIsIjIwMjQvMDIvMjgvMTQvMDAvMjcvYWE2ZWNmYjItYTUxZi00YjZiLTk4OGYtNDBhM2Q3YjI1ZjIyL1doYXRzQXBwIEltYWdlIDIwMjQtMDItMjggYXQgMTMuNTYuNDYgKDEpLmpwZWciXSxbInAiLCJlbmNvZGUiLCJqcGciLCItcXVhbGl0eSA4MCJdLFsicCIsInRodW1iIiwiNTkweDU5MFx1MDAzZSJdXQ?sha=699c1be6a8e10679\" alt=\"\" \/><\/p>\n<div class=\"gallery-i-caption\"><\/div>\n<\/div>\n<div class=\"gallery-i\"><img src=\"https:\/\/cdn.oxu.az\/uploads\/W1siZiIsIjIwMjQvMDIvMjgvMTQvMDAvMjcvMmYxZGZjNzAtNzJlNi00MzYyLThjNDUtOWE0MzNiM2I0ZjYwL1doYXRzQXBwIEltYWdlIDIwMjQtMDItMjggYXQgMTMuNTYuNDUgKDIpLmpwZWciXSxbInAiLCJlbmNvZGUiLCJqcGciLCItcXVhbGl0eSA4MCJdLFsicCIsInRodW1iIiwiNTkweDU5MFx1MDAzZSJdXQ?sha=0941eecd8ddadb7d\" alt=\"\" \/><\/p>\n<div class=\"gallery-i-caption\"><\/div>\n<\/div>\n<div class=\"gallery-i\"><img src=\"https:\/\/cdn.oxu.az\/uploads\/W1siZiIsIjIwMjQvMDIvMjgvMTQvMDAvMjcvNDA5OWZiNWEtNjk3MC00ZjhjLTg2NmYtZDE1NGY5NGVkNGJlL1doYXRzQXBwIEltYWdlIDIwMjQtMDItMjggYXQgMTMuNTYuNDUgKDEpLmpwZWciXSxbInAiLCJlbmNvZGUiLCJqcGciLCItcXVhbGl0eSA4MCJdLFsicCIsInRodW1iIiwiNTkweDU5MFx1MDAzZSJdXQ?sha=acaaa09744227b59\" alt=\"\" \/><\/p>\n<div class=\"gallery-i-caption\"><\/div>\n<\/div>\n<div class=\"gallery-i\"><img src=\"https:\/\/cdn.oxu.az\/uploads\/W1siZiIsIjIwMjQvMDIvMjgvMTQvMDAvMjcvYzA1MzJiNmMtMDAxZC00NzAyLWEzOGMtZGZlNjNhZGJiZWNhL1doYXRzQXBwIEltYWdlIDIwMjQtMDItMjggYXQgMTMuNTYuNDUuanBlZyJdLFsicCIsImVuY29kZSIsImpwZyIsIi1xdWFsaXR5IDgwIl0sWyJwIiwidGh1bWIiLCI1OTB4NTkwXHUwMDNlIl1d?sha=f3d7bc9365f19c2e\" alt=\"\" \/><\/div>\n<\/div>\n","protected":false},"excerpt":{"rendered":"<p>H\u00fcquq v\u0259 \u0130nsan Haqlar\u0131 \u0130nstitutunun v\u0259 Az\u0259rbaycan Respublikas\u0131n\u0131n Median\u0131n \u0130nki\u015faf\u0131 Agentliyinin birg\u0259 t\u0259\u015f\u0259bb\u00fcs\u00fc il\u0259 fevral\u0131n 28-d\u0259 jurnalistl\u0259r \u00fc\u00e7\u00fcn \u201cMedia v\u0259 insan h\u00fcquqlar\u0131\u201d m\u00f6vzusunda t\u0259lim ke\u00e7irilib. ARANTV.AZ x\u0259b\u0259r verir ki, t\u0259limd\u0259 a\u00e7\u0131l\u0131\u015f nitqi il\u0259 \u00e7\u0131x\u0131\u015f ed\u0259n \u0130nstitutun \u0130dar\u0259 Hey\u0259tinin s\u0259dri M\u0259h\u0259mm\u0259d Quluzad\u0259 media n\u00fcmay\u0259nd\u0259l\u0259rini salamlay\u0131b v\u0259 \u0130nstitutun f\u0259aliyy\u0259ti haqq\u0131nda onlara \u00fcmumi m\u0259lumat verib. S\u0259dr insan h\u00fcquq v\u0259 azadl\u0131qlar\u0131n\u0131n m\u00fcdafi\u0259si sah\u0259sind\u0259 \u0130nstitutun g\u00f6rd\u00fcy\u00fc i\u015fl\u0259rin m\u00fct\u0259madi olaraq m\u0259tbuatda i\u015f\u0131qland\u0131r\u0131lmas\u0131nda media n\u00fcmay\u0259nd\u0259l\u0259rinin b\u00f6y\u00fck rolu v\u0259 \u0259ziyy\u0259ti oldu\u011funu bildirib. M.Quluzad\u0259 qeyd edib ki, bu t\u0259lim mediada payla\u015f\u0131lan x\u0259b\u0259rl\u0259rd\u0259 rast g\u0259lin\u0259n insan h\u00fcquqlar\u0131 pozuntular\u0131n\u0131n aradan qald\u0131r\u0131lmas\u0131&hellip;<\/p>\n","protected":false},"author":2,"featured_media":695609,"comment_status":"closed","ping_status":"closed","sticky":false,"template":"","format":"standard","meta":{"om_disable_all_campaigns":false,"_monsterinsights_skip_tracking":false,"_monsterinsights_sitenote_active":false,"_monsterinsights_sitenote_note":"","_monsterinsights_sitenote_category":0},"categories":[1],"tags":[],"aioseo_notices":[],"gutentor_comment":0,"rttpg_featured_image_url":{"full":["https:\/\/arantv.az\/wp-content\/uploads\/2024\/02\/WhatsApp-Image-2024-02-28-at-13.56.46.jpg",620,413,false],"landscape":["https:\/\/arantv.az\/wp-content\/uploads\/2024\/02\/WhatsApp-Image-2024-02-28-at-13.56.46.jpg",620,413,false],"portraits":["https:\/\/arantv.az\/wp-content\/uploads\/2024\/02\/WhatsApp-Image-2024-02-28-at-13.56.46.jpg",620,413,false],"thumbnail":["https:\/\/arantv.az\/wp-content\/uploads\/2024\/02\/WhatsApp-Image-2024-02-28-at-13.56.46-500x280.jpg",500,280,true],"medium":["https:\/\/arantv.az\/wp-content\/uploads\/2024\/02\/WhatsApp-Image-2024-02-28-at-13.56.46-548x365.jpg",548,365,true],"large":["https:\/\/arantv.az\/wp-content\/uploads\/2024\/02\/WhatsApp-Image-2024-02-28-at-13.56.46.jpg",620,413,false],"1536x1536":["https:\/\/arantv.az\/wp-content\/uploads\/2024\/02\/WhatsApp-Image-2024-02-28-at-13.56.46.jpg",620,413,false],"2048x2048":["https:\/\/arantv.az\/wp-content\/uploads\/2024\/02\/WhatsApp-Image-2024-02-28-at-13.56.46.jpg",620,413,false],"post-thumbnail":["https:\/\/arantv.az\/wp-content\/uploads\/2024\/02\/WhatsApp-Image-2024-02-28-at-13.56.46-240x172.jpg",240,172,true],"advps-thumb-one":["https:\/\/arantv.az\/wp-content\/uploads\/2024\/02\/WhatsApp-Image-2024-02-28-at-13.56.46.jpg",620,413,false]},"rttpg_author":{"display_name":"V\u00fcsal Rafiqo\u011flu","author_link":"https:\/\/arantv.az\/?author=2"},"rttpg_comment":0,"rttpg_category":"<a href=\"https:\/\/arantv.az\/?cat=1\" rel=\"category\">C\u0259miyy\u0259t<\/a>","rttpg_excerpt":"H\u00fcquq v\u0259 \u0130nsan Haqlar\u0131 \u0130nstitutunun v\u0259 Az\u0259rbaycan Respublikas\u0131n\u0131n Median\u0131n \u0130nki\u015faf\u0131 Agentliyinin birg\u0259 t\u0259\u015f\u0259bb\u00fcs\u00fc il\u0259 fevral\u0131n 28-d\u0259 jurnalistl\u0259r \u00fc\u00e7\u00fcn \u201cMedia v\u0259 insan h\u00fcquqlar\u0131\u201d m\u00f6vzusunda t\u0259lim ke\u00e7irilib. ARANTV.AZ x\u0259b\u0259r verir ki, t\u0259limd\u0259 a\u00e7\u0131l\u0131\u015f nitqi il\u0259 \u00e7\u0131x\u0131\u015f ed\u0259n \u0130nstitutun \u0130dar\u0259 Hey\u0259tinin s\u0259dri M\u0259h\u0259mm\u0259d Quluzad\u0259 media n\u00fcmay\u0259nd\u0259l\u0259rini salamlay\u0131b v\u0259 \u0130nstitutun f\u0259aliyy\u0259ti haqq\u0131nda onlara \u00fcmumi m\u0259lumat verib. S\u0259dr insan h\u00fcquq&hellip;","_links":{"self":[{"href":"https:\/\/arantv.az\/index.php?rest_route=\/wp\/v2\/posts\/695608"}],"collection":[{"href":"https:\/\/arantv.az\/index.php?rest_route=\/wp\/v2\/posts"}],"about":[{"href":"https:\/\/arantv.az\/index.php?rest_route=\/wp\/v2\/types\/post"}],"author":[{"embeddable":true,"href":"https:\/\/arantv.az\/index.php?rest_route=\/wp\/v2\/users\/2"}],"replies":[{"embeddable":true,"href":"https:\/\/arantv.az\/index.php?rest_route=%2Fwp%2Fv2%2Fcomments&post=695608"}],"version-history":[{"count":0,"href":"https:\/\/arantv.az\/index.php?rest_route=\/wp\/v2\/posts\/695608\/revisions"}],"wp:featuredmedia":[{"embeddable":true,"href":"https:\/\/arantv.az\/index.php?rest_route=\/wp\/v2\/media\/695609"}],"wp:attachment":[{"href":"https:\/\/arantv.az\/index.php?rest_route=%2Fwp%2Fv2%2Fmedia&parent=695608"}],"wp:term":[{"taxonomy":"category","embeddable":true,"href":"https:\/\/arantv.az\/index.php?rest_route=%2Fwp%2Fv2%2Fcategories&post=695608"},{"taxonomy":"post_tag","embeddable":true,"href":"https:\/\/arantv.az\/index.php?rest_route=%2Fwp%2Fv2%2Ftags&post=695608"}],"curies":[{"name":"wp","href":"https:\/\/api.w.org\/{rel}","templated":true}]}}