{"id":695616,"date":"2024-02-28T15:14:57","date_gmt":"2024-02-28T11:14:57","guid":{"rendered":"https:\/\/arantv.az\/?p=695616"},"modified":"2024-02-28T15:14:57","modified_gmt":"2024-02-28T11:14:57","slug":"koreya-prezidenti-ilham-%c9%99liyevi-t%c9%99brik-etdi","status":"publish","type":"post","link":"https:\/\/arantv.az\/?p=695616","title":{"rendered":"Koreya prezidenti \u0130lham \u018fliyevi t\u0259brik etdi"},"content":{"rendered":"<p>Koreya Respublikas\u0131n\u0131n Prezidenti Yun Sok Yol Az\u0259rbaycan Respublikas\u0131n\u0131n Prezidenti\u00a0<strong>\u0130lham \u018fliyevi<\/strong>\u00a0t\u0259brik edib.<\/p>\n<p><a href=\"https:\/\/president.az\/az\/articles\/view\/64775\" target=\"_blank\" rel=\"noopener\"><strong>President.az<\/strong><\/a>\u00a0x\u0259b\u0259r verir ki, t\u0259brik m\u0259ktubunda deyilir:<\/p>\n<p>\u201cYenid\u0259n Az\u0259rbaycan Respublikas\u0131n\u0131n Prezidenti se\u00e7ilm\u0259yiniz m\u00fcnasib\u0259til\u0259 Sizi Koreya Respublikas\u0131n\u0131n h\u00f6kum\u0259ti v\u0259 xalq\u0131 ad\u0131ndan s\u0259mimi-q\u0259lbd\u0259n t\u0259brik edir\u0259m. Uzaqg\u00f6r\u0259nliyiniz v\u0259 liderliyiniz say\u0259sind\u0259 Az\u0259rbaycan Respublikas\u0131n\u0131n davaml\u0131 \u015f\u0259kild\u0259 inki\u015faf ed\u0259c\u0259yin\u0259 \u0259min\u0259m.<\/p>\n<p>\u00d6lk\u0259l\u0259rimiz aras\u0131nda diplomatik m\u00fcnasib\u0259tl\u0259rin quruldu\u011fu 1992-ci ild\u0259n b\u0259ri m\u00fcxt\u0259lif sah\u0259l\u0259rd\u0259 dostluq v\u0259 \u0259m\u0259kda\u015fl\u0131q m\u00fcnasib\u0259tl\u0259rimiz geni\u015fl\u0259nmi\u015fdir. Son d\u00f6vrl\u0259rd\u0259 enerji, infrastruktur, s\u0259hiyy\u0259, \u201ca\u011f\u0131ll\u0131 k\u0259nd\u201d v\u0259 dig\u0259r sah\u0259l\u0259rd\u0259 \u0259m\u0259kda\u015fl\u0131\u011f\u0131n m\u00f6hk\u0259ml\u0259ndirilm\u0259sind\u0259n x\u00fcsusil\u0259 b\u00f6y\u00fck m\u0259mnunluq duyuram.<\/p>\n<p>\u018fmin\u0259m ki, birg\u0259 s\u0259yl\u0259rimizl\u0259 \u00f6lk\u0259l\u0259rimiz aras\u0131nda ikit\u0259r\u0259fli \u0259laq\u0259l\u0259r daha da inki\u015faf ed\u0259c\u0259kdir.<\/p>\n<p>Siz\u0259 cansa\u011fl\u0131\u011f\u0131, Az\u0259rbaycan Respublikas\u0131na daimi inki\u015faf arzu edir\u0259m\u201d.<\/p>\n","protected":false},"excerpt":{"rendered":"<p>Koreya Respublikas\u0131n\u0131n Prezidenti Yun Sok Yol Az\u0259rbaycan Respublikas\u0131n\u0131n Prezidenti\u00a0\u0130lham \u018fliyevi\u00a0t\u0259brik edib. President.az\u00a0x\u0259b\u0259r verir ki, t\u0259brik m\u0259ktubunda deyilir: \u201cYenid\u0259n Az\u0259rbaycan Respublikas\u0131n\u0131n Prezidenti se\u00e7ilm\u0259yiniz m\u00fcnasib\u0259til\u0259 Sizi Koreya Respublikas\u0131n\u0131n h\u00f6kum\u0259ti v\u0259 xalq\u0131 ad\u0131ndan s\u0259mimi-q\u0259lbd\u0259n t\u0259brik edir\u0259m. Uzaqg\u00f6r\u0259nliyiniz v\u0259 liderliyiniz say\u0259sind\u0259 Az\u0259rbaycan Respublikas\u0131n\u0131n davaml\u0131 \u015f\u0259kild\u0259 inki\u015faf ed\u0259c\u0259yin\u0259 \u0259min\u0259m. \u00d6lk\u0259l\u0259rimiz aras\u0131nda diplomatik m\u00fcnasib\u0259tl\u0259rin quruldu\u011fu 1992-ci ild\u0259n b\u0259ri m\u00fcxt\u0259lif sah\u0259l\u0259rd\u0259 dostluq v\u0259 \u0259m\u0259kda\u015fl\u0131q m\u00fcnasib\u0259tl\u0259rimiz geni\u015fl\u0259nmi\u015fdir. Son d\u00f6vrl\u0259rd\u0259 enerji, infrastruktur, s\u0259hiyy\u0259, \u201ca\u011f\u0131ll\u0131 k\u0259nd\u201d v\u0259 dig\u0259r sah\u0259l\u0259rd\u0259 \u0259m\u0259kda\u015fl\u0131\u011f\u0131n m\u00f6hk\u0259ml\u0259ndirilm\u0259sind\u0259n x\u00fcsusil\u0259 b\u00f6y\u00fck m\u0259mnunluq duyuram. \u018fmin\u0259m ki, birg\u0259 s\u0259yl\u0259rimizl\u0259 \u00f6lk\u0259l\u0259rimiz aras\u0131nda ikit\u0259r\u0259fli \u0259laq\u0259l\u0259r daha da inki\u015faf ed\u0259c\u0259kdir. Siz\u0259 cansa\u011fl\u0131\u011f\u0131, Az\u0259rbaycan&hellip;<\/p>\n","protected":false},"author":2,"featured_media":695617,"comment_status":"closed","ping_status":"closed","sticky":false,"template":"","format":"standard","meta":{"om_disable_all_campaigns":false,"_monsterinsights_skip_tracking":false,"_monsterinsights_sitenote_active":false,"_monsterinsights_sitenote_note":"","_monsterinsights_sitenote_category":0},"categories":[4],"tags":[],"aioseo_notices":[],"gutentor_comment":0,"rttpg_featured_image_url":{"full":["https:\/\/arantv.az\/wp-content\/uploads\/2024\/02\/5f44a63353c24-t0shxN7_yPUZws0-10.jpg",620,413,false],"landscape":["https:\/\/arantv.az\/wp-content\/uploads\/2024\/02\/5f44a63353c24-t0shxN7_yPUZws0-10.jpg",620,413,false],"portraits":["https:\/\/arantv.az\/wp-content\/uploads\/2024\/02\/5f44a63353c24-t0shxN7_yPUZws0-10.jpg",620,413,false],"thumbnail":["https:\/\/arantv.az\/wp-content\/uploads\/2024\/02\/5f44a63353c24-t0shxN7_yPUZws0-10-500x280.jpg",500,280,true],"medium":["https:\/\/arantv.az\/wp-content\/uploads\/2024\/02\/5f44a63353c24-t0shxN7_yPUZws0-10-548x365.jpg",548,365,true],"large":["https:\/\/arantv.az\/wp-content\/uploads\/2024\/02\/5f44a63353c24-t0shxN7_yPUZws0-10.jpg",620,413,false],"1536x1536":["https:\/\/arantv.az\/wp-content\/uploads\/2024\/02\/5f44a63353c24-t0shxN7_yPUZws0-10.jpg",620,413,false],"2048x2048":["https:\/\/arantv.az\/wp-content\/uploads\/2024\/02\/5f44a63353c24-t0shxN7_yPUZws0-10.jpg",620,413,false],"post-thumbnail":["https:\/\/arantv.az\/wp-content\/uploads\/2024\/02\/5f44a63353c24-t0shxN7_yPUZws0-10-240x172.jpg",240,172,true],"advps-thumb-one":["https:\/\/arantv.az\/wp-content\/uploads\/2024\/02\/5f44a63353c24-t0shxN7_yPUZws0-10.jpg",620,413,false]},"rttpg_author":{"display_name":"V\u00fcsal Rafiqo\u011flu","author_link":"https:\/\/arantv.az\/?author=2"},"rttpg_comment":0,"rttpg_category":"<a href=\"https:\/\/arantv.az\/?cat=4\" rel=\"category\">Siyas\u0259t<\/a>","rttpg_excerpt":"Koreya Respublikas\u0131n\u0131n Prezidenti Yun Sok Yol Az\u0259rbaycan Respublikas\u0131n\u0131n Prezidenti\u00a0\u0130lham \u018fliyevi\u00a0t\u0259brik edib. President.az\u00a0x\u0259b\u0259r verir ki, t\u0259brik m\u0259ktubunda deyilir: \u201cYenid\u0259n Az\u0259rbaycan Respublikas\u0131n\u0131n Prezidenti se\u00e7ilm\u0259yiniz m\u00fcnasib\u0259til\u0259 Sizi Koreya Respublikas\u0131n\u0131n h\u00f6kum\u0259ti v\u0259 xalq\u0131 ad\u0131ndan s\u0259mimi-q\u0259lbd\u0259n t\u0259brik edir\u0259m. Uzaqg\u00f6r\u0259nliyiniz v\u0259 liderliyiniz say\u0259sind\u0259 Az\u0259rbaycan Respublikas\u0131n\u0131n davaml\u0131 \u015f\u0259kild\u0259 inki\u015faf ed\u0259c\u0259yin\u0259 \u0259min\u0259m. \u00d6lk\u0259l\u0259rimiz aras\u0131nda diplomatik m\u00fcnasib\u0259tl\u0259rin quruldu\u011fu 1992-ci ild\u0259n b\u0259ri m\u00fcxt\u0259lif sah\u0259l\u0259rd\u0259 dostluq&hellip;","_links":{"self":[{"href":"https:\/\/arantv.az\/index.php?rest_route=\/wp\/v2\/posts\/695616"}],"collection":[{"href":"https:\/\/arantv.az\/index.php?rest_route=\/wp\/v2\/posts"}],"about":[{"href":"https:\/\/arantv.az\/index.php?rest_route=\/wp\/v2\/types\/post"}],"author":[{"embeddable":true,"href":"https:\/\/arantv.az\/index.php?rest_route=\/wp\/v2\/users\/2"}],"replies":[{"embeddable":true,"href":"https:\/\/arantv.az\/index.php?rest_route=%2Fwp%2Fv2%2Fcomments&post=695616"}],"version-history":[{"count":0,"href":"https:\/\/arantv.az\/index.php?rest_route=\/wp\/v2\/posts\/695616\/revisions"}],"wp:featuredmedia":[{"embeddable":true,"href":"https:\/\/arantv.az\/index.php?rest_route=\/wp\/v2\/media\/695617"}],"wp:attachment":[{"href":"https:\/\/arantv.az\/index.php?rest_route=%2Fwp%2Fv2%2Fmedia&parent=695616"}],"wp:term":[{"taxonomy":"category","embeddable":true,"href":"https:\/\/arantv.az\/index.php?rest_route=%2Fwp%2Fv2%2Fcategories&post=695616"},{"taxonomy":"post_tag","embeddable":true,"href":"https:\/\/arantv.az\/index.php?rest_route=%2Fwp%2Fv2%2Ftags&post=695616"}],"curies":[{"name":"wp","href":"https:\/\/api.w.org\/{rel}","templated":true}]}}