{"id":695620,"date":"2024-02-28T15:15:43","date_gmt":"2024-02-28T11:15:43","guid":{"rendered":"https:\/\/arantv.az\/?p=695620"},"modified":"2024-02-28T15:15:43","modified_gmt":"2024-02-28T11:15:43","slug":"pasinyanin-oz-partiyasi-il%c9%99-qapali-gorusunun-t%c9%99f%c9%99rruati-m%c9%99lum-oldu-munhend%c9%99-n%c9%99l%c9%99r-danisilib","status":"publish","type":"post","link":"https:\/\/arantv.az\/?p=695620","title":{"rendered":"Pa\u015finyan\u0131n \u00f6z partiyas\u0131 il\u0259 qapal\u0131 g\u00f6r\u00fc\u015f\u00fcn\u00fcn t\u0259f\u0259rr\u00fcat\u0131 m\u0259lum oldu: M\u00fcnhend\u0259 n\u0259l\u0259r dan\u0131\u015f\u0131l\u0131b?"},"content":{"rendered":"<p>Erm\u0259nistan ba\u015f naziri Nikol Pa\u015finyan \u00f6z\u00fcn\u00fcn \u201cV\u0259t\u0259nda\u015f sazi\u015fi\u201d partiyas\u0131n\u0131n deputatlar\u0131 il\u0259 qapal\u0131 g\u00f6r\u00fc\u015f ke\u00e7irib.<\/p>\n<p>G\u00f6r\u00fc\u015f zaman\u0131 Pa\u015finyan\u0131n i\u015ftirak etdiyi M\u00fcnhen T\u0259hl\u00fck\u0259sizlik Konfrans\u0131nda ke\u00e7iril\u0259n g\u00f6r\u00fc\u015fl\u0259r v\u0259 bununla ba\u011fl\u0131 m\u0259s\u0259l\u0259l\u0259r m\u00fczakir\u0259 edilib.<\/p>\n<p>Nikol Pa\u015finyan v\u0259 partiya \u00fczvl\u0259rinin \u00fc\u00e7 saata yax\u0131n davam ed\u0259n dan\u0131\u015f\u0131qlar\u0131na dair b\u0259zi detallar m\u0259lum olub.<\/p>\n<p>Xat\u0131rladaq ki, \u00f6t\u0259n h\u0259ft\u0259, fevral\u0131n 16-18-d\u0259 Nikol Pa\u015finyan M\u00fcnhen T\u0259hl\u00fck\u0259sizlik Konfrans\u0131nda i\u015ftirak edib v\u0259 bu konfrans \u00e7\u0259r\u00e7iv\u0259sind\u0259 Az\u0259rbaycan Prezidenti\u00a0<strong>\u0130lham \u018fliyevl\u0259<\/strong>, h\u0259m\u00e7inin Almaniya Kansleri Olaf \u015eoltsla g\u00f6r\u00fc\u015f\u00fcb.<\/p>\n<p>Partiya \u00fczvl\u0259ri il\u0259 g\u00f6r\u00fc\u015f\u00fcn \u0259vv\u0259lind\u0259 Erm\u0259nistan ba\u015f naziri M\u00fcnhen s\u0259f\u0259ri il\u0259 ba\u011fl\u0131 \u00f6z d\u0259y\u0259rl\u0259ndirm\u0259l\u0259rini t\u0259qdim edib. O vur\u011fulay\u0131b ki, Q\u0259rb platformas\u0131 vasit\u0259sil\u0259 \u0130lham \u018fliyevl\u0259 t\u0259maslar\u0131n b\u0259rpas\u0131 fakt\u0131n\u0131 v\u0259 \u00fcmumiyy\u0259tl\u0259 Erm\u0259nistan-Az\u0259rbaycan m\u00fcnasib\u0259tl\u0259rinin t\u0259nziml\u0259nm\u0259sin\u0259, regionda s\u00fclh v\u0259 sabitliyin t\u0259min edilm\u0259sin\u0259 y\u00f6n\u0259lmi\u015f dig\u0259r i\u015fg\u00fczar g\u00f6r\u00fc\u015fl\u0259ri m\u00fcsb\u0259t hesab edir.<\/p>\n<p>Pa\u015finyan bildirib ki, M\u00fcnhend\u0259 fevral\u0131n 28-29-da Berlind\u0259 Erm\u0259nistan v\u0259 Az\u0259rbaycan Xarici \u0130\u015fl\u0259r nazirlikl\u0259rinin r\u0259hb\u0259rl\u0259rinin n\u00fcmay\u0259nd\u0259 hey\u0259tl\u0259rinin g\u00f6r\u00fc\u015f\u00fcn\u00fcn ke\u00e7irilm\u0259si il\u0259 ba\u011fl\u0131 raz\u0131l\u0131q \u0259ld\u0259 olunub. Eyni zamanda, \u0259lav\u0259 edib ki, s\u00fclh sazi\u015finin imzalanmas\u0131 prosesi qeyri-m\u00fc\u0259yy\u0259n m\u0259rh\u0259l\u0259y\u0259 q\u0259d\u0259m qoyub.<\/p>\n<p>M\u0259nb\u0259: Erm\u0259nistan K\u0130V<\/p>\n","protected":false},"excerpt":{"rendered":"<p>Erm\u0259nistan ba\u015f naziri Nikol Pa\u015finyan \u00f6z\u00fcn\u00fcn \u201cV\u0259t\u0259nda\u015f sazi\u015fi\u201d partiyas\u0131n\u0131n deputatlar\u0131 il\u0259 qapal\u0131 g\u00f6r\u00fc\u015f ke\u00e7irib. G\u00f6r\u00fc\u015f zaman\u0131 Pa\u015finyan\u0131n i\u015ftirak etdiyi M\u00fcnhen T\u0259hl\u00fck\u0259sizlik Konfrans\u0131nda ke\u00e7iril\u0259n g\u00f6r\u00fc\u015fl\u0259r v\u0259 bununla ba\u011fl\u0131 m\u0259s\u0259l\u0259l\u0259r m\u00fczakir\u0259 edilib. Nikol Pa\u015finyan v\u0259 partiya \u00fczvl\u0259rinin \u00fc\u00e7 saata yax\u0131n davam ed\u0259n dan\u0131\u015f\u0131qlar\u0131na dair b\u0259zi detallar m\u0259lum olub. Xat\u0131rladaq ki, \u00f6t\u0259n h\u0259ft\u0259, fevral\u0131n 16-18-d\u0259 Nikol Pa\u015finyan M\u00fcnhen T\u0259hl\u00fck\u0259sizlik Konfrans\u0131nda i\u015ftirak edib v\u0259 bu konfrans \u00e7\u0259r\u00e7iv\u0259sind\u0259 Az\u0259rbaycan Prezidenti\u00a0\u0130lham \u018fliyevl\u0259, h\u0259m\u00e7inin Almaniya Kansleri Olaf \u015eoltsla g\u00f6r\u00fc\u015f\u00fcb. Partiya \u00fczvl\u0259ri il\u0259 g\u00f6r\u00fc\u015f\u00fcn \u0259vv\u0259lind\u0259 Erm\u0259nistan ba\u015f naziri M\u00fcnhen s\u0259f\u0259ri il\u0259 ba\u011fl\u0131 \u00f6z d\u0259y\u0259rl\u0259ndirm\u0259l\u0259rini t\u0259qdim edib. O vur\u011fulay\u0131b&hellip;<\/p>\n","protected":false},"author":2,"featured_media":695621,"comment_status":"closed","ping_status":"closed","sticky":false,"template":"","format":"standard","meta":{"om_disable_all_campaigns":false,"_monsterinsights_skip_tracking":false,"_monsterinsights_sitenote_active":false,"_monsterinsights_sitenote_note":"","_monsterinsights_sitenote_category":0},"categories":[4],"tags":[],"aioseo_notices":[],"gutentor_comment":0,"rttpg_featured_image_url":{"full":["https:\/\/arantv.az\/wp-content\/uploads\/2024\/02\/FotoJet-2024-02-28T105320.815.jpg",620,413,false],"landscape":["https:\/\/arantv.az\/wp-content\/uploads\/2024\/02\/FotoJet-2024-02-28T105320.815.jpg",620,413,false],"portraits":["https:\/\/arantv.az\/wp-content\/uploads\/2024\/02\/FotoJet-2024-02-28T105320.815.jpg",620,413,false],"thumbnail":["https:\/\/arantv.az\/wp-content\/uploads\/2024\/02\/FotoJet-2024-02-28T105320.815-500x280.jpg",500,280,true],"medium":["https:\/\/arantv.az\/wp-content\/uploads\/2024\/02\/FotoJet-2024-02-28T105320.815-548x365.jpg",548,365,true],"large":["https:\/\/arantv.az\/wp-content\/uploads\/2024\/02\/FotoJet-2024-02-28T105320.815.jpg",620,413,false],"1536x1536":["https:\/\/arantv.az\/wp-content\/uploads\/2024\/02\/FotoJet-2024-02-28T105320.815.jpg",620,413,false],"2048x2048":["https:\/\/arantv.az\/wp-content\/uploads\/2024\/02\/FotoJet-2024-02-28T105320.815.jpg",620,413,false],"post-thumbnail":["https:\/\/arantv.az\/wp-content\/uploads\/2024\/02\/FotoJet-2024-02-28T105320.815-240x172.jpg",240,172,true],"advps-thumb-one":["https:\/\/arantv.az\/wp-content\/uploads\/2024\/02\/FotoJet-2024-02-28T105320.815.jpg",620,413,false]},"rttpg_author":{"display_name":"V\u00fcsal Rafiqo\u011flu","author_link":"https:\/\/arantv.az\/?author=2"},"rttpg_comment":0,"rttpg_category":"<a href=\"https:\/\/arantv.az\/?cat=4\" rel=\"category\">Siyas\u0259t<\/a>","rttpg_excerpt":"Erm\u0259nistan ba\u015f naziri Nikol Pa\u015finyan \u00f6z\u00fcn\u00fcn \u201cV\u0259t\u0259nda\u015f sazi\u015fi\u201d partiyas\u0131n\u0131n deputatlar\u0131 il\u0259 qapal\u0131 g\u00f6r\u00fc\u015f ke\u00e7irib. G\u00f6r\u00fc\u015f zaman\u0131 Pa\u015finyan\u0131n i\u015ftirak etdiyi M\u00fcnhen T\u0259hl\u00fck\u0259sizlik Konfrans\u0131nda ke\u00e7iril\u0259n g\u00f6r\u00fc\u015fl\u0259r v\u0259 bununla ba\u011fl\u0131 m\u0259s\u0259l\u0259l\u0259r m\u00fczakir\u0259 edilib. Nikol Pa\u015finyan v\u0259 partiya \u00fczvl\u0259rinin \u00fc\u00e7 saata yax\u0131n davam ed\u0259n dan\u0131\u015f\u0131qlar\u0131na dair b\u0259zi detallar m\u0259lum olub. Xat\u0131rladaq ki, \u00f6t\u0259n h\u0259ft\u0259, fevral\u0131n 16-18-d\u0259 Nikol Pa\u015finyan M\u00fcnhen&hellip;","_links":{"self":[{"href":"https:\/\/arantv.az\/index.php?rest_route=\/wp\/v2\/posts\/695620"}],"collection":[{"href":"https:\/\/arantv.az\/index.php?rest_route=\/wp\/v2\/posts"}],"about":[{"href":"https:\/\/arantv.az\/index.php?rest_route=\/wp\/v2\/types\/post"}],"author":[{"embeddable":true,"href":"https:\/\/arantv.az\/index.php?rest_route=\/wp\/v2\/users\/2"}],"replies":[{"embeddable":true,"href":"https:\/\/arantv.az\/index.php?rest_route=%2Fwp%2Fv2%2Fcomments&post=695620"}],"version-history":[{"count":0,"href":"https:\/\/arantv.az\/index.php?rest_route=\/wp\/v2\/posts\/695620\/revisions"}],"wp:featuredmedia":[{"embeddable":true,"href":"https:\/\/arantv.az\/index.php?rest_route=\/wp\/v2\/media\/695621"}],"wp:attachment":[{"href":"https:\/\/arantv.az\/index.php?rest_route=%2Fwp%2Fv2%2Fmedia&parent=695620"}],"wp:term":[{"taxonomy":"category","embeddable":true,"href":"https:\/\/arantv.az\/index.php?rest_route=%2Fwp%2Fv2%2Fcategories&post=695620"},{"taxonomy":"post_tag","embeddable":true,"href":"https:\/\/arantv.az\/index.php?rest_route=%2Fwp%2Fv2%2Ftags&post=695620"}],"curies":[{"name":"wp","href":"https:\/\/api.w.org\/{rel}","templated":true}]}}