{"id":69576,"date":"2019-06-27T10:42:24","date_gmt":"2019-06-27T07:42:24","guid":{"rendered":"http:\/\/arantv.az\/?p=69576"},"modified":"2019-06-27T10:42:24","modified_gmt":"2019-06-27T07:42:24","slug":"general-%c9%99li-nagiyevin-qarabag-doyusl%c9%99rind%c9%99ki-goruntul%c9%99ri-yayildi-video","status":"publish","type":"post","link":"https:\/\/arantv.az\/?p=69576","title":{"rendered":"General \u018fli Na\u011f\u0131yevin Qaraba\u011f d\u00f6y\u00fc\u015fl\u0259rind\u0259ki g\u00f6r\u00fcnt\u00fcl\u0259ri yay\u0131ld\u0131 &#8211; V\u0130DEO"},"content":{"rendered":"<p>Prezident \u0130lham \u018fliyev 20 iyunda imzalad\u0131\u011f\u0131 s\u0259r\u0259ncamla Ba\u015f prokuror yan\u0131nda Korrupsiyaya qar\u015f\u0131 M\u00fcbariz\u0259 Ba\u015f \u0130dar\u0259sinin r\u0259is m\u00fcavini, general-mayor \u018fli Na\u011f\u0131yevi D\u00f6vl\u0259t T\u0259hl\u00fck\u0259sizlik Xidm\u0259tin\u0259 r\u0259is t\u0259yin etdi. Bu t\u0259yinat g\u00fcnl\u0259rdir m\u00fczakir\u0259 olunur.<\/p>\n<p><strong>ARANTV.AZ<\/strong> x\u0259b\u0259r verir ki, t\u0259hl\u00fck\u0259sizlik m\u0259s\u0259l\u0259l\u0259ri \u00fczr\u0259 eskpert, bir vaxtlar ke\u00e7mi\u015f Milli T\u0259hl\u00fck\u0259sizlik Nazirliyind\u0259 \u00e7al\u0131\u015fm\u0131\u015f \u0130lham \u0130smay\u0131l modern.az-a a\u00e7\u0131qlamas\u0131nda 2004-c\u00fc ild\u0259n b\u0259ri -15 il sonra bu v\u0259zif\u0259y\u0259 \u0259n uy\u011fun, \u0259n pe\u015f\u0259kar \u015f\u0259xs t\u0259yin olundu\u011funu bildirib.<\/p>\n<p>&#8220;Biz \u018fli Na\u011f\u0131yevl\u0259 birlikd\u0259 &#8220;\u00c7ayk\u0259nd \u0259m\u0259liyyat\u0131&#8221;nda, indiki Goranboy rayonunun \u0259razisind\u0259 Mana\u015fit, Buzluq, Erk\u0259c k\u0259ndl\u0259rinin erm\u0259ni quldurlar\u0131ndan azad edilm\u0259sind\u0259 \u00e7iyin-\u00e7iyin\u0259 vuru\u015fmu\u015fuq. Y\u0259ni adam\u0131n h\u0259m \u0259m\u0259liyyat t\u0259cr\u00fcb\u0259si var, h\u0259m anti-terror f\u0259aliyy\u0259ti var. Bir s\u00f6zl\u0259, 15 il sonra bu v\u0259zif\u0259y\u0259 pe\u015f\u0259kar \u015f\u0259xs t\u0259yin edildi&#8221;,- dey\u0259 \u0130.\u0130smay\u0131l bildirib.<\/p>\n<p>Bu arada sosial \u015f\u0259b\u0259k\u0259d\u0259 D\u00f6vl\u0259t T\u0259hl\u00fck\u0259sizliyi Xidm\u0259tinin yeni r\u0259isi \u018fli Na\u011f\u0131yevin MTN x\u00fcsusi t\u0259yinatl\u0131lar\u0131n\u0131n \u0259m\u0259kda\u015f\u0131 kimi 1991-ci ild\u0259 Goranboydak\u0131 h\u0259rbi \u0259m\u0259liyyatlarda i\u015ftirak\u0131n\u0131 \u0259ks etdir\u0259n videog\u00f6r\u00fcnt\u00fcs\u00fc yay\u0131l\u0131b. S\u00f6hb\u0259t \u0130lham \u0130smay\u0131l\u0131n b\u0259hs etdiyi h\u0259rbi \u0259m\u0259liyyatlardan gedir.<\/p>\n<p>Milli.Az x\u00fcsusi xidm\u0259t orqanlarr\u0131n\u0131n sabiq \u0259m\u0259kda\u015f\u0131 Arzu Na\u011f\u0131yevin payla\u015fd\u0131\u011f\u0131 h\u0259min g\u00f6r\u00fcnt\u00fcl\u0259ri t\u0259qdim edir.<\/p>\n<div class=\"article_text\">\n<p>&nbsp;<\/p>\n<p><iframe loading=\"lazy\" src=\"https:\/\/daytube.az\/az\/embed\/84783\" width=\"670\" height=\"400\" frameborder=\"0\" allowfullscreen=\"allowfullscreen\" data-mce-fragment=\"1\"><\/iframe><\/p>\n<\/div>\n<div class=\"social-banner\"><\/div>\n","protected":false},"excerpt":{"rendered":"<p>Prezident \u0130lham \u018fliyev 20 iyunda imzalad\u0131\u011f\u0131 s\u0259r\u0259ncamla Ba\u015f prokuror yan\u0131nda Korrupsiyaya qar\u015f\u0131 M\u00fcbariz\u0259 Ba\u015f \u0130dar\u0259sinin r\u0259is m\u00fcavini, general-mayor \u018fli Na\u011f\u0131yevi D\u00f6vl\u0259t T\u0259hl\u00fck\u0259sizlik Xidm\u0259tin\u0259 r\u0259is t\u0259yin etdi. Bu t\u0259yinat g\u00fcnl\u0259rdir m\u00fczakir\u0259 olunur. ARANTV.AZ x\u0259b\u0259r verir ki, t\u0259hl\u00fck\u0259sizlik m\u0259s\u0259l\u0259l\u0259ri \u00fczr\u0259 eskpert, bir vaxtlar ke\u00e7mi\u015f Milli T\u0259hl\u00fck\u0259sizlik Nazirliyind\u0259 \u00e7al\u0131\u015fm\u0131\u015f \u0130lham \u0130smay\u0131l modern.az-a a\u00e7\u0131qlamas\u0131nda 2004-c\u00fc ild\u0259n b\u0259ri -15 il sonra bu v\u0259zif\u0259y\u0259 \u0259n uy\u011fun, \u0259n pe\u015f\u0259kar \u015f\u0259xs t\u0259yin olundu\u011funu bildirib. &#8220;Biz \u018fli Na\u011f\u0131yevl\u0259 birlikd\u0259 &#8220;\u00c7ayk\u0259nd \u0259m\u0259liyyat\u0131&#8221;nda, indiki Goranboy rayonunun \u0259razisind\u0259 Mana\u015fit, Buzluq, Erk\u0259c k\u0259ndl\u0259rinin erm\u0259ni quldurlar\u0131ndan azad edilm\u0259sind\u0259 \u00e7iyin-\u00e7iyin\u0259 vuru\u015fmu\u015fuq. Y\u0259ni adam\u0131n h\u0259m \u0259m\u0259liyyat&hellip;<\/p>\n","protected":false},"author":2,"featured_media":69577,"comment_status":"closed","ping_status":"closed","sticky":false,"template":"","format":"standard","meta":{"om_disable_all_campaigns":false,"_monsterinsights_skip_tracking":false,"_monsterinsights_sitenote_active":false,"_monsterinsights_sitenote_note":"","_monsterinsights_sitenote_category":0},"categories":[1],"tags":[],"aioseo_notices":[],"gutentor_comment":0,"rttpg_featured_image_url":{"full":["https:\/\/arantv.az\/wp-content\/uploads\/2019\/06\/766404.jpg",800,600,false],"landscape":["https:\/\/arantv.az\/wp-content\/uploads\/2019\/06\/766404.jpg",800,600,false],"portraits":["https:\/\/arantv.az\/wp-content\/uploads\/2019\/06\/766404.jpg",800,600,false],"thumbnail":["https:\/\/arantv.az\/wp-content\/uploads\/2019\/06\/766404-150x150.jpg",150,150,true],"medium":["https:\/\/arantv.az\/wp-content\/uploads\/2019\/06\/766404-300x225.jpg",300,225,true],"large":["https:\/\/arantv.az\/wp-content\/uploads\/2019\/06\/766404.jpg",640,480,false],"1536x1536":["https:\/\/arantv.az\/wp-content\/uploads\/2019\/06\/766404.jpg",800,600,false],"2048x2048":["https:\/\/arantv.az\/wp-content\/uploads\/2019\/06\/766404.jpg",800,600,false],"post-thumbnail":["https:\/\/arantv.az\/wp-content\/uploads\/2019\/06\/766404-240x172.jpg",240,172,true],"advps-thumb-one":["https:\/\/arantv.az\/wp-content\/uploads\/2019\/06\/766404.jpg",800,600,false]},"rttpg_author":{"display_name":"V\u00fcsal Rafiqo\u011flu","author_link":"https:\/\/arantv.az\/?author=2"},"rttpg_comment":0,"rttpg_category":"<a href=\"https:\/\/arantv.az\/?cat=1\" rel=\"category\">C\u0259miyy\u0259t<\/a>","rttpg_excerpt":"Prezident \u0130lham \u018fliyev 20 iyunda imzalad\u0131\u011f\u0131 s\u0259r\u0259ncamla Ba\u015f prokuror yan\u0131nda Korrupsiyaya qar\u015f\u0131 M\u00fcbariz\u0259 Ba\u015f \u0130dar\u0259sinin r\u0259is m\u00fcavini, general-mayor \u018fli Na\u011f\u0131yevi D\u00f6vl\u0259t T\u0259hl\u00fck\u0259sizlik Xidm\u0259tin\u0259 r\u0259is t\u0259yin etdi. Bu t\u0259yinat g\u00fcnl\u0259rdir m\u00fczakir\u0259 olunur. ARANTV.AZ x\u0259b\u0259r verir ki, t\u0259hl\u00fck\u0259sizlik m\u0259s\u0259l\u0259l\u0259ri \u00fczr\u0259 eskpert, bir vaxtlar ke\u00e7mi\u015f Milli T\u0259hl\u00fck\u0259sizlik Nazirliyind\u0259 \u00e7al\u0131\u015fm\u0131\u015f \u0130lham \u0130smay\u0131l modern.az-a a\u00e7\u0131qlamas\u0131nda 2004-c\u00fc ild\u0259n b\u0259ri -15 il&hellip;","_links":{"self":[{"href":"https:\/\/arantv.az\/index.php?rest_route=\/wp\/v2\/posts\/69576"}],"collection":[{"href":"https:\/\/arantv.az\/index.php?rest_route=\/wp\/v2\/posts"}],"about":[{"href":"https:\/\/arantv.az\/index.php?rest_route=\/wp\/v2\/types\/post"}],"author":[{"embeddable":true,"href":"https:\/\/arantv.az\/index.php?rest_route=\/wp\/v2\/users\/2"}],"replies":[{"embeddable":true,"href":"https:\/\/arantv.az\/index.php?rest_route=%2Fwp%2Fv2%2Fcomments&post=69576"}],"version-history":[{"count":0,"href":"https:\/\/arantv.az\/index.php?rest_route=\/wp\/v2\/posts\/69576\/revisions"}],"wp:featuredmedia":[{"embeddable":true,"href":"https:\/\/arantv.az\/index.php?rest_route=\/wp\/v2\/media\/69577"}],"wp:attachment":[{"href":"https:\/\/arantv.az\/index.php?rest_route=%2Fwp%2Fv2%2Fmedia&parent=69576"}],"wp:term":[{"taxonomy":"category","embeddable":true,"href":"https:\/\/arantv.az\/index.php?rest_route=%2Fwp%2Fv2%2Fcategories&post=69576"},{"taxonomy":"post_tag","embeddable":true,"href":"https:\/\/arantv.az\/index.php?rest_route=%2Fwp%2Fv2%2Ftags&post=69576"}],"curies":[{"name":"wp","href":"https:\/\/api.w.org\/{rel}","templated":true}]}}