{"id":695853,"date":"2024-02-28T21:55:32","date_gmt":"2024-02-28T17:55:32","guid":{"rendered":"https:\/\/arantv.az\/?p=695853"},"modified":"2024-02-28T21:55:32","modified_gmt":"2024-02-28T17:55:32","slug":"berbok-erm%c9%99nistan-v%c9%99-az%c9%99rbaycanin-davamli-sulh%c9%99-nail-olmaq-imkani-var","status":"publish","type":"post","link":"https:\/\/arantv.az\/?p=695853","title":{"rendered":"Berbok: \u201cErm\u0259nistan v\u0259 Az\u0259rbaycan\u0131n davaml\u0131 s\u00fclh\u0259 nail olmaq imkan\u0131 var\u201d"},"content":{"rendered":"<p>Almaniyan\u0131n xarici i\u015fl\u0259r naziri Annalena Berbok hesab edir ki, Az\u0259rbaycan v\u0259 Erm\u0259nistan aras\u0131nda s\u00fclh\u00fcn b\u0259rq\u0259rar olmas\u0131 m\u00fcmk\u00fcnd\u00fcr.<\/p>\n<p>Onun s\u00f6zl\u0259rin\u0259 g\u00f6r\u0259, Almaniya m\u00fcnaqi\u015f\u0259nin h\u0259lli istiqam\u0259tind\u0259 h\u0259r iki t\u0259r\u0259fi d\u0259st\u0259kl\u0259m\u0259y\u0259 davam etm\u0259k niyy\u0259tind\u0259dir.<\/p>\n<p>\u201cBiz inan\u0131r\u0131q ki, Erm\u0259nistan v\u0259 Az\u0259rbaycan\u0131n uzun ill\u0259r davam ed\u0259n a\u011fr\u0131l\u0131 m\u00fcnaqi\u015f\u0259d\u0259n sonra haz\u0131rda davaml\u0131 s\u00fclh\u0259 nail olmaq imkan\u0131 var\u201d, &#8211; dey\u0259 Berbok Berlind\u0259 iki \u00f6lk\u0259nin xarici i\u015fl\u0259r nazirl\u0259ri il\u0259 g\u00f6r\u00fc\u015f\u00fcnd\u0259 bildirib.<\/p>\n<p>Almaniyan\u0131n xarici siyas\u0259t idar\u0259sinin r\u0259hb\u0259ri h\u0259r iki \u00f6lk\u0259nin b\u00f6y\u00fck iztirab v\u0259 insan itkil\u0259ri il\u0259 dolu ke\u00e7mi\u015fi gerid\u0259 qoymaq \u00fc\u00e7\u00fcn atd\u0131\u011f\u0131 c\u0259sar\u0259tli add\u0131mlardan dan\u0131\u015f\u0131b. O deyib ki, ir\u0259li getm\u0259k q\u0259tiyy\u0259t t\u0259l\u0259b edir.<\/p>\n<p>M\u0259nb\u0259: TASS<\/p>\n","protected":false},"excerpt":{"rendered":"<p>Almaniyan\u0131n xarici i\u015fl\u0259r naziri Annalena Berbok hesab edir ki, Az\u0259rbaycan v\u0259 Erm\u0259nistan aras\u0131nda s\u00fclh\u00fcn b\u0259rq\u0259rar olmas\u0131 m\u00fcmk\u00fcnd\u00fcr. Onun s\u00f6zl\u0259rin\u0259 g\u00f6r\u0259, Almaniya m\u00fcnaqi\u015f\u0259nin h\u0259lli istiqam\u0259tind\u0259 h\u0259r iki t\u0259r\u0259fi d\u0259st\u0259kl\u0259m\u0259y\u0259 davam etm\u0259k niyy\u0259tind\u0259dir. \u201cBiz inan\u0131r\u0131q ki, Erm\u0259nistan v\u0259 Az\u0259rbaycan\u0131n uzun ill\u0259r davam ed\u0259n a\u011fr\u0131l\u0131 m\u00fcnaqi\u015f\u0259d\u0259n sonra haz\u0131rda davaml\u0131 s\u00fclh\u0259 nail olmaq imkan\u0131 var\u201d, &#8211; dey\u0259 Berbok Berlind\u0259 iki \u00f6lk\u0259nin xarici i\u015fl\u0259r nazirl\u0259ri il\u0259 g\u00f6r\u00fc\u015f\u00fcnd\u0259 bildirib. Almaniyan\u0131n xarici siyas\u0259t idar\u0259sinin r\u0259hb\u0259ri h\u0259r iki \u00f6lk\u0259nin b\u00f6y\u00fck iztirab v\u0259 insan itkil\u0259ri il\u0259 dolu ke\u00e7mi\u015fi gerid\u0259 qoymaq \u00fc\u00e7\u00fcn atd\u0131\u011f\u0131 c\u0259sar\u0259tli add\u0131mlardan dan\u0131\u015f\u0131b. O deyib ki, ir\u0259li&hellip;<\/p>\n","protected":false},"author":2,"featured_media":695854,"comment_status":"closed","ping_status":"closed","sticky":false,"template":"","format":"standard","meta":{"om_disable_all_campaigns":false,"_monsterinsights_skip_tracking":false,"_monsterinsights_sitenote_active":false,"_monsterinsights_sitenote_note":"","_monsterinsights_sitenote_category":0},"categories":[7],"tags":[],"aioseo_notices":[],"gutentor_comment":0,"rttpg_featured_image_url":{"full":["https:\/\/arantv.az\/wp-content\/uploads\/2024\/02\/42e3299a-1518-4d51-812c-739f17a2a075.jpg",620,413,false],"landscape":["https:\/\/arantv.az\/wp-content\/uploads\/2024\/02\/42e3299a-1518-4d51-812c-739f17a2a075.jpg",620,413,false],"portraits":["https:\/\/arantv.az\/wp-content\/uploads\/2024\/02\/42e3299a-1518-4d51-812c-739f17a2a075.jpg",620,413,false],"thumbnail":["https:\/\/arantv.az\/wp-content\/uploads\/2024\/02\/42e3299a-1518-4d51-812c-739f17a2a075-500x280.jpg",500,280,true],"medium":["https:\/\/arantv.az\/wp-content\/uploads\/2024\/02\/42e3299a-1518-4d51-812c-739f17a2a075-548x365.jpg",548,365,true],"large":["https:\/\/arantv.az\/wp-content\/uploads\/2024\/02\/42e3299a-1518-4d51-812c-739f17a2a075.jpg",620,413,false],"1536x1536":["https:\/\/arantv.az\/wp-content\/uploads\/2024\/02\/42e3299a-1518-4d51-812c-739f17a2a075.jpg",620,413,false],"2048x2048":["https:\/\/arantv.az\/wp-content\/uploads\/2024\/02\/42e3299a-1518-4d51-812c-739f17a2a075.jpg",620,413,false],"post-thumbnail":["https:\/\/arantv.az\/wp-content\/uploads\/2024\/02\/42e3299a-1518-4d51-812c-739f17a2a075-240x172.jpg",240,172,true],"advps-thumb-one":["https:\/\/arantv.az\/wp-content\/uploads\/2024\/02\/42e3299a-1518-4d51-812c-739f17a2a075.jpg",620,413,false]},"rttpg_author":{"display_name":"V\u00fcsal Rafiqo\u011flu","author_link":"https:\/\/arantv.az\/?author=2"},"rttpg_comment":0,"rttpg_category":"<a href=\"https:\/\/arantv.az\/?cat=7\" rel=\"category\">D\u00fcnya<\/a>","rttpg_excerpt":"Almaniyan\u0131n xarici i\u015fl\u0259r naziri Annalena Berbok hesab edir ki, Az\u0259rbaycan v\u0259 Erm\u0259nistan aras\u0131nda s\u00fclh\u00fcn b\u0259rq\u0259rar olmas\u0131 m\u00fcmk\u00fcnd\u00fcr. Onun s\u00f6zl\u0259rin\u0259 g\u00f6r\u0259, Almaniya m\u00fcnaqi\u015f\u0259nin h\u0259lli istiqam\u0259tind\u0259 h\u0259r iki t\u0259r\u0259fi d\u0259st\u0259kl\u0259m\u0259y\u0259 davam etm\u0259k niyy\u0259tind\u0259dir. \u201cBiz inan\u0131r\u0131q ki, Erm\u0259nistan v\u0259 Az\u0259rbaycan\u0131n uzun ill\u0259r davam ed\u0259n a\u011fr\u0131l\u0131 m\u00fcnaqi\u015f\u0259d\u0259n sonra haz\u0131rda davaml\u0131 s\u00fclh\u0259 nail olmaq imkan\u0131 var\u201d, &#8211; dey\u0259 Berbok Berlind\u0259&hellip;","_links":{"self":[{"href":"https:\/\/arantv.az\/index.php?rest_route=\/wp\/v2\/posts\/695853"}],"collection":[{"href":"https:\/\/arantv.az\/index.php?rest_route=\/wp\/v2\/posts"}],"about":[{"href":"https:\/\/arantv.az\/index.php?rest_route=\/wp\/v2\/types\/post"}],"author":[{"embeddable":true,"href":"https:\/\/arantv.az\/index.php?rest_route=\/wp\/v2\/users\/2"}],"replies":[{"embeddable":true,"href":"https:\/\/arantv.az\/index.php?rest_route=%2Fwp%2Fv2%2Fcomments&post=695853"}],"version-history":[{"count":0,"href":"https:\/\/arantv.az\/index.php?rest_route=\/wp\/v2\/posts\/695853\/revisions"}],"wp:featuredmedia":[{"embeddable":true,"href":"https:\/\/arantv.az\/index.php?rest_route=\/wp\/v2\/media\/695854"}],"wp:attachment":[{"href":"https:\/\/arantv.az\/index.php?rest_route=%2Fwp%2Fv2%2Fmedia&parent=695853"}],"wp:term":[{"taxonomy":"category","embeddable":true,"href":"https:\/\/arantv.az\/index.php?rest_route=%2Fwp%2Fv2%2Fcategories&post=695853"},{"taxonomy":"post_tag","embeddable":true,"href":"https:\/\/arantv.az\/index.php?rest_route=%2Fwp%2Fv2%2Ftags&post=695853"}],"curies":[{"name":"wp","href":"https:\/\/api.w.org\/{rel}","templated":true}]}}