{"id":695950,"date":"2024-02-29T10:37:04","date_gmt":"2024-02-29T06:37:04","guid":{"rendered":"https:\/\/arantv.az\/?p=695950"},"modified":"2024-02-29T10:37:04","modified_gmt":"2024-02-29T06:37:04","slug":"az%c9%99rbaycanda-tamamil%c9%99-yeni-bir-investisiya-iqlimi-yaranib","status":"publish","type":"post","link":"https:\/\/arantv.az\/?p=695950","title":{"rendered":"Az\u0259rbaycanda tamamil\u0259 yeni bir investisiya iqlimi yaran\u0131b"},"content":{"rendered":"<p><em><strong>D\u00f6vl\u0259t ba\u015f\u00e7\u0131s\u0131 \u0130lham \u018fliyev bildirir ki, \u0259ld\u0259 edilmi\u015f raz\u0131la\u015fmalar, imzalanm\u0131\u015f kontraktlar yax\u0131n bir ne\u00e7\u0259 ild\u0259 \u00f6z\u00fcn\u00fc el\u0259 g\u00f6st\u0259r\u0259c\u0259k, s\u0131\u00e7ray\u0131\u015f el\u0259 b\u00f6y\u00fck olacaq ki, bunu h\u0259r k\u0259s g\u00f6r\u0259c\u0259k<\/strong><\/em><\/p>\n<p>\u00abBiz \u00f6z m\u0259s\u0259l\u0259mizi h\u0259ll etmi\u015fik. Biz bu g\u00fcn A\u011fdamday\u0131q, F\u00fczulid\u0259yik, La\u00e7\u0131nday\u0131q, C\u0259bray\u0131lday\u0131q, Z\u0259ngilanday\u0131q, Qubadl\u0131day\u0131q, K\u0259lb\u0259c\u0259rd\u0259yik, \u015eu\u015faday\u0131q, Hadrutday\u0131q, Xocal\u0131day\u0131q, A\u011fd\u0259r\u0259d\u0259yik, \u018fsg\u0259randay\u0131q, Xank\u0259ndid\u0259yik! Bu yeni d\u00f6vr u\u011furla ba\u015flay\u0131r. \u018fmin\u0259m ki, u\u011furla da davam ed\u0259c\u0259k.\u00bb D\u00f6vl\u0259t ba\u015f\u00e7\u0131s\u0131 \u0130lham \u018fliyev andi\u00e7m\u0259 m\u0259rasimind\u0259 s\u00f6yl\u0259diyi bu fikirl\u0259rl\u0259 yeni d\u00f6vr\u00fcn h\u0259d\u0259fl\u0259rin\u0259 zaman\u0131nda v\u0259 y\u00fcks\u0259k s\u0259viyy\u0259d\u0259 nail olmaq \u00fc\u00e7\u00fcn geni\u015f imkanlar\u0131n oldu\u011funu t\u0259sdiql\u0259di.<\/p>\n<p>D\u00f6vl\u0259t ba\u015f\u00e7\u0131s\u0131n\u0131n \u00a0h\u0259r bir \u00e7\u0131x\u0131\u015f\u0131nda bu fikir \u00a0yer al\u0131r ki, h\u0259r d\u00f6vr\u00fcn \u00f6z t\u0259l\u0259bl\u0259ri var. \u018fld\u0259 edil\u0259n u\u011furlarla kifay\u0259tl\u0259nm\u0259m\u0259li, daim ir\u0259li baxmal\u0131y\u0131q. C\u0259nab \u0130lham \u018fliyevin \u00f6lk\u0259mizin ictimai-siyasi h\u0259yat\u0131nda apar\u0131c\u0131 rol oynayan Yeni Az\u0259rbaycan Partiyas\u0131n\u0131n tarixi Z\u0259f\u0259rimizin reall\u0131qlar\u0131 fonunda ke\u00e7iril\u0259n VII qurultay\u0131nda s\u0259sl\u0259ndirdiyi bu \u00e7a\u011f\u0131r\u0131\u015f\u0131 bir daha yada salmaq ist\u0259rdik: \u00ab\u018fvv\u0259lki d\u00f6vrl\u0259rd\u0259 \u0259ld\u0259 edilmi\u015f b\u00fct\u00fcn u\u011furlar\u0131 biz k\u0259nara qoymal\u0131y\u0131q. B\u0259li, bu, bizim \u00fc\u00e7\u00fcn fundament yaratd\u0131, baza yaratd\u0131, imkan yaratd\u0131 ki, biz \u0259sas m\u0259qs\u0259dimiz\u0259 \u00e7ataq. Ancaq \u0259g\u0259r biz oturub b\u00fct\u00fcn g\u00fcn\u00fc o d\u00f6vr haqq\u0131nda dan\u0131\u015fsaq, g\u0259l\u0259c\u0259k haqq\u0131nda d\u00fc\u015f\u00fcnm\u0259s\u0259k, onda n\u0259 olacaq. Biz g\u0259l\u0259c\u0259k haqq\u0131nda d\u00fc\u015f\u00fcnm\u0259liyik. Biz zaman\u0131 qabaqlamal\u0131y\u0131q.\u00bb<\/p>\n<p>Az\u0259rbaycan\u0131n yeni d\u00f6vr\u00fcn\u00fcn h\u0259d\u0259fl\u0259rind\u0259n s\u00f6hb\u0259t a\u00e7ark\u0259n \u00a0t\u0259bii ki, \u00a0ilk n\u00f6vb\u0259d\u0259, \u00a0tarixi Z\u0259f\u0259rimizd\u0259n b\u0259hs etm\u0259yi \u00f6z\u00fcm\u00fcz\u0259 borc bilirik. \u00c7\u00fcnki d\u00f6vl\u0259t ba\u015f\u00e7\u0131s\u0131 \u0130lham \u018fliyevin Xocal\u0131 faci\u0259sinin 32-ci ild\u00f6n\u00fcm\u00fc g\u00fcn\u00fcnd\u0259 \u00a0Xocal\u0131 rayonuna s\u0259f\u0259ri zaman\u0131 rayon sakinl\u0259ri il\u0259 g\u00f6r\u00fc\u015f\u00fcnd\u0259 qeyd etdiyi kimi, buna 30 il vaxt laz\u0131m oldu. Ancaq bu 30 il \u0259rzind\u0259 g\u00f6r\u00fclm\u00fc\u015f i\u015fl\u0259r, apard\u0131\u011f\u0131m\u0131z m\u0259qs\u0259dy\u00f6nl\u00fc siyas\u0259t bu g\u00fcn\u00fc burada ya\u015famaq \u00fc\u00e7\u00fcn biz\u0259 imkan yarad\u0131rd\u0131.<\/p>\n<p>\u00d6lk\u0259miz 30 illik i\u015f\u011fal d\u00f6vr\u00fcnd\u0259 n\u0259 q\u0259d\u0259r\u00a0 d\u00fcnya g\u00fccl\u0259rinin \u00a0ikili standartlara \u0259saslanan siyas\u0259ti il\u0259 \u00fcz-\u00fcz\u0259 qalsa da, he\u00e7 zaman ruhdan d\u00fc\u015fm\u0259di, daim ir\u0259liy\u0259 do\u011fru inamla add\u0131mlad\u0131. S\u00fclh dan\u0131\u015f\u0131qlar\u0131 s\u0259m\u0259r\u0259 verm\u0259y\u0259c\u0259yi \u00a0t\u0259qdird\u0259 h\u0259rb variant\u0131n\u0131n se\u00e7il\u0259c\u0259yi inkar edilm\u0259di.\u00a0\u00a0 Prezident \u00a0\u0130lham \u018fliyev daim \u00e7\u0131x\u0131\u015flar\u0131nda bu m\u0259qam\u0131 da x\u00fcsusi qeyd edir ki, bug\u00fcnk\u00fc Az\u0259rbaycan Birinci Qaraba\u011f m\u00fcharib\u0259si d\u00f6vr\u00fcnd\u0259ki Az\u0259rbaycan deyil.<\/p>\n<p>Az\u0259rbaycan Ordusu d\u00f6vl\u0259timizin ba\u015f\u00e7\u0131s\u0131, M\u00fcz\u0259ff\u0259r Ali Ba\u015f Komandan \u0130lham \u018fliyevin r\u0259hb\u0259rliyi alt\u0131nda 44 g\u00fcnl\u00fck \u0130kinci Qaraba\u011f m\u00fcharib\u0259sind\u0259 apar\u0131c\u0131 d\u00f6vl\u0259tl\u0259rin, n\u00fcfuzlu beyn\u0259lxalq t\u0259\u015fkilatlar\u0131n 30 il\u0259 yax\u0131n d\u00f6vrd\u0259 ed\u0259 bilm\u0259dikl\u0259rini etdi. Haqq-\u0259dal\u0259t b\u0259rpa olundu, BMT T\u0259hl\u00fck\u0259sizlik \u015euras\u0131n\u0131n q\u0259tnam\u0259l\u0259ri icra edildi, i\u015f\u011fal\u00e7\u0131 Erm\u0259nistana v\u0259 ona d\u0259st\u0259k ver\u0259n d\u00f6vl\u0259tl\u0259r\u0259 bir daha \u00e7atd\u0131r\u0131ld\u0131 ki, beyn\u0259lxalq h\u00fcquq deyil\u0259n m\u0259fhum var v\u0259 ona riay\u0259t edilm\u0259si m\u00fctl\u0259qdir. D\u00f6vl\u0259t ba\u015f\u00e7\u0131s\u0131 \u0130lham \u018fliyev Xocal\u0131 rayonu ictimaiyy\u0259tinin n\u00fcmay\u0259nd\u0259l\u0259ri il\u0259 g\u00f6r\u00fc\u015f\u00fcnd\u0259 d\u0259 bildirdi ki, Xocal\u0131 soyq\u0131r\u0131m\u0131n\u0131 inkar etm\u0259k \u0259dal\u0259tsizlik v\u0259 vicdans\u0131zl\u0131qd\u0131r. Halbuki Erm\u0259nistan d\u00f6vl\u0259ti, o vaxt v\u0259 bu g\u00fcn onun arxas\u0131nda duran eyni q\u00fcvv\u0259l\u0259r, eyni \u00f6lk\u0259l\u0259r \u0259lind\u0259n g\u0259l\u0259ni edirdil\u0259r ki, bu hadis\u0259 \u00f6rt-basd\u0131r edilsin, Erm\u0259nistan m\u0259suliyy\u0259t\u0259 c\u0259lb olunmas\u0131n, ona qar\u015f\u0131 h\u0259r hans\u0131 bir sanksiya t\u0259tbiq edilm\u0259sin v\u0259 onlar c\u0259zas\u0131z qals\u0131n: \u00abBiz onillikl\u0259r \u0259rzind\u0259 \u00e7al\u0131\u015f\u0131rd\u0131q, x\u00fcsusil\u0259 son ill\u0259r \u0259rzind\u0259 \u00e7al\u0131\u015f\u0131rd\u0131q ki, bu qanl\u0131 cinay\u0259ti t\u00f6r\u0259d\u0259nl\u0259r \u0259dal\u0259t qar\u015f\u0131s\u0131nda cavab versinl\u0259r. Ancaq g\u00f6r\u00fcrd\u00fck ki, bu \u0259dal\u0259ti ancaq biz \u00f6z\u00fcm\u00fcz b\u0259rpa etm\u0259liyik v\u0259 bunu etdik. \u0130kinci Qaraba\u011f m\u00fcharib\u0259si \u0259dal\u0259tin t\u0259nt\u0259n\u0259si idi. \u0130kinci Qaraba\u011f m\u00fcharib\u0259si n\u0259tic\u0259sind\u0259 o vaxt i\u015f\u011fal alt\u0131nda olan torpaqlar\u0131n b\u00f6y\u00fck hiss\u0259si azad edilmi\u015fdir, i\u015f\u011fal alt\u0131nda qalan \u0259razil\u0259r be\u015f ay bundan \u0259vv\u0259l azad edilmi\u015fdir.\u00bb<\/p>\n<p>T\u0259bii ki, qazan\u0131lan u\u011furlar, z\u0259f\u0259rl\u0259r b\u00f6y\u00fck s\u0259yl\u0259rin n\u0259tic\u0259sidir. Son 20 ilin u\u011furlar\u0131n\u0131 qeyd ed\u0259rk\u0259n 1993-2003-c\u00fc ill\u0259rd\u0259 \u00dcmummilli Lider Heyd\u0259r \u018fliyevin\u00a0 d\u00fc\u015f\u00fcn\u00fclm\u00fc\u015f v\u0259 m\u0259qs\u0259dy\u00f6nl\u00fc siyas\u0259ti n\u0259tic\u0259sind\u0259 yarad\u0131lan m\u00f6hk\u0259m t\u0259m\u0259li x\u00fcsusi qeyd etm\u0259liyik. D\u00f6vl\u0259t ba\u015f\u00e7\u0131s\u0131 \u0130lham \u018fliyev bu ilin ilk ay\u0131nda yerli televiziya kanallar\u0131na m\u00fcsahib\u0259sind\u0259 d\u0259 bu m\u0259qam\u0131 x\u00fcsusi qeyd etmi\u015fdir ki, \u00a0bug\u00fcnk\u00fc reall\u0131qlar\u0131\u00a0 2003-c\u00fc ill\u0259 yox, 1993-c\u00fc ill\u0259 m\u00fcqayis\u0259 etm\u0259liyik. \u00c7\u00fcnki m\u0259hz o tarixd\u0259n ba\u015flayaraq Az\u0259rbaycan inki\u015faf yoluna q\u0259d\u0259m qoydu, sabitlik t\u0259min edildi, v\u0259t\u0259nda\u015f m\u00fcharib\u0259sin\u0259 son qoyuldu v\u0259 \u00f6lk\u0259miz beyn\u0259lxalq t\u0259cridd\u0259n \u00e7\u0131xd\u0131: \u00ab1993-2003-c\u00fc ill\u0259rin hadis\u0259l\u0259rin\u0259 n\u0259z\u0259r salsaq g\u00f6r\u0259rik ki, m\u0259hz bu ill\u0259r \u0259rzind\u0259 bug\u00fcnk\u00fc d\u00f6vl\u0259t\u00e7ilik prinsipl\u0259ri b\u0259rq\u0259rar olundu v\u0259 Az\u0259rbaycanda v\u0259t\u0259nda\u015f c\u0259miyy\u0259ti yarad\u0131ld\u0131, eyni zamanda, xalq-iqtidar birliyi art\u0131q \u00f6n\u0259mli bir amil\u0259 \u00e7evrildi.\u00bb<\/p>\n<p>Az\u0259rbaycan\u0131n bug\u00fcn\u00fcn\u00fc m\u00fcst\u0259qilliyinin b\u0259rpas\u0131n\u0131n ilk ill\u0259ri il\u0259 m\u00fcqayis\u0259 etdikd\u0259 c\u0259nab \u0130lham \u018fliyev bel\u0259 bir \u00e7a\u011f\u0131r\u0131\u015f\u0131 da s\u0259sl\u0259ndirir ki, o d\u00f6vr\u00fc bilm\u0259y\u0259n, o vaxt ya\u015famayan g\u0259nc n\u0259sil bilm\u0259lidir ki, n\u0259yin bahas\u0131na biz m\u00fcst\u0259qilliyi qoruyub saxlaya bilmi\u015fik. Kim\u0259 biz borcluyuq. \u018fg\u0259r Heyd\u0259r \u018fliyev o vaxt hakimiyy\u0259t\u0259 g\u0259lm\u0259s\u0259ydi, bu g\u00fcn Az\u0259rbaycan b\u0259lk\u0259 d\u0259 ancaq kimins\u0259 \u0259linin alt\u0131nda bir oyuncaq d\u00f6vl\u0259t kimi, bir yar\u0131mm\u00fcst\u0259ml\u0259k\u0259 kimi ya\u015faya bil\u0259rdi.<\/p>\n<p>Az\u0259rbaycan\u0131n son 20\u00a0 ild\u0259n art\u0131q d\u00f6vrd\u0259 \u00a0ke\u00e7diyi inki\u015faf yolu h\u0259r k\u0259s\u0259 m\u0259lumdur. D\u00f6vl\u0259t ba\u015f\u00e7\u0131s\u0131 \u0130lham \u018fliyev Heyd\u0259r \u018fliyev siyas\u0259tini b\u00fct\u00fcn sah\u0259l\u0259rd\u0259 u\u011furla davam etdir\u0259r\u0259k m\u00f6hk\u0259m t\u0259m\u0259l \u00fcz\u0259rind\u0259 t\u0259kmil islahatlar\u0131 il\u0259 Az\u0259rbaycana m\u00f6ht\u0259\u015f\u0259m u\u011furlar qazand\u0131rd\u0131. Z\u0259f\u0259rimiz bu u\u011furlar\u0131n zirv\u0259sind\u0259 dayan\u0131r.\u00a0 Bu Q\u0259l\u0259b\u0259miz Az\u0259rbaycan\u0131n \u0259razi b\u00fct\u00f6vl\u00fcy\u00fcn\u00fc t\u0259min etm\u0259kl\u0259 yana\u015f\u0131, ill\u0259rdir erm\u0259nil\u0259rin, erm\u0259nip\u0259r\u0259st q\u00fcvv\u0259l\u0259rin apard\u0131qlar\u0131 t\u0259bli\u011fatlar\u0131n n\u0259 q\u0259d\u0259r yanl\u0131\u015f, saxta oldu\u011funu da bir daha\u00a0 d\u00fcnyaya \u00e7atd\u0131rd\u0131.<\/p>\n<p>Art\u0131q yeni d\u00f6vr\u00fcn yeni reall\u0131qlar\u0131na uy\u011fun olaraq prioritetl\u0259r m\u00fc\u0259yy\u0259nl\u0259\u015fdirildi. \u00a0D\u00f6vl\u0259timizin ba\u015f\u00e7\u0131s\u0131 \u0130lham \u018fliyevin S\u0259r\u0259ncam\u0131 il\u0259\u00a0 \u00abAz\u0259rbaycan 2030: sosial-iqtisadi inki\u015fafa dair Milli Prioritetl\u0259r\u00bbin t\u0259sdiql\u0259nm\u0259si d\u0259 art\u0131q yeni h\u0259d\u0259fl\u0259rin\u00a0 m\u00fc\u0259yy\u0259nl\u0259\u015fdirildiyini v\u0259\u00a0 \u0259vv\u0259lki ill\u0259rd\u0259 \u0259ld\u0259 olunan u\u011furlar \u0259sas\u0131nda\u00a0 g\u0259l\u0259c\u0259y\u0259 inamla add\u0131mlad\u0131\u011f\u0131m\u0131z\u0131 t\u0259sdiql\u0259yir. T\u0259hlill\u0259r \u0259sas\u0131nda Az\u0259rbaycan\u0131n daim h\u0259d\u0259f\u0259 do\u011fru inamla add\u0131mlad\u0131\u011f\u0131n\u0131 g\u00f6r\u00fcr v\u0259 bundan b\u00f6y\u00fck q\u00fcrur hissi ke\u00e7iririk. C\u0259nab \u0130lham \u018fliyev postm\u00fcnaqi\u015f\u0259 d\u00f6vr\u00fcnd\u0259 xarici m\u0259tbuata \u00e7oxsayl\u0131 m\u00fcsahib\u0259l\u0259rinin birind\u0259 \u00abOtuz il \u0259vv\u0259l torpaqlar\u0131n\u0131 t\u0259rk etm\u0259k m\u0259cburiyy\u0259tind\u0259 qalan insanlar g\u00f6zl\u0259yirl\u0259r ki, \u00f6z yurdlar\u0131na qay\u0131dacaqlar. Bununla ba\u011fl\u0131 tarix m\u00fc\u0259yy\u0259nl\u0259\u015fibmi? Bir \u201cyol x\u0259rit\u0259si\u201d, plan haz\u0131rlan\u0131bm\u0131\u00bb sual\u0131n\u0131 cavabland\u0131rark\u0259n bildirmi\u015fdir ki,\u00a0 m\u0259n d\u0259 \u00f6z\u00fcm-\u00f6z\u00fcm\u0259 b\u0259lk\u0259 h\u0259r g\u00fcn eyni sual\u0131 verir\u0259m. \u00c7\u00fcnki ist\u0259yir\u0259m ki, n\u0259 q\u0259d\u0259r m\u00fcmk\u00fcns\u0259 q\u0131sa m\u00fcdd\u0259t \u0259rzind\u0259 biz buna nail olaq. Amma bunun \u00fc\u00e7\u00fcn \u0259lb\u0259tt\u0259 ki, kompleks t\u0259dbirl\u0259r g\u00f6r\u00fclm\u0259lidir. \u00a0B\u00fct\u00fcn g\u00fccl\u0259r d\u0259 s\u0259f\u0259rb\u0259r edilib. \u00a0Amma zaman, \u0259lb\u0259tt\u0259 ki, \u00f6z haqq\u0131n\u0131 dikt\u0259 edir: \u00abM\u0259n hans\u0131sa bir tarix verm\u0259k ist\u0259m\u0259zdim. Halbuki m\u0259nim fikrimd\u0259 tarixl\u0259r var, amma vaxt\u0131ndan \u0259vv\u0259l insanlar\u0131 sevindirm\u0259k, b\u0259zil\u0259rini b\u0259lk\u0259 d\u0259 h\u0259y\u0259canland\u0131rmaq ist\u0259mir\u0259m. Amma inan\u0131n ki, maksimum q\u0131sa m\u00fcdd\u0259t \u0259rzind\u0259 m\u0259rh\u0259l\u0259li yollarla biz insanlar\u0131m\u0131z\u0131 o b\u00f6lg\u0259l\u0259r\u0259 qaytaraca\u011f\u0131q.\u00bb<\/p>\n<p>C\u0259nab \u0130lham \u018fliyev konkret tarix s\u00f6yl\u0259m\u0259s\u0259 d\u0259 bu g\u00fcn\u0259 q\u0259d\u0259r g\u00f6r\u00fcl\u0259n i\u015fl\u0259r g\u00f6z qaba\u011f\u0131ndad\u0131r. \u00a0B\u00fct\u00fcn b\u00f6y\u00fck infrastruktur layih\u0259l\u0259ri il\u0259 yana\u015f\u0131,\u00a0 \u0259sas nailiyy\u0259timiz odur ki, be\u015f ya\u015fay\u0131\u015f m\u0259nt\u0259q\u0259sin\u0259 ke\u00e7mi\u015f k\u00f6\u00e7k\u00fcnl\u0259r qay\u0131tm\u0131\u015flar. D\u00f6vl\u0259t ba\u015f\u00e7\u0131s\u0131 \u0130lham \u018fliyev ist\u0259r andi\u00e7m\u0259 m\u0259rasimind\u0259, ist\u0259rs\u0259 d\u0259 Xocal\u0131 rayonu ictimaiyy\u0259tinin n\u00fcmay\u0259nd\u0259l\u0259ri il\u0259 g\u00f6r\u00fc\u015f\u00fcnd\u0259 bu reall\u0131qlar\u0131 b\u00f6y\u00fck q\u00fcrur hissi il\u0259 qeyd etdi. Bildirdi ki, art\u0131q be\u015f ya\u015fay\u0131\u015f m\u0259nt\u0259q\u0259sin\u0259 ke\u00e7mi\u015f k\u00f6\u00e7k\u00fcnl\u0259r qay\u0131tm\u0131\u015flar. Bu il o ya\u015fay\u0131\u015f m\u0259nt\u0259q\u0259l\u0259rinin say\u0131 20-y\u0259 \u00e7atacaq. Bu il h\u0259m Xocal\u0131da, h\u0259m Xank\u0259ndid\u0259 art\u0131q h\u0259yat b\u0259rpa edil\u0259c\u0259k. O c\u00fcml\u0259d\u0259n bu yax\u0131n yerl\u0259rd\u0259 yerl\u0259\u015f\u0259n Mal\u0131b\u0259yli, K\u0259rkicahan, \u015eu\u015fan\u0131n Tur\u015fsu k\u0259ndl\u0259ri d\u0259 b\u0259rpa edil\u0259c\u0259k, A\u011fdam \u015f\u0259h\u0259ri b\u0259rpa edilir v\u0259 g\u0259l\u0259n il A\u011fdama da ilk k\u00f6\u00e7 ba\u015flanacaq. Y\u0259ni, quruculuq i\u015fl\u0259ri geni\u015f v\u00fcs\u0259t al\u0131b.<\/p>\n<p>B\u00f6y\u00fck Qay\u0131d\u0131\u015f Proqram\u0131n\u0131n birinci m\u0259rh\u0259l\u0259si 2026-c\u0131 ilin sonunda ba\u015fa \u00e7atacaq. H\u0259d\u0259f bu m\u0259rh\u0259l\u0259d\u0259 140 min ke\u00e7mi\u015f k\u00f6\u00e7k\u00fcn\u00fc \u00f6z d\u0259d\u0259-baba torpaqlar\u0131na qaytarmaqd\u0131r. C\u0259nab \u0130lham \u018fliyev bu \u0259minliyi ifad\u0259 edir ki,\u00a0 biz buna da nail olaca\u011f\u0131q.<\/p>\n<p>G\u00f6r\u00fcnd\u00fcy\u00fc kimi, \u00a0\u00f6t\u0259n ill\u0259rin m\u00f6hk\u0259m b\u00fcn\u00f6vr\u0259si \u00fcz\u0259rind\u0259 qar\u015f\u0131dak\u0131 ill\u0259rin h\u0259d\u0259fl\u0259ri ger\u00e7\u0259kl\u0259\u015fdirilir. Bu, Az\u0259rbaycan d\u00f6vl\u0259tinin, xalq\u0131n\u0131n daim ir\u0259li baxmas\u0131na \u0259saslan\u0131r. Prezident \u0130lham \u018fliyev \u00f6lk\u0259nin innovasiya texnologiyalar\u0131 \u0259sas\u0131nda \u00fcmumi modernl\u0259\u015fdirilm\u0259sin\u0259 y\u00f6n\u0259lmi\u015f d\u00f6vl\u0259t idar\u0259\u00e7ilik sistemini realla\u015fd\u0131rd\u0131.\u00a0 Bu m\u0259nada Az\u0259rbaycan\u0131n inki\u015faf modeli n\u00fcmun\u0259 g\u00f6st\u0259rilir.<\/p>\n<p>H\u0259r zaman bu reall\u0131q \u00f6n\u0259 \u00e7\u0259kilir ki, \u00f6lk\u0259mizd\u0259 iqtisadiyyat\u0131n d\u00fczg\u00fcn \u0259saslar \u00fcz\u0259rind\u0259 qurulmas\u0131 qar\u015f\u0131ya \u00e7\u0131xan h\u0259r bir \u00e7\u0259tinliyin aradan qald\u0131r\u0131lmas\u0131nda stimulverici amil rolunu oynay\u0131r. 2008-ci ild\u0259n ba\u015flanan v\u0259 n\u0259tic\u0259l\u0259ri\u00a0 h\u0259l\u0259 d\u0259 b\u0259zi \u00f6lk\u0259l\u0259rd\u0259 hiss olunan iqtisadi v\u0259 maliyy\u0259 b\u00f6hran\u0131n\u0131 Az\u0259rbaycan\u0131n \u00e7ox az hiss etm\u0259si d\u0259 deyil\u0259nl\u0259rin t\u0259sdiqidir. \u018fvv\u0259ld\u0259 d\u0259 qeyd etdiyimiz kimi, \u00a0D\u00f6vl\u0259t Neft Fondunun v\u0259saitl\u0259ri hesab\u0131na m\u00fch\u00fcm sosial-iqtisadi layih\u0259l\u0259r h\u0259yata ke\u00e7irilir ki, bu da \u00f6lk\u0259nin h\u0259rt\u0259r\u0259fli inki\u015faf\u0131na stimuldur.<\/p>\n<p>\u00d6lk\u0259mizin iqtisadi t\u0259r\u0259qqisi g\u00fccl\u00fc sosial siyas\u0259tl\u0259 tamamlan\u0131r.\u00a0 D\u00f6vl\u0259timizin siyas\u0259tinin \u0259sas\u0131nda Az\u0259rbaycan v\u0259t\u0259nda\u015f\u0131 dayan\u0131r. M\u00fcqayis\u0259li t\u0259hlil aparsaq g\u00f6r\u0259rik ki, 2003-c\u00fc ild\u0259\u00a0 minimum \u0259m\u0259khaqq\u0131\u00a0 9 manat idi. \u0130ndi 345 manatd\u0131r. Minimum pensiya 2003-c\u00fc ild\u0259 20 manat idi. Bu g\u00fcn 280 manata \u00e7at\u0131b. Orta pensiya 500 manatdan \u00e7oxdur. Orta \u0259m\u0259khaqq\u0131 940 manatd\u0131r.<\/p>\n<p>D\u00f6vl\u0259t ba\u015f\u00e7\u0131s\u0131 \u0130lham \u018fliyev andi\u00e7m\u0259 m\u0259rasimind\u0259 h\u0259d\u0259fl\u0259ri a\u00e7\u0131qlayark\u0259n bu m\u00fch\u00fcm m\u0259qam\u0131 da x\u00fcsusi qeyd etdi ki, b\u00fct\u00fcn bunlara nail olmaq \u00fc\u00e7\u00fcn iqtisadiyyat\u0131m\u0131z inki\u015faf etm\u0259lidir. Bu g\u00fcn iqtisadi sah\u0259d\u0259 apar\u0131lan islahatlar art\u0131q Az\u0259rbaycanda tamamil\u0259 yeni bir investisiya iqlimi yaratm\u0131\u015fd\u0131r. \u018fg\u0259r \u0259vv\u0259lki ill\u0259rd\u0259 investisiyalar daha \u00e7ox neft-qaz sah\u0259sin\u0259 qoyulurdusa, bu g\u00fcn qeyri-neft sektoruna qoyulan s\u0259rmay\u0259 milyardlarla dollar s\u0259viyy\u0259sind\u0259dir: \u00ab\u018fld\u0259 edilmi\u015f raz\u0131la\u015fmalar, imzalanm\u0131\u015f kontraktlar yax\u0131n bir ne\u00e7\u0259 ild\u0259 \u00f6z\u00fcn\u00fc el\u0259 g\u00f6st\u0259r\u0259c\u0259k, s\u0131\u00e7ray\u0131\u015f el\u0259 b\u00f6y\u00fck olacaq ki, bunu h\u0259r k\u0259s g\u00f6r\u0259c\u0259k.\u00bb<\/p>\n","protected":false},"excerpt":{"rendered":"<p>D\u00f6vl\u0259t ba\u015f\u00e7\u0131s\u0131 \u0130lham \u018fliyev bildirir ki, \u0259ld\u0259 edilmi\u015f raz\u0131la\u015fmalar, imzalanm\u0131\u015f kontraktlar yax\u0131n bir ne\u00e7\u0259 ild\u0259 \u00f6z\u00fcn\u00fc el\u0259 g\u00f6st\u0259r\u0259c\u0259k, s\u0131\u00e7ray\u0131\u015f el\u0259 b\u00f6y\u00fck olacaq ki, bunu h\u0259r k\u0259s g\u00f6r\u0259c\u0259k \u00abBiz \u00f6z m\u0259s\u0259l\u0259mizi h\u0259ll etmi\u015fik. Biz bu g\u00fcn A\u011fdamday\u0131q, F\u00fczulid\u0259yik, La\u00e7\u0131nday\u0131q, C\u0259bray\u0131lday\u0131q, Z\u0259ngilanday\u0131q, Qubadl\u0131day\u0131q, K\u0259lb\u0259c\u0259rd\u0259yik, \u015eu\u015faday\u0131q, Hadrutday\u0131q, Xocal\u0131day\u0131q, A\u011fd\u0259r\u0259d\u0259yik, \u018fsg\u0259randay\u0131q, Xank\u0259ndid\u0259yik! Bu yeni d\u00f6vr u\u011furla ba\u015flay\u0131r. \u018fmin\u0259m ki, u\u011furla da davam ed\u0259c\u0259k.\u00bb D\u00f6vl\u0259t ba\u015f\u00e7\u0131s\u0131 \u0130lham \u018fliyev andi\u00e7m\u0259 m\u0259rasimind\u0259 s\u00f6yl\u0259diyi bu fikirl\u0259rl\u0259 yeni d\u00f6vr\u00fcn h\u0259d\u0259fl\u0259rin\u0259 zaman\u0131nda v\u0259 y\u00fcks\u0259k s\u0259viyy\u0259d\u0259 nail olmaq \u00fc\u00e7\u00fcn geni\u015f imkanlar\u0131n oldu\u011funu t\u0259sdiql\u0259di. D\u00f6vl\u0259t ba\u015f\u00e7\u0131s\u0131n\u0131n \u00a0h\u0259r bir \u00e7\u0131x\u0131\u015f\u0131nda bu fikir \u00a0yer&hellip;<\/p>\n","protected":false},"author":2,"featured_media":695951,"comment_status":"closed","ping_status":"closed","sticky":false,"template":"","format":"standard","meta":{"om_disable_all_campaigns":false,"_monsterinsights_skip_tracking":false,"_monsterinsights_sitenote_active":false,"_monsterinsights_sitenote_note":"","_monsterinsights_sitenote_category":0},"categories":[8],"tags":[],"aioseo_notices":[],"gutentor_comment":0,"rttpg_featured_image_url":{"full":["https:\/\/arantv.az\/wp-content\/uploads\/2024\/02\/42547f5a170913299015196040410087114.jpg",975,540,false],"landscape":["https:\/\/arantv.az\/wp-content\/uploads\/2024\/02\/42547f5a170913299015196040410087114.jpg",975,540,false],"portraits":["https:\/\/arantv.az\/wp-content\/uploads\/2024\/02\/42547f5a170913299015196040410087114.jpg",975,540,false],"thumbnail":["https:\/\/arantv.az\/wp-content\/uploads\/2024\/02\/42547f5a170913299015196040410087114-500x280.jpg",500,280,true],"medium":["https:\/\/arantv.az\/wp-content\/uploads\/2024\/02\/42547f5a170913299015196040410087114-660x365.jpg",660,365,true],"large":["https:\/\/arantv.az\/wp-content\/uploads\/2024\/02\/42547f5a170913299015196040410087114-840x465.jpg",640,354,true],"1536x1536":["https:\/\/arantv.az\/wp-content\/uploads\/2024\/02\/42547f5a170913299015196040410087114.jpg",975,540,false],"2048x2048":["https:\/\/arantv.az\/wp-content\/uploads\/2024\/02\/42547f5a170913299015196040410087114.jpg",975,540,false],"post-thumbnail":["https:\/\/arantv.az\/wp-content\/uploads\/2024\/02\/42547f5a170913299015196040410087114-240x172.jpg",240,172,true],"advps-thumb-one":["https:\/\/arantv.az\/wp-content\/uploads\/2024\/02\/42547f5a170913299015196040410087114.jpg",975,540,false]},"rttpg_author":{"display_name":"V\u00fcsal Rafiqo\u011flu","author_link":"https:\/\/arantv.az\/?author=2"},"rttpg_comment":0,"rttpg_category":"<a href=\"https:\/\/arantv.az\/?cat=8\" rel=\"category\">\u018fsas s\u0259hif\u0259<\/a>","rttpg_excerpt":"D\u00f6vl\u0259t ba\u015f\u00e7\u0131s\u0131 \u0130lham \u018fliyev bildirir ki, \u0259ld\u0259 edilmi\u015f raz\u0131la\u015fmalar, imzalanm\u0131\u015f kontraktlar yax\u0131n bir ne\u00e7\u0259 ild\u0259 \u00f6z\u00fcn\u00fc el\u0259 g\u00f6st\u0259r\u0259c\u0259k, s\u0131\u00e7ray\u0131\u015f el\u0259 b\u00f6y\u00fck olacaq ki, bunu h\u0259r k\u0259s g\u00f6r\u0259c\u0259k \u00abBiz \u00f6z m\u0259s\u0259l\u0259mizi h\u0259ll etmi\u015fik. Biz bu g\u00fcn A\u011fdamday\u0131q, F\u00fczulid\u0259yik, La\u00e7\u0131nday\u0131q, C\u0259bray\u0131lday\u0131q, Z\u0259ngilanday\u0131q, Qubadl\u0131day\u0131q, K\u0259lb\u0259c\u0259rd\u0259yik, \u015eu\u015faday\u0131q, Hadrutday\u0131q, Xocal\u0131day\u0131q, A\u011fd\u0259r\u0259d\u0259yik, \u018fsg\u0259randay\u0131q, Xank\u0259ndid\u0259yik! Bu yeni d\u00f6vr u\u011furla ba\u015flay\u0131r. \u018fmin\u0259m ki,&hellip;","_links":{"self":[{"href":"https:\/\/arantv.az\/index.php?rest_route=\/wp\/v2\/posts\/695950"}],"collection":[{"href":"https:\/\/arantv.az\/index.php?rest_route=\/wp\/v2\/posts"}],"about":[{"href":"https:\/\/arantv.az\/index.php?rest_route=\/wp\/v2\/types\/post"}],"author":[{"embeddable":true,"href":"https:\/\/arantv.az\/index.php?rest_route=\/wp\/v2\/users\/2"}],"replies":[{"embeddable":true,"href":"https:\/\/arantv.az\/index.php?rest_route=%2Fwp%2Fv2%2Fcomments&post=695950"}],"version-history":[{"count":0,"href":"https:\/\/arantv.az\/index.php?rest_route=\/wp\/v2\/posts\/695950\/revisions"}],"wp:featuredmedia":[{"embeddable":true,"href":"https:\/\/arantv.az\/index.php?rest_route=\/wp\/v2\/media\/695951"}],"wp:attachment":[{"href":"https:\/\/arantv.az\/index.php?rest_route=%2Fwp%2Fv2%2Fmedia&parent=695950"}],"wp:term":[{"taxonomy":"category","embeddable":true,"href":"https:\/\/arantv.az\/index.php?rest_route=%2Fwp%2Fv2%2Fcategories&post=695950"},{"taxonomy":"post_tag","embeddable":true,"href":"https:\/\/arantv.az\/index.php?rest_route=%2Fwp%2Fv2%2Ftags&post=695950"}],"curies":[{"name":"wp","href":"https:\/\/api.w.org\/{rel}","templated":true}]}}