{"id":695953,"date":"2024-02-29T10:38:04","date_gmt":"2024-02-29T06:38:04","guid":{"rendered":"https:\/\/arantv.az\/?p=695953"},"modified":"2024-02-29T10:38:04","modified_gmt":"2024-02-29T06:38:04","slug":"t%c9%99xribat-xarakterli-yazilarin-arxasinda-kiml%c9%99r-dayanir","status":"publish","type":"post","link":"https:\/\/arantv.az\/?p=695953","title":{"rendered":"T\u0259xribat xarakterli yaz\u0131lar\u0131n arxas\u0131nda kiml\u0259r dayan\u0131r?"},"content":{"rendered":"<p><em><strong>Fransan\u0131n &#8220;La Gazette du Caucase&#8221; n\u0259\u015fri &#8220;L&#8217;Express&#8221; q\u0259zetinin anti-Az\u0259rbaycan material\u0131n\u0131n m\u0259qs\u0259dini fa\u015f edib<\/strong><\/em><\/p>\n<p>R\u0259smi Paris erm\u0259ni radikal mill\u0259t\u00e7il\u0259rin\u0259, onlar\u0131n Az\u0259rbaycan v\u0259 T\u00fcrkiy\u0259 \u0259leyhin\u0259 b\u0259yanatlar\u0131na d\u0259st\u0259k verm\u0259kl\u0259 d\u0259f\u0259l\u0259rl\u0259 erm\u0259nip\u0259r\u0259st m\u00f6vqeyini n\u00fcmayi\u015f etdirib. \u0130st\u0259r qlobal, ist\u0259rs\u0259 d\u0259 regional m\u00fcst\u0259vid\u0259 Erm\u0259nistan\u0131n havadarl\u0131\u011f\u0131 missiyas\u0131n\u0131 yerin\u0259 yetir\u0259n &#8220;\u0259dal\u0259t qoruyucular\u0131&#8221; h\u0259r v\u0259chl\u0259 s\u00fclh prosesinin l\u0259ngim\u0259sin\u0259 s\u0259y g\u00f6st\u0259rirl\u0259r. Makron administrasiyas\u0131n\u0131n Az\u0259rbaycana m\u0259lum m\u00fcnasib\u0259ti h\u0259m d\u0259 bel\u0259 q\u0259na\u0259t\u0259 g\u0259lm\u0259y\u0259 z\u0259min yarad\u0131r ki, m\u00f6vcud davran\u0131\u015f Fransan\u0131n C\u0259nubi Qafqazdak\u0131 planlar\u0131 il\u0259 ba\u011fl\u0131d\u0131r. Fransa daxilind\u0259 m\u00f6vcud olan erm\u0259ni diasporu \u0130kinci Qaraba\u011f m\u00fcharib\u0259sind\u0259n sonra yaranm\u0131\u015f yeni reall\u0131\u011f\u0131 q\u0259bul etmir. Dig\u0259r t\u0259r\u0259fd\u0259n, Makron administrasiyas\u0131n\u0131n \u0259sas mara\u011f\u0131 erm\u0259ni diasporunu \u0259ld\u0259n buraxmamaq v\u0259 m\u0259hz h\u0259min diaspordan istifad\u0259 etm\u0259kl\u0259 C\u0259nubi Qafqazda \u00e7irkin maraqlar\u0131n\u0131 t\u0259min etm\u0259kdir. M\u00fcxt\u0259lif zamanlarda Fransan\u0131n b\u0259zi apar\u0131c\u0131 m\u0259tbuat orqanlar\u0131nda \u00f6lk\u0259miz\u0259 qar\u015f\u0131 y\u00f6n\u0259lmi\u015f t\u0259xribat xarakterli yaz\u0131lar\u0131n bir-birini \u0259v\u0259z etm\u0259si d\u0259 deyil\u0259nl\u0259r\u0259 s\u00fcbutdur. Bu qurumlar Erm\u0259nistan\u0131n absurd yalanlar\u0131 \u00fc\u00e7\u00fcn tribunaya \u00e7evrilib. H\u0259r zaman h\u0259qiq\u0259td\u0259n uzaq materiallarla b\u00f6lg\u0259d\u0259ki v\u0259ziyy\u0259tin \u0259ksin\u0259 yaz\u0131lar d\u0259rc ed\u0259n b\u0259zi m\u0259tbuat orqanlar\u0131 Makronun yalan iddialar\u0131n\u0131n ruporu rolunda \u00e7\u0131x\u0131\u015f edir.<\/p>\n<p>Bu g\u00fcnl\u0259rd\u0259 Fransan\u0131n &#8220;L&#8217;Express&#8221; q\u0259zetind\u0259 anti-Az\u0259rbaycan xarakterli n\u00f6vb\u0259ti material d\u0259rc edilib. S\u00f6hb\u0259t n\u0259\u015frin 25 fevral burax\u0131l\u0131\u015f\u0131ndan gedir. H\u0259min tarixd\u0259 d\u0259rc edil\u0259n m\u0259qal\u0259d\u0259 Az\u0259rbaycan\u0131n guya Fransan\u0131 &#8220;destabiliz\u0259&#8221; etm\u0259y\u0259 \u00e7al\u0131\u015fd\u0131\u011f\u0131 iddia olunur. Bu saxta informasiya da Az\u0259rbaycan\u0131n guya Fransan\u0131n Olimpiya Oyunlar\u0131n\u0131 t\u0259\u015fkil etm\u0259y\u0259 qadir olmad\u0131\u011f\u0131n\u0131 iddia etdiyin\u0259, el\u0259c\u0259 d\u0259 Bak\u0131n\u0131n guya frans\u0131z siyas\u0259t\u00e7il\u0259ri sat\u0131n almaq c\u0259hdl\u0259rin\u0259 dair yalan x\u0259b\u0259rl\u0259r seriyas\u0131n\u0131n bir hiss\u0259sidir. Sevindirici hald\u0131r ki, Fransa kimi bir \u00f6lk\u0259d\u0259 Az\u0259rbaycan h\u0259qiq\u0259tl\u0259rini oldu\u011fu kimi, q\u0259r\u0259zsiz \u015f\u0259kild\u0259 i\u015f\u0131qland\u0131ran, \u00f6lk\u0259mizin haql\u0131 v\u0259 d\u00fcr\u00fcst m\u00f6vqeyini d\u00fcnyaya \u00e7atd\u0131ran m\u0259tbuat n\u00fcmay\u0259nd\u0259l\u0259ri d\u0259 var. Buna misal olaraq Parisd\u0259 yerl\u0259\u015f\u0259n &#8220;La Gazette du Caucase&#8221; onlayn q\u0259zetinin ba\u015f redaktoru, tan\u0131nm\u0131\u015f fransal\u0131 jurnalist Jan-Mi\u015fel Bryunu g\u00f6st\u0259rm\u0259k olar. O, Fransan\u0131n &#8220;L&#8217;Express&#8221; q\u0259zetinin d\u0259rc etdiyi anti-Az\u0259rbaycan material\u0131na cavab olaraq m\u0259qal\u0259 d\u0259rc edib. &#8220;Bu h\u0259ft\u0259 &#8220;L&#8217;Express&#8221; Az\u0259rbaycan v\u0259 Erm\u0259nistana bir ne\u00e7\u0259 m\u0259qal\u0259 h\u0259sr edib. 25 fevral tarixli m\u0259qal\u0259 x\u00fcsus\u0259n diqq\u0259t \u00e7\u0259kir. B\u00fct\u00fcn bunlar Az\u0259rbaycan\u0131n Qaraba\u011f\u0131 geri qaytarmas\u0131 il\u0259 bar\u0131\u015fa bilm\u0259y\u0259n erm\u0259ni lobbisinin i\u015fidir&#8221;, &#8211; m\u0259qal\u0259d\u0259 deyilir. M\u00fc\u0259llif &#8220;L&#8217;Express&#8221; q\u0259zetinin neokolonial v\u0259 islamofob Fransan\u0131n obraz\u0131n\u0131 inkar etm\u0259y\u0259 \u00e7al\u0131\u015fd\u0131\u011f\u0131n\u0131, lakin bunun says\u0131z-hesabs\u0131z d\u0259lill\u0259rinin oldu\u011funu da qeyd edir. &#8220;Frankofoniya d\u00f6vr\u00fcnd\u0259n yax\u0131n zamanda Fransa regiondan qovulana q\u0259d\u0259r Afrika h\u0259yas\u0131zcas\u0131na talan olunmad\u0131m\u0131? BMT-nin 1946-c\u0131 ild\u0259 dekolonizasiya olunmal\u0131 \u00f6lk\u0259l\u0259r siyah\u0131s\u0131na daxil edil\u0259n Fransa Polineziyas\u0131 2013-c\u00fc il may\u0131n 17-d\u0259 b\u0259rpa edilm\u0259dimi? Bundan ba\u015fqa, d\u00fcnyada Qaraba\u011fdak\u0131 erm\u0259ni separat\u00e7\u0131lar\u0131n\u0131 d\u0259st\u0259kl\u0259y\u0259n \u00e7ox az \u00f6lk\u0259d\u0259n biri olan Fransa bu g\u00fcn Az\u0259rbaycan\u0131n Yeni Kaledoniyada m\u00fcst\u0259qillik u\u011frunda m\u00fcbariz\u0259 aparanlar\u0131 d\u0259st\u0259klm\u0259sind\u0259n hidd\u0259tl\u0259nir. Fransa islamofobiyas\u0131na g\u0259linc\u0259, m\u00fcs\u0259lman m\u0259kt\u0259bl\u0259ri \u0259n uydurma b\u0259han\u0259l\u0259rl\u0259 ba\u011fland\u0131. \u015eimali Afrika m\u0259n\u015f\u0259li adlara malik \u015f\u0259xsl\u0259rin i\u015f\u0259 q\u0259bul v\u0259 ya ya\u015fay\u0131\u015f yerinin t\u0259min olunmas\u0131 zaman\u0131 ayr\u0131-se\u00e7kiliy\u0259 m\u0259ruz qalmas\u0131n\u0131, m\u00fcs\u0259lman assosiasiyalar\u0131n\u0131n bank hesablar\u0131n\u0131n ba\u011flanmas\u0131n\u0131, yaln\u0131z m\u00fcs\u0259lmanlara m\u00fcnasib\u0259td\u0259 &#8220;xarici dini simvollar&#8221;a qada\u011fan\u0131n t\u0259tbiq olunmas\u0131n\u0131 bunlara misal g\u00f6st\u0259rm\u0259k m\u00fcmk\u00fcnd\u00fcr&#8221;, &#8211; m\u00fc\u0259llif yaz\u0131r.<\/p>\n<p>Jan-Mi\u015fel Bryun vur\u011fulay\u0131b ki, &#8220;L&#8217;Express&#8221; son burax\u0131l\u0131\u015f\u0131nda erm\u0259nil\u0259rin guya Qaraba\u011fdan &#8220;qovuldu\u011fu&#8221; haqq\u0131nda m\u0259qal\u0259 d\u0259rc edib. Lakin m\u0259qal\u0259d\u0259 1992-ci ild\u0259 evl\u0259rind\u0259n qovulan y\u00fcz minl\u0259rl\u0259 az\u0259rbaycanl\u0131dan, yaxud \u0259srl\u0259rl\u0259 Erm\u0259nistanda ya\u015fayan v\u0259 1988-ci ild\u0259 Qafqazda indiy\u0259d\u0259k h\u0259yata ke\u00e7iril\u0259n \u0259n b\u00f6y\u00fck etnik t\u0259mizl\u0259m\u0259 zaman\u0131 deportasiya edil\u0259n 250 min az\u0259rbaycanl\u0131dan b\u0259hs olunmur: &#8220;\u018fslind\u0259, erm\u0259nil\u0259r Xank\u0259ndini separat\u00e7\u0131lar\u0131n t\u0259zyiqi alt\u0131nda t\u0259rk etm\u0259k m\u0259cburiyy\u0259tind\u0259 qal\u0131blar, h\u0259r\u00e7\u0259nd Az\u0259rbaycan hakimiyy\u0259ti onlara qalma\u011f\u0131 t\u0259klif edib. Qaraba\u011fda bir d\u0259f\u0259 bel\u0259 olmayan x\u00fcsusi m\u00fcxbirin \u0130r\u0259vandan m\u0259qal\u0259 yazd\u0131\u011f\u0131n\u0131 n\u0259z\u0259r\u0259 alsaq, bu, he\u00e7 d\u0259 t\u0259\u0259cc\u00fcbl\u00fc deyil. Bak\u0131n\u0131n bizim g\u00f6z\u0259l Fransam\u0131z\u0131 &#8220;n\u00fcfuzdan salmaqda&#8221; &#8220;q\u0259tiyy\u0259tli oldu\u011funa&#8221; d\u0259lil olaraq is\u0259 jurnalist Fransan\u0131n Az\u0259rbaycandak\u0131 s\u0259firliyind\u0259n iki &#8220;diplomat&#8221;\u0131n g\u00f6nd\u0259rilm\u0259sini \u0259sas g\u0259tirir. O, bu iki k\u0259\u015ffiyyat agentinin uzun ill\u0259r Bak\u0131da \u00e7al\u0131\u015fan frans\u0131z i\u015f adam\u0131n\u0131 onlara i\u015fl\u0259m\u0259y\u0259 m\u0259cbur etm\u0259k \u00fc\u00e7\u00fcn t\u0259hdidl\u0259rd\u0259n istifad\u0259 etdikl\u0259rini sad\u0259c\u0259 &#8220;unudur&#8221;, &#8211; dey\u0259 m\u00fc\u0259llif yaz\u0131r.<\/p>\n<p>Az\u0259rbaycan\u0131n guya Fransan\u0131 n\u00fcfuzdan salma\u011fa v\u0259 Parisd\u0259 Olimpiya Oyunlar\u0131n\u0131n ke\u00e7irilm\u0259sini boykot etm\u0259y\u0259 \u00e7al\u0131\u015fd\u0131\u011f\u0131na dair &#8220;\u0259sas&#8221;lar\u0131 \u015f\u0259rh ed\u0259n Jan-Mi\u015fel Bryun qeyd edir ki, Bak\u0131n\u0131n bununla he\u00e7 bir \u0259laq\u0259si yoxdur, \u0259ksin\u0259, \u0130l-de-Frans regionunun prefekti v\u0259 prezidenti, polis v\u0259 Hesablama Palatas\u0131 art\u0131q h\u0259r g\u00fcn oyunlar\u0131n t\u0259\u015fkilin\u0259 diletant yana\u015fman\u0131n oldu\u011fundan v\u0259 b\u00fct\u00fcn sah\u0259l\u0259rd\u0259, x\u00fcsus\u0259n t\u0259hl\u00fck\u0259sizlik v\u0259 n\u0259qliyyat sah\u0259l\u0259rind\u0259 l\u0259ngim\u0259d\u0259n x\u0259b\u0259r verirl\u0259r. Frans\u0131z karikatura\u00e7\u0131lar\u0131 is\u0259 a\u00e7\u0131q qap\u0131lar g\u00fcn\u00fc ke\u00e7ir\u0259r\u0259k, turistl\u0259rin g\u0259li\u015fini s\u0259birsizlikl\u0259 g\u00f6zl\u0259y\u0259n Paris si\u00e7ovullar\u0131n\u0131n r\u0259smini \u00e7\u0259kirl\u0259r.<\/p>\n","protected":false},"excerpt":{"rendered":"<p>Fransan\u0131n &#8220;La Gazette du Caucase&#8221; n\u0259\u015fri &#8220;L&#8217;Express&#8221; q\u0259zetinin anti-Az\u0259rbaycan material\u0131n\u0131n m\u0259qs\u0259dini fa\u015f edib R\u0259smi Paris erm\u0259ni radikal mill\u0259t\u00e7il\u0259rin\u0259, onlar\u0131n Az\u0259rbaycan v\u0259 T\u00fcrkiy\u0259 \u0259leyhin\u0259 b\u0259yanatlar\u0131na d\u0259st\u0259k verm\u0259kl\u0259 d\u0259f\u0259l\u0259rl\u0259 erm\u0259nip\u0259r\u0259st m\u00f6vqeyini n\u00fcmayi\u015f etdirib. \u0130st\u0259r qlobal, ist\u0259rs\u0259 d\u0259 regional m\u00fcst\u0259vid\u0259 Erm\u0259nistan\u0131n havadarl\u0131\u011f\u0131 missiyas\u0131n\u0131 yerin\u0259 yetir\u0259n &#8220;\u0259dal\u0259t qoruyucular\u0131&#8221; h\u0259r v\u0259chl\u0259 s\u00fclh prosesinin l\u0259ngim\u0259sin\u0259 s\u0259y g\u00f6st\u0259rirl\u0259r. Makron administrasiyas\u0131n\u0131n Az\u0259rbaycana m\u0259lum m\u00fcnasib\u0259ti h\u0259m d\u0259 bel\u0259 q\u0259na\u0259t\u0259 g\u0259lm\u0259y\u0259 z\u0259min yarad\u0131r ki, m\u00f6vcud davran\u0131\u015f Fransan\u0131n C\u0259nubi Qafqazdak\u0131 planlar\u0131 il\u0259 ba\u011fl\u0131d\u0131r. Fransa daxilind\u0259 m\u00f6vcud olan erm\u0259ni diasporu \u0130kinci Qaraba\u011f m\u00fcharib\u0259sind\u0259n sonra yaranm\u0131\u015f yeni reall\u0131\u011f\u0131 q\u0259bul etmir. Dig\u0259r t\u0259r\u0259fd\u0259n, Makron&hellip;<\/p>\n","protected":false},"author":2,"featured_media":695954,"comment_status":"closed","ping_status":"closed","sticky":false,"template":"","format":"standard","meta":{"om_disable_all_campaigns":false,"_monsterinsights_skip_tracking":false,"_monsterinsights_sitenote_active":false,"_monsterinsights_sitenote_note":"","_monsterinsights_sitenote_category":0},"categories":[19],"tags":[],"aioseo_notices":[],"gutentor_comment":0,"rttpg_featured_image_url":{"full":["https:\/\/arantv.az\/wp-content\/uploads\/2024\/02\/135593dd170913283075646319211078702.png",975,540,false],"landscape":["https:\/\/arantv.az\/wp-content\/uploads\/2024\/02\/135593dd170913283075646319211078702.png",975,540,false],"portraits":["https:\/\/arantv.az\/wp-content\/uploads\/2024\/02\/135593dd170913283075646319211078702.png",975,540,false],"thumbnail":["https:\/\/arantv.az\/wp-content\/uploads\/2024\/02\/135593dd170913283075646319211078702-500x280.png",500,280,true],"medium":["https:\/\/arantv.az\/wp-content\/uploads\/2024\/02\/135593dd170913283075646319211078702-660x365.png",660,365,true],"large":["https:\/\/arantv.az\/wp-content\/uploads\/2024\/02\/135593dd170913283075646319211078702-840x465.png",640,354,true],"1536x1536":["https:\/\/arantv.az\/wp-content\/uploads\/2024\/02\/135593dd170913283075646319211078702.png",975,540,false],"2048x2048":["https:\/\/arantv.az\/wp-content\/uploads\/2024\/02\/135593dd170913283075646319211078702.png",975,540,false],"post-thumbnail":["https:\/\/arantv.az\/wp-content\/uploads\/2024\/02\/135593dd170913283075646319211078702-240x172.png",240,172,true],"advps-thumb-one":["https:\/\/arantv.az\/wp-content\/uploads\/2024\/02\/135593dd170913283075646319211078702.png",975,540,false]},"rttpg_author":{"display_name":"V\u00fcsal Rafiqo\u011flu","author_link":"https:\/\/arantv.az\/?author=2"},"rttpg_comment":0,"rttpg_category":"<a href=\"https:\/\/arantv.az\/?cat=19\" rel=\"category\">G\u00fcnd\u0259m<\/a>","rttpg_excerpt":"Fransan\u0131n &#8220;La Gazette du Caucase&#8221; n\u0259\u015fri &#8220;L&#8217;Express&#8221; q\u0259zetinin anti-Az\u0259rbaycan material\u0131n\u0131n m\u0259qs\u0259dini fa\u015f edib R\u0259smi Paris erm\u0259ni radikal mill\u0259t\u00e7il\u0259rin\u0259, onlar\u0131n Az\u0259rbaycan v\u0259 T\u00fcrkiy\u0259 \u0259leyhin\u0259 b\u0259yanatlar\u0131na d\u0259st\u0259k verm\u0259kl\u0259 d\u0259f\u0259l\u0259rl\u0259 erm\u0259nip\u0259r\u0259st m\u00f6vqeyini n\u00fcmayi\u015f etdirib. \u0130st\u0259r qlobal, ist\u0259rs\u0259 d\u0259 regional m\u00fcst\u0259vid\u0259 Erm\u0259nistan\u0131n havadarl\u0131\u011f\u0131 missiyas\u0131n\u0131 yerin\u0259 yetir\u0259n &#8220;\u0259dal\u0259t qoruyucular\u0131&#8221; h\u0259r v\u0259chl\u0259 s\u00fclh prosesinin l\u0259ngim\u0259sin\u0259 s\u0259y g\u00f6st\u0259rirl\u0259r. Makron administrasiyas\u0131n\u0131n Az\u0259rbaycana m\u0259lum&hellip;","_links":{"self":[{"href":"https:\/\/arantv.az\/index.php?rest_route=\/wp\/v2\/posts\/695953"}],"collection":[{"href":"https:\/\/arantv.az\/index.php?rest_route=\/wp\/v2\/posts"}],"about":[{"href":"https:\/\/arantv.az\/index.php?rest_route=\/wp\/v2\/types\/post"}],"author":[{"embeddable":true,"href":"https:\/\/arantv.az\/index.php?rest_route=\/wp\/v2\/users\/2"}],"replies":[{"embeddable":true,"href":"https:\/\/arantv.az\/index.php?rest_route=%2Fwp%2Fv2%2Fcomments&post=695953"}],"version-history":[{"count":0,"href":"https:\/\/arantv.az\/index.php?rest_route=\/wp\/v2\/posts\/695953\/revisions"}],"wp:featuredmedia":[{"embeddable":true,"href":"https:\/\/arantv.az\/index.php?rest_route=\/wp\/v2\/media\/695954"}],"wp:attachment":[{"href":"https:\/\/arantv.az\/index.php?rest_route=%2Fwp%2Fv2%2Fmedia&parent=695953"}],"wp:term":[{"taxonomy":"category","embeddable":true,"href":"https:\/\/arantv.az\/index.php?rest_route=%2Fwp%2Fv2%2Fcategories&post=695953"},{"taxonomy":"post_tag","embeddable":true,"href":"https:\/\/arantv.az\/index.php?rest_route=%2Fwp%2Fv2%2Ftags&post=695953"}],"curies":[{"name":"wp","href":"https:\/\/api.w.org\/{rel}","templated":true}]}}