{"id":695956,"date":"2024-02-29T10:38:51","date_gmt":"2024-02-29T06:38:51","guid":{"rendered":"https:\/\/arantv.az\/?p=695956"},"modified":"2024-02-29T10:38:51","modified_gmt":"2024-02-29T06:38:51","slug":"hec-n%c9%99-cavabsiz-qalmayacaq","status":"publish","type":"post","link":"https:\/\/arantv.az\/?p=695956","title":{"rendered":"He\u00e7 n\u0259 cavabs\u0131z qalmayacaq!"},"content":{"rendered":"<p><em><strong>Az\u0259rbaycan Q\u0259rbin v\u0259 Erm\u0259nistan\u0131n b\u00fct\u00fcn m\u0259krli oyunlar\u0131n\u0131 pozma\u011fa qadirdir<\/strong><\/em><\/p>\n<p>Almaniya paytaxt\u0131nda Az\u0259rbaycan v\u0259 Erm\u0259nistan xarici i\u015fl\u0259r nazirl\u0259ri Ceyhun Bayramov v\u0259 Ararat Mirzoyan\u0131n ba\u015f\u00e7\u0131l\u0131q etdikl\u0259ri n\u00fcmay\u0259nd\u0259 hey\u0259tl\u0259ri aras\u0131nda g\u00f6r\u00fc\u015f\u00fcn ke\u00e7irildiyi bir vaxtda d\u00fc\u015fm\u0259n \u00f6lk\u0259d\u0259 m\u00fcharib\u0259 isterikas\u0131 yenid\u0259n g\u00fccl\u0259nm\u0259kd\u0259dir. Bir t\u0259r\u0259fd\u0259n s\u00fclh g\u00fcnd\u0259min\u0259 sadiqlikd\u0259n d\u0259m vuran r\u0259smi \u0130r\u0259van dig\u0259r t\u0259r\u0259fd\u0259n v\u0259ziyy\u0259tin g\u0259rginl\u0259\u015fdirilm\u0259si \u00fc\u00e7\u00fcn baza formala\u015fd\u0131rmaqla m\u0259\u015f\u011fuldur. M\u00fcst\u0259qil siyas\u0259t y\u00fcr\u00fctm\u0259k, sa\u011flam q\u0259rarlar verm\u0259k imkanlar\u0131 getdikc\u0259 m\u0259hdudla\u015fd\u0131r\u0131lan Erm\u0259nistan\u0131n ba\u015f naziri Nikol Pa\u015finyan \u00f6lk\u0259sini Q\u0259rbin, x\u00fcsusil\u0259 erm\u0259nip\u0259r\u0259st Fransan\u0131n C\u0259nubi Qafqazda planla\u015fd\u0131rd\u0131qlar\u0131 yeni oyunun oyunca\u011f\u0131na daha \u00e7ox \u00e7evirdikc\u0259 regionda dayan\u0131ql\u0131 s\u00fclh\u0259 nail olunmas\u0131 da bir o q\u0259d\u0259r uzaq g\u00f6r\u00fcn\u00fcr. Halbuki Az\u0259rbaycan\u0131n c\u0259hdl\u0259ri iki \u00f6lk\u0259 aras\u0131nda s\u00fclh m\u00fcqavil\u0259sinin imzalanmas\u0131 \u00fc\u00e7\u00fcn tarixi imkan yaratm\u0131\u015fd\u0131. \u0130ndi is\u0259 bir m\u00fcdd\u0259t \u0259vv\u0259l Q\u0259rb medias\u0131nda oldu\u011fu kimi, Erm\u0259nistan m\u0259tbuat\u0131nda da anti-Az\u0259rbaycan t\u0259bli\u011fat\u0131, Az\u0259rbaycan\u0131n guya yeni m\u00fcharib\u0259y\u0259 haz\u0131rla\u015fmas\u0131 il\u0259 ba\u011fl\u0131 k\u00fctl\u0259vi \u015f\u0259kild\u0259 yalan m\u0259lumatlar yay\u0131lmaqdad\u0131r. Bu tip informasiyalar indi Erm\u0259nistan\u0131n r\u0259smi \u015f\u0259xsl\u0259rinin, deputatlar\u0131n\u0131n da a\u00e7\u0131qlamalar\u0131nda a\u00e7\u0131q m\u0259tnl\u0259 yer al\u0131r. B\u0259s, \u0259slind\u0259 Erm\u0259nistanda n\u0259l\u0259r ba\u015f verir? Prosesl\u0259rin bu istiqam\u0259td\u0259 inki\u015faf\u0131 s\u00fclh dan\u0131\u015f\u0131qlar\u0131 v\u0259 \u00fcmumilkd\u0259 region \u00fc\u00e7\u00fcn hans\u0131 t\u0259hdidl\u0259r yarad\u0131r?<\/p>\n<p>Erm\u0259nistanda Az\u0259rbaycan \u0259leyhin\u0259 t\u0259bli\u011fat\u0131n v\u0259 yeni m\u00fcharib\u0259 t\u0259hl\u00fck\u0259si bar\u0259d\u0259 m\u0259qs\u0259dli \u015f\u0259kild\u0259 yay\u0131lan m\u0259lumatlar\u0131n tezis \u015f\u0259klind\u0259 Q\u0259rbd\u0259 haz\u0131rland\u0131\u011f\u0131 \u015f\u00fcbh\u0259 do\u011furmur. Bunun reall\u0131q oldu\u011funu t\u0259sdiql\u0259y\u0259n ciddi faktorlar da m\u00f6vcuddur. Bel\u0259 ki, son g\u00fcnl\u0259r Erm\u0259nistan v\u0259 Fransa r\u0259smil\u0259rinin qar\u015f\u0131l\u0131ql\u0131 s\u0259f\u0259rl\u0259ri, ikit\u0259r\u0259fli \u0259laq\u0259l\u0259rin inki\u015faf\u0131 t\u0259kc\u0259 diplomatik m\u00fcnasib\u0259tl\u0259rin inki\u015faf etdirilm\u0259sin\u0259 hesablanmay\u0131b. Q\u0259rbin timsal\u0131nda Fransa a\u00e7\u0131q \u015f\u0259kild\u0259 Erm\u0259nistan\u0131 silahland\u0131rmaqla, i\u015f\u011fal\u00e7\u0131 \u00f6lk\u0259nin d\u00f6y\u00fc\u015f v\u0259 m\u00fcdafi\u0259 qabiliyy\u0259tini art\u0131rmaqla m\u0259\u015f\u011fuldur. B\u0259llidir ki, m\u0259qs\u0259d Erm\u0259nistan\u0131 hans\u0131sa m\u00f6vcud olmayan t\u0259hl\u00fck\u0259d\u0259n qorumaq deyil. \u00c7\u00fcnki \u00f6z \u0259razi b\u00fct\u00f6vl\u00fcy\u00fcn\u00fc v\u0259 suverenliyini tam t\u0259min etmi\u015f Az\u0259rbaycan \u00fc\u00e7\u00fcn prioritet regionda dayan\u0131ql\u0131 s\u00fclh\u00fcn \u0259ld\u0259 edilm\u0259sidir. \u018fg\u0259r Az\u0259rbaycan\u0131n Erm\u0259nistana qar\u015f\u0131 h\u0259r hans\u0131 \u0259razi iddialar\u0131 olsayd\u0131 v\u0259 bunu h\u0259rbi yolla h\u0259ll etm\u0259y\u0259 \u00e7al\u0131\u015fsayd\u0131, o zaman V\u0259t\u0259n m\u00fcharib\u0259si zaman\u0131 d\u00f6y\u00fc\u015f \u0259m\u0259liyyatlar\u0131n\u0131 dayand\u0131rmaz, yaxud erm\u0259nil\u0259r t\u0259r\u0259find\u0259n \u015f\u0259rti s\u0259rh\u0259dd\u0259 t\u00f6r\u0259dilmi\u015f t\u0259xribatlara h\u0259tta paytaxt \u0130r\u0259van\u0131 bel\u0259 \u0259l\u0259 ke\u00e7irm\u0259kl\u0259 cavab ver\u0259 bil\u0259rdi. \u00c7\u00fcnki Az\u0259rbaycan\u0131n buna qadir m\u00fcz\u0259ff\u0259r ordusu var, \u0259ksin\u0259 Erm\u0259nistan silahl\u0131 q\u00fcvv\u0259l\u0259ri s\u00f6z\u00fcged\u0259n m\u00fcharib\u0259d\u0259n sonra d\u00f6y\u00fc\u015f qabiliyy\u0259tini dem\u0259k olar ki, tamamil\u0259 itimi\u015fdi. Sad\u0259 m\u0259ntiql\u0259, bel\u0259 bir plan\u0131 olsayd\u0131 Az\u0259rbaycan\u0131n d\u00fc\u015fm\u0259nin g\u00fccl\u0259nm\u0259sin\u0259 imkan verm\u0259d\u0259n \u00e7ox asanl\u0131qla \u00f6z m\u0259qs\u0259din\u0259 \u00e7atmas\u0131 \u00e7\u0259tin deyildi. Ancaq Prezident \u0130lham \u018fliyevin d\u0259f\u0259l\u0259rl\u0259 b\u0259yan etdiyi kimi, Az\u0259rbaycan\u0131n he\u00e7 bir d\u00f6vl\u0259t\u0259 qar\u015f\u0131 \u0259razi iddias\u0131 yoxdur. \u00dcst\u0259lik, Az\u0259rbaycana m\u0259xsus anklavlar h\u0259l\u0259 d\u0259 erm\u0259ni i\u015f\u011fal\u0131 alt\u0131ndad\u0131r, s\u00fclh dan\u0131\u015f\u0131qlar\u0131nda h\u0259min k\u0259ndl\u0259rin qaytar\u0131lmas\u0131 m\u00fczakir\u0259 olunan m\u00f6vzular aras\u0131ndad\u0131r.<\/p>\n<p>Dem\u0259li, v\u0259ziyy\u0259ti g\u0259rginl\u0259\u015fdirm\u0259k m\u0259qs\u0259dil\u0259 ortaya at\u0131lm\u0131\u015f Az\u0259rbaycan\u0131n guya Erm\u0259nistana h\u00fccum etm\u0259y\u0259 haz\u0131rla\u015fmas\u0131 il\u0259 ba\u011fl\u0131 dezinformasiya Q\u0259rbin, x\u00fcsusil\u0259 Fransan\u0131n yeni m\u0259krli plan\u0131n\u0131n bir hiss\u0259sidir. Y\u0259ni, Fransan\u0131n \u0259sas m\u0259qs\u0259di Rusiyaya qar\u015f\u0131 yeni m\u00fcnaqi\u015f\u0259 oca\u011f\u0131 yaratma\u011fa nail olmaqd\u0131r. \u00d6z yar\u0131tmaz siyas\u0259ti il\u0259 \u00f6lk\u0259sinin siyasi n\u00fcfuzunu ciddi \u015f\u0259kild\u0259 z\u0259d\u0259l\u0259mi\u015f Prezident Emmanuel Makron indi Erm\u0259nistan \u00fcz\u0259rind\u0259n qurdu\u011fu oyunlarla m\u00f6vqeyini m\u00f6hk\u0259ml\u0259ndirm\u0259y\u0259 \u00e7al\u0131\u015f\u0131r. C\u0259nubi Qafqazdan Rusiyan\u0131 s\u0131x\u0131\u015fd\u0131r\u0131b \u00e7\u0131xarma\u011fa hesablanm\u0131\u015f bu planda Erm\u0259nistan art\u0131q al\u0259t\u0259 \u00e7evrilib, Az\u0259rbaycan is\u0259 y\u00fcr\u00fctd\u00fcy\u00fc m\u00fcst\u0259qil siyas\u0259tl\u0259 plan\u0131 pozmaqda davam edir.<\/p>\n<p>Yeri g\u0259lmi\u015fk\u0259n, Makronun Rusiya-Ukrayna m\u00fcharib\u0259sind\u0259n \u00f6z maraqlar\u0131n\u0131 t\u0259min etm\u0259y\u0259 y\u00f6n\u0259lmi\u015f b\u00fct\u00fcn add\u0131mlar\u0131 bir-birinin ard\u0131nca fiaskoya u\u011fray\u0131b. Bu is\u0259 erm\u0259nip\u0259r\u0259st d\u00f6vl\u0259t ba\u015f\u00e7\u0131s\u0131n\u0131n hakimiyy\u0259ti \u00fc\u00e7\u00fcn ciddi t\u0259hdidl\u0259r yaratmaqdad\u0131r. Onun bir ne\u00e7\u0259 g\u00fcn \u0259vv\u0259l NATO qo\u015funlar\u0131n\u0131 Ukraynaya g\u00f6nd\u0259rm\u0259k ideyas\u0131 h\u0259m Q\u0259rb liderl\u0259ri, h\u0259m d\u0259 AB\u015e t\u0259r\u0259find\u0259n birm\u0259nal\u0131 qar\u015f\u0131lanmay\u0131b, h\u0259tta d\u00fcnya medias\u0131nda k\u0259skin t\u0259nqid olunmaqdad\u0131r. \u201cCNN\u201d, \u00a0\u201cBloomberg\u201d,\u00a0 \u201cNew York Times\u201d, \u201cBerliner Zeitung\u201d, \u00a0\u201cUSA Today\u201d, \u00a0\u201cLa Repubblica\u201d, \u201cPolitico\u201d kimi apar\u0131c\u0131 k\u00fctl\u0259vi informasiya vasit\u0259l\u0259ri Fransan\u0131n d\u00f6vl\u0259t ba\u015f\u00e7\u0131s\u0131n\u0131 m\u0259suliyy\u0259tsiz b\u0259yanat verm\u0259kd\u0259 ittiham edirl\u0259r. Makron \u0259leyhin\u0259 \u00e7oxsayl\u0131 m\u0259qal\u0259l\u0259rd\u0259n ikisi x\u00fcsusil\u0259 diqq\u0259t\u00e7\u0259k\u0259ndir. Bel\u0259 ki, \u201cWall Street Journal\u201d yaz\u0131r ki, Makronun a\u00e7\u0131qlamalar\u0131 Q\u0259rb m\u00fctt\u0259fiql\u0259rinin n\u00fcmayi\u015f etdirdiyi t\u0259mkind\u0259n m\u0259hrumdur. O, liderlik bo\u015flu\u011funu doldurma\u011fa \u00e7al\u0131\u015fd\u0131, lakin Rusiyaya g\u00fcc g\u00f6st\u0259rm\u0259k c\u0259hdi onun \u0259leyhin\u0259 \u00e7evrildi. Fransan\u0131n m\u0259\u015fhur \u201cLe Figaro\u201d n\u0259\u015fri is\u0259 Fransa Prezidentinin s\u00f6zl\u0259rinin b\u00fct\u00fcn Avropada k\u0259skin reaksiyalara s\u0259b\u0259b oldu\u011funu v\u0259 Makronun t\u0259crid olundu\u011funu yaz\u0131b.<\/p>\n<p>B\u00fct\u00fcn qeyd edil\u0259nl\u0259r Fransa Prezidentinin C\u0259nubi Qafqazda prosesl\u0259r\u0259 f\u0259al qo\u015fulmaq c\u0259hdl\u0259rinin s\u0259b\u0259bl\u0259ri haqq\u0131nda daha ayd\u0131n t\u0259\u0259ss\u00fcrat yarad\u0131r. Makron Erm\u0259nistan\u0131 planla\u015fd\u0131rd\u0131\u011f\u0131 m\u00fcharib\u0259y\u0259 haz\u0131rlamaq \u00fc\u00e7\u00fcn\u00a0h\u0259tta Pa\u015finyanla hakimiyy\u0259t\u0259 g\u0259ldiyi vaxtdan soyuq m\u00fcnasib\u0259tl\u0259r saxlad\u0131\u011f\u0131 xaricd\u0259ki erm\u0259ni diasporunun aras\u0131n\u0131 da d\u00fcz\u0259ltm\u0259y\u0259 \u00e7al\u0131\u015f\u0131r. Bel\u0259 ki, o, Pa\u015finyan\u0131 Paris\u0259 son s\u0259f\u0259ri zaman\u0131 Fransa Erm\u0259ni T\u0259\u015fkilatlar\u0131n\u0131n Koordinasiya \u015euras\u0131n\u0131n h\u0259ms\u0259dri Murad Papazyanla bir araya g\u0259tirib, da\u015fnaklarla v\u0259 revan\u015fist q\u00fcvv\u0259l\u0259rl\u0259 \u201cbar\u0131\u015fd\u0131rma\u011fa\u201d \u00e7al\u0131\u015f\u0131b.<\/p>\n<p>Q\u0259rbd\u0259 Fransan\u0131n f\u0259aliyy\u0259ti n\u0259tic\u0259sind\u0259 Erm\u0259nistanda anti-Az\u0259rbaycan isterikas\u0131n\u0131n g\u00fccl\u0259nm\u0259si fonunda erm\u0259nil\u0259r t\u0259r\u0259find\u0259n yenid\u0259n \u015f\u0259rti s\u0259rh\u0259dd\u0259 at\u0259\u015fk\u0259sin davaml\u0131 pozulmas\u0131n\u0131n, t\u0259xribatlara \u0259l at\u0131lmas\u0131n\u0131n m\u0259qs\u0259dli \u015f\u0259kild\u0259 v\u0259ziyy\u0259ti g\u0259rginl\u0259\u015fdirm\u0259y\u0259 v\u0259 ba\u015f ver\u0259nl\u0259rd\u0259 Az\u0259rbaycan\u0131 g\u00fcnahland\u0131rma\u011fa hesabland\u0131\u011f\u0131 m\u0259lumdur. Ancaq h\u0259m Q\u0259rbin b\u0259zi dair\u0259l\u0259ri, h\u0259m d\u0259 onlar\u0131n \u0259lalt\u0131lar\u0131na \u00e7evrilmi\u015f Erm\u0259nistan\u0131n r\u0259hb\u0259rliyi bir \u015feyi unudur ki, Az\u0259rbaycan \u00f6lk\u0259mizin \u0259leyhin\u0259 haz\u0131rlanm\u0131\u015f b\u00fct\u00fcn m\u0259krli planlar\u0131, oyunlar\u0131 pozma\u011fa qadirdir. He\u00e7 n\u0259 cavabs\u0131z qalmayacaq. 44 g\u00fcnl\u00fck \u0130kinci Qaraba\u011f m\u00fcharib\u0259sind\u0259 v\u0259 ondan sonrak\u0131 d\u00f6vrl\u0259rd\u0259 d\u0259f\u0259l\u0259rl\u0259 oldu\u011fu kimi&#8230;<\/p>\n","protected":false},"excerpt":{"rendered":"<p>Az\u0259rbaycan Q\u0259rbin v\u0259 Erm\u0259nistan\u0131n b\u00fct\u00fcn m\u0259krli oyunlar\u0131n\u0131 pozma\u011fa qadirdir Almaniya paytaxt\u0131nda Az\u0259rbaycan v\u0259 Erm\u0259nistan xarici i\u015fl\u0259r nazirl\u0259ri Ceyhun Bayramov v\u0259 Ararat Mirzoyan\u0131n ba\u015f\u00e7\u0131l\u0131q etdikl\u0259ri n\u00fcmay\u0259nd\u0259 hey\u0259tl\u0259ri aras\u0131nda g\u00f6r\u00fc\u015f\u00fcn ke\u00e7irildiyi bir vaxtda d\u00fc\u015fm\u0259n \u00f6lk\u0259d\u0259 m\u00fcharib\u0259 isterikas\u0131 yenid\u0259n g\u00fccl\u0259nm\u0259kd\u0259dir. Bir t\u0259r\u0259fd\u0259n s\u00fclh g\u00fcnd\u0259min\u0259 sadiqlikd\u0259n d\u0259m vuran r\u0259smi \u0130r\u0259van dig\u0259r t\u0259r\u0259fd\u0259n v\u0259ziyy\u0259tin g\u0259rginl\u0259\u015fdirilm\u0259si \u00fc\u00e7\u00fcn baza formala\u015fd\u0131rmaqla m\u0259\u015f\u011fuldur. M\u00fcst\u0259qil siyas\u0259t y\u00fcr\u00fctm\u0259k, sa\u011flam q\u0259rarlar verm\u0259k imkanlar\u0131 getdikc\u0259 m\u0259hdudla\u015fd\u0131r\u0131lan Erm\u0259nistan\u0131n ba\u015f naziri Nikol Pa\u015finyan \u00f6lk\u0259sini Q\u0259rbin, x\u00fcsusil\u0259 erm\u0259nip\u0259r\u0259st Fransan\u0131n C\u0259nubi Qafqazda planla\u015fd\u0131rd\u0131qlar\u0131 yeni oyunun oyunca\u011f\u0131na daha \u00e7ox \u00e7evirdikc\u0259 regionda dayan\u0131ql\u0131 s\u00fclh\u0259 nail olunmas\u0131 da bir o&hellip;<\/p>\n","protected":false},"author":2,"featured_media":695957,"comment_status":"closed","ping_status":"closed","sticky":false,"template":"","format":"standard","meta":{"om_disable_all_campaigns":false,"_monsterinsights_skip_tracking":false,"_monsterinsights_sitenote_active":false,"_monsterinsights_sitenote_note":"","_monsterinsights_sitenote_category":0},"categories":[19],"tags":[],"aioseo_notices":[],"gutentor_comment":0,"rttpg_featured_image_url":{"full":["https:\/\/arantv.az\/wp-content\/uploads\/2024\/02\/cf86661416277094729370326181014836.png",975,540,false],"landscape":["https:\/\/arantv.az\/wp-content\/uploads\/2024\/02\/cf86661416277094729370326181014836.png",975,540,false],"portraits":["https:\/\/arantv.az\/wp-content\/uploads\/2024\/02\/cf86661416277094729370326181014836.png",975,540,false],"thumbnail":["https:\/\/arantv.az\/wp-content\/uploads\/2024\/02\/cf86661416277094729370326181014836-500x280.png",500,280,true],"medium":["https:\/\/arantv.az\/wp-content\/uploads\/2024\/02\/cf86661416277094729370326181014836-660x365.png",660,365,true],"large":["https:\/\/arantv.az\/wp-content\/uploads\/2024\/02\/cf86661416277094729370326181014836-840x465.png",640,354,true],"1536x1536":["https:\/\/arantv.az\/wp-content\/uploads\/2024\/02\/cf86661416277094729370326181014836.png",975,540,false],"2048x2048":["https:\/\/arantv.az\/wp-content\/uploads\/2024\/02\/cf86661416277094729370326181014836.png",975,540,false],"post-thumbnail":["https:\/\/arantv.az\/wp-content\/uploads\/2024\/02\/cf86661416277094729370326181014836-240x172.png",240,172,true],"advps-thumb-one":["https:\/\/arantv.az\/wp-content\/uploads\/2024\/02\/cf86661416277094729370326181014836.png",975,540,false]},"rttpg_author":{"display_name":"V\u00fcsal Rafiqo\u011flu","author_link":"https:\/\/arantv.az\/?author=2"},"rttpg_comment":0,"rttpg_category":"<a href=\"https:\/\/arantv.az\/?cat=19\" rel=\"category\">G\u00fcnd\u0259m<\/a>","rttpg_excerpt":"Az\u0259rbaycan Q\u0259rbin v\u0259 Erm\u0259nistan\u0131n b\u00fct\u00fcn m\u0259krli oyunlar\u0131n\u0131 pozma\u011fa qadirdir Almaniya paytaxt\u0131nda Az\u0259rbaycan v\u0259 Erm\u0259nistan xarici i\u015fl\u0259r nazirl\u0259ri Ceyhun Bayramov v\u0259 Ararat Mirzoyan\u0131n ba\u015f\u00e7\u0131l\u0131q etdikl\u0259ri n\u00fcmay\u0259nd\u0259 hey\u0259tl\u0259ri aras\u0131nda g\u00f6r\u00fc\u015f\u00fcn ke\u00e7irildiyi bir vaxtda d\u00fc\u015fm\u0259n \u00f6lk\u0259d\u0259 m\u00fcharib\u0259 isterikas\u0131 yenid\u0259n g\u00fccl\u0259nm\u0259kd\u0259dir. Bir t\u0259r\u0259fd\u0259n s\u00fclh g\u00fcnd\u0259min\u0259 sadiqlikd\u0259n d\u0259m vuran r\u0259smi \u0130r\u0259van dig\u0259r t\u0259r\u0259fd\u0259n v\u0259ziyy\u0259tin g\u0259rginl\u0259\u015fdirilm\u0259si \u00fc\u00e7\u00fcn baza formala\u015fd\u0131rmaqla m\u0259\u015f\u011fuldur. M\u00fcst\u0259qil&hellip;","_links":{"self":[{"href":"https:\/\/arantv.az\/index.php?rest_route=\/wp\/v2\/posts\/695956"}],"collection":[{"href":"https:\/\/arantv.az\/index.php?rest_route=\/wp\/v2\/posts"}],"about":[{"href":"https:\/\/arantv.az\/index.php?rest_route=\/wp\/v2\/types\/post"}],"author":[{"embeddable":true,"href":"https:\/\/arantv.az\/index.php?rest_route=\/wp\/v2\/users\/2"}],"replies":[{"embeddable":true,"href":"https:\/\/arantv.az\/index.php?rest_route=%2Fwp%2Fv2%2Fcomments&post=695956"}],"version-history":[{"count":0,"href":"https:\/\/arantv.az\/index.php?rest_route=\/wp\/v2\/posts\/695956\/revisions"}],"wp:featuredmedia":[{"embeddable":true,"href":"https:\/\/arantv.az\/index.php?rest_route=\/wp\/v2\/media\/695957"}],"wp:attachment":[{"href":"https:\/\/arantv.az\/index.php?rest_route=%2Fwp%2Fv2%2Fmedia&parent=695956"}],"wp:term":[{"taxonomy":"category","embeddable":true,"href":"https:\/\/arantv.az\/index.php?rest_route=%2Fwp%2Fv2%2Fcategories&post=695956"},{"taxonomy":"post_tag","embeddable":true,"href":"https:\/\/arantv.az\/index.php?rest_route=%2Fwp%2Fv2%2Ftags&post=695956"}],"curies":[{"name":"wp","href":"https:\/\/api.w.org\/{rel}","templated":true}]}}