{"id":695962,"date":"2024-02-29T10:40:14","date_gmt":"2024-02-29T06:40:14","guid":{"rendered":"https:\/\/arantv.az\/?p=695962"},"modified":"2024-02-29T10:40:14","modified_gmt":"2024-02-29T06:40:14","slug":"fevralda-n%c9%99-ucun-h%c9%99r-dord-ild%c9%99n-bir-29-gun-olur","status":"publish","type":"post","link":"https:\/\/arantv.az\/?p=695962","title":{"rendered":"Fevralda n\u0259 \u00fc\u00e7\u00fcn h\u0259r d\u00f6rd ild\u0259n bir 29 g\u00fcn olur?"},"content":{"rendered":"<p>T\u0259qviml\u0259rimiz fevral\u0131 d\u00f6rd ild\u0259n bir 29 olaraq g\u00f6st\u0259rir. 2024-c\u00fc il d\u0259 el\u0259 h\u0259min ill\u0259rd\u0259n biridir. Bu il fevral\u0131n 29-da do\u011fulanlar d\u00f6rd ild\u0259n sonra ilk d\u0259f\u0259 do\u011fum g\u00fcnl\u0259rini d\u0259qiq g\u00fcnd\u0259 qeyd ed\u0259 bil\u0259c\u0259kl\u0259r.<\/p>\n<p><strong>ARANTV.AZ\u00a0 <\/strong>AZ\u018fRTAC-a istinad\u0259n m\u00f6vzu il\u0259 ba\u011fl\u0131 ki\u00e7ik bir ara\u015fd\u0131rman\u0131 t\u0259qdim edir:<\/p>\n<p>2024-c\u00fc il fevral ay\u0131 365 yox, 366 g\u00fcn olacaq. B\u0259s bu ay\u0131n tarixi niy\u0259 bel\u0259dir v\u0259 hans\u0131 s\u0259b\u0259bd\u0259n yaran\u0131b?<\/p>\n<p>Yerin G\u00fcn\u0259\u015f \u0259traf\u0131nda f\u0131rlanmas\u0131 \u00fc\u00e7\u00fcn 365,2422 g\u00fcn laz\u0131md\u0131r. XVI \u0259srd\u0259 ba\u015flayan Q\u0259rb t\u0259qvimind\u0259 bir il 365 g\u00fcn olaraq t\u0259yin olunur. \u0130lin qalan 0,2422-si &#8211; 5 saat, 48 d\u0259qiq\u0259 v\u0259 46 saniy\u0259 &#8211; d\u00f6rd ild\u0259n bir \u0259lav\u0259 g\u00fcn hesab olunur. Bu t\u0259nziml\u0259m\u0259 say\u0259sind\u0259 saatlar\u0131m\u0131z Yerin f\u0131rlanmas\u0131na v\u0259 f\u0259sill\u0259r\u0259 uy\u011fun olaraq qal\u0131r. Ona g\u00f6r\u0259 d\u0259, fevralda \u00fc\u00e7 il 28 g\u00fcn oldu\u011fu halda, t\u0259qvim d\u00f6rd ild\u0259n bir 29-u g\u00f6st\u0259rir.<\/p>\n<p>B\u0259s niy\u0259 ba\u015fqa ay yox, m\u0259hz fevral?<\/p>\n<p>Bunun cavab\u0131 eram\u0131zdan \u0259vv\u0259l I \u0259sr\u0259 gedib \u00e7\u0131x\u0131r. Roma lideri Yuli Sezar astronomlara Roma t\u0259qvimini haz\u0131rlamaq tap\u015f\u0131r\u0131\u011f\u0131n\u0131 verdi. Roma t\u0259qvimi 355 g\u00fcnd\u0259n v\u0259 h\u0259r iki ild\u0259n bir \u0259lav\u0259 ay 22 g\u00fcnd\u0259n ibar\u0259t idi. T\u0259qvimin f\u0259sill\u0259rl\u0259 harmoniyas\u0131 tamamil\u0259 pozulmu\u015fdu. Sezar\u0131n \u0259mri il\u0259 haz\u0131rlanan t\u0259qvimd\u0259 bir il 365 g\u00fcn olaraq t\u0259yin olundu. D\u00f6rd ild\u0259n bir g\u00fcn kimi bir ne\u00e7\u0259 saat \u0259lav\u0259 olunma\u011fa ba\u015flad\u0131. Bel\u0259likl\u0259, \u201cs\u0131\u00e7ray\u0131\u015f ili\u201d yarand\u0131. Halbuki o d\u00f6vrd\u0259 fevral ay\u0131 normal olaraq 29 g\u00fcn, s\u0131\u00e7ray\u0131\u015f ill\u0259rind\u0259 is\u0259 30 g\u00fcn olurdu. Avqustda da 30 g\u00fcn var idi. Tarix\u00e7il\u0259rin fikrinc\u0259, Roma \u0130mperiyas\u0131n\u0131n yeni ba\u015f\u00e7\u0131s\u0131 olan v\u0259 Yuli Sezar kimi \u00f6n\u0259mli \u015f\u0259xs olma\u011fa \u00e7al\u0131\u015fan Avqust uzun bir ay\u0131n onun ad\u0131n\u0131 da\u015f\u0131mas\u0131n\u0131 ist\u0259yirdi. \u00c7\u00fcnki Yuli Sezar\u0131n ad\u0131n\u0131 da\u015f\u0131yan iyul ay\u0131nda 31 g\u00fcn var idi. Bu s\u0259b\u0259bd\u0259n d\u0259 fevral ay\u0131 bir g\u00fcn q\u0131sald\u0131ld\u0131 v\u0259 bununla da avqust ay\u0131na bir g\u00fcn \u0259lav\u0259 edildi.<\/p>\n<p>\u201cS\u0131\u00e7ray\u0131\u015f ili\u201d olmasayd\u0131 n\u0259 olard\u0131?<\/p>\n<p>T\u0259qviml\u0259rd\u0259 bu d\u00fcz\u0259li\u015f edilm\u0259s\u0259ydi, f\u0259sill\u0259r d\u0259yi\u015fm\u0259y\u0259 ba\u015flayacaqd\u0131. 700 illik bir d\u00f6vrd\u0259 \u015eimal yar\u0131mk\u00fcr\u0259sind\u0259 yay &#8211; iyun \u0259v\u0259zin\u0259 dekabrda ba\u015flayacaqd\u0131. B\u0259zi m\u0259d\u0259niyy\u0259tl\u0259rd\u0259 \u201cs\u0131\u00e7ray\u0131\u015f ili\u201d u\u011fursuzluqla \u0259laq\u0259l\u0259ndirilir. Yunan\u0131standa \u0259n\u0259n\u0259vi olaraq \u201cs\u0131\u00e7ray\u0131\u015f ili\u201dnd\u0259 evl\u0259nm\u0259k t\u00f6vsiy\u0259 edilmir. X\u00fcsusil\u0259 \u201cs\u0131\u00e7ray\u0131\u015f ili\u201dnd\u0259, m\u0259hz fevral\u0131n 29-da b\u0259zi insanlar evlilikl\u0259rin bo\u015fanma il\u0259 bit\u0259c\u0259yin\u0259 inan\u0131rlar. B\u0259zi \u015fotlandlar h\u0259l\u0259 d\u0259 fevral\u0131n 29-da do\u011fu\u015fun b\u0259db\u0259xtlik g\u0259tir\u0259c\u0259yin\u0259 inan\u0131rlar. B\u0259zi \u00f6lk\u0259l\u0259rd\u0259 is\u0259 h\u0259min g\u00fcnd\u0259 do\u011fulmaq, \u0259ksin\u0259, u\u011furla \u0259laq\u0259l\u0259ndirilir. B\u0259zi astronomlar hesab edirl\u0259r ki, do\u011fum g\u00fcn\u00fc \u201cs\u0131\u00e7ray\u0131\u015f g\u00fcn\u00fc\u201dn\u0259 d\u00fc\u015f\u0259rs\u0259, h\u0259min do\u011fulan \u015f\u0259xsd\u0259 x\u00fcsusi istedad olacaq. Fevral\u0131n 29-da d\u00fcnyada t\u0259xmin\u0259n 4,1 milyon insan do\u011fulur.<\/p>\n","protected":false},"excerpt":{"rendered":"<p>T\u0259qviml\u0259rimiz fevral\u0131 d\u00f6rd ild\u0259n bir 29 olaraq g\u00f6st\u0259rir. 2024-c\u00fc il d\u0259 el\u0259 h\u0259min ill\u0259rd\u0259n biridir. Bu il fevral\u0131n 29-da do\u011fulanlar d\u00f6rd ild\u0259n sonra ilk d\u0259f\u0259 do\u011fum g\u00fcnl\u0259rini d\u0259qiq g\u00fcnd\u0259 qeyd ed\u0259 bil\u0259c\u0259kl\u0259r. ARANTV.AZ\u00a0 AZ\u018fRTAC-a istinad\u0259n m\u00f6vzu il\u0259 ba\u011fl\u0131 ki\u00e7ik bir ara\u015fd\u0131rman\u0131 t\u0259qdim edir: 2024-c\u00fc il fevral ay\u0131 365 yox, 366 g\u00fcn olacaq. B\u0259s bu ay\u0131n tarixi niy\u0259 bel\u0259dir v\u0259 hans\u0131 s\u0259b\u0259bd\u0259n yaran\u0131b? Yerin G\u00fcn\u0259\u015f \u0259traf\u0131nda f\u0131rlanmas\u0131 \u00fc\u00e7\u00fcn 365,2422 g\u00fcn laz\u0131md\u0131r. XVI \u0259srd\u0259 ba\u015flayan Q\u0259rb t\u0259qvimind\u0259 bir il 365 g\u00fcn olaraq t\u0259yin olunur. \u0130lin qalan 0,2422-si &#8211; 5 saat, 48 d\u0259qiq\u0259&hellip;<\/p>\n","protected":false},"author":2,"featured_media":695963,"comment_status":"closed","ping_status":"closed","sticky":false,"template":"","format":"standard","meta":{"om_disable_all_campaigns":false,"_monsterinsights_skip_tracking":false,"_monsterinsights_sitenote_active":false,"_monsterinsights_sitenote_note":"","_monsterinsights_sitenote_category":0},"categories":[24],"tags":[],"aioseo_notices":[],"gutentor_comment":0,"rttpg_featured_image_url":{"full":["https:\/\/arantv.az\/wp-content\/uploads\/2024\/02\/df12ecd0170918093412315425910284379.jpg",975,540,false],"landscape":["https:\/\/arantv.az\/wp-content\/uploads\/2024\/02\/df12ecd0170918093412315425910284379.jpg",975,540,false],"portraits":["https:\/\/arantv.az\/wp-content\/uploads\/2024\/02\/df12ecd0170918093412315425910284379.jpg",975,540,false],"thumbnail":["https:\/\/arantv.az\/wp-content\/uploads\/2024\/02\/df12ecd0170918093412315425910284379-500x280.jpg",500,280,true],"medium":["https:\/\/arantv.az\/wp-content\/uploads\/2024\/02\/df12ecd0170918093412315425910284379-660x365.jpg",660,365,true],"large":["https:\/\/arantv.az\/wp-content\/uploads\/2024\/02\/df12ecd0170918093412315425910284379-840x465.jpg",640,354,true],"1536x1536":["https:\/\/arantv.az\/wp-content\/uploads\/2024\/02\/df12ecd0170918093412315425910284379.jpg",975,540,false],"2048x2048":["https:\/\/arantv.az\/wp-content\/uploads\/2024\/02\/df12ecd0170918093412315425910284379.jpg",975,540,false],"post-thumbnail":["https:\/\/arantv.az\/wp-content\/uploads\/2024\/02\/df12ecd0170918093412315425910284379-240x172.jpg",240,172,true],"advps-thumb-one":["https:\/\/arantv.az\/wp-content\/uploads\/2024\/02\/df12ecd0170918093412315425910284379.jpg",975,540,false]},"rttpg_author":{"display_name":"V\u00fcsal Rafiqo\u011flu","author_link":"https:\/\/arantv.az\/?author=2"},"rttpg_comment":0,"rttpg_category":"<a href=\"https:\/\/arantv.az\/?cat=24\" rel=\"category\">Maraql\u0131<\/a>","rttpg_excerpt":"T\u0259qviml\u0259rimiz fevral\u0131 d\u00f6rd ild\u0259n bir 29 olaraq g\u00f6st\u0259rir. 2024-c\u00fc il d\u0259 el\u0259 h\u0259min ill\u0259rd\u0259n biridir. Bu il fevral\u0131n 29-da do\u011fulanlar d\u00f6rd ild\u0259n sonra ilk d\u0259f\u0259 do\u011fum g\u00fcnl\u0259rini d\u0259qiq g\u00fcnd\u0259 qeyd ed\u0259 bil\u0259c\u0259kl\u0259r. ARANTV.AZ\u00a0 AZ\u018fRTAC-a istinad\u0259n m\u00f6vzu il\u0259 ba\u011fl\u0131 ki\u00e7ik bir ara\u015fd\u0131rman\u0131 t\u0259qdim edir: 2024-c\u00fc il fevral ay\u0131 365 yox, 366 g\u00fcn olacaq. B\u0259s bu ay\u0131n&hellip;","_links":{"self":[{"href":"https:\/\/arantv.az\/index.php?rest_route=\/wp\/v2\/posts\/695962"}],"collection":[{"href":"https:\/\/arantv.az\/index.php?rest_route=\/wp\/v2\/posts"}],"about":[{"href":"https:\/\/arantv.az\/index.php?rest_route=\/wp\/v2\/types\/post"}],"author":[{"embeddable":true,"href":"https:\/\/arantv.az\/index.php?rest_route=\/wp\/v2\/users\/2"}],"replies":[{"embeddable":true,"href":"https:\/\/arantv.az\/index.php?rest_route=%2Fwp%2Fv2%2Fcomments&post=695962"}],"version-history":[{"count":0,"href":"https:\/\/arantv.az\/index.php?rest_route=\/wp\/v2\/posts\/695962\/revisions"}],"wp:featuredmedia":[{"embeddable":true,"href":"https:\/\/arantv.az\/index.php?rest_route=\/wp\/v2\/media\/695963"}],"wp:attachment":[{"href":"https:\/\/arantv.az\/index.php?rest_route=%2Fwp%2Fv2%2Fmedia&parent=695962"}],"wp:term":[{"taxonomy":"category","embeddable":true,"href":"https:\/\/arantv.az\/index.php?rest_route=%2Fwp%2Fv2%2Fcategories&post=695962"},{"taxonomy":"post_tag","embeddable":true,"href":"https:\/\/arantv.az\/index.php?rest_route=%2Fwp%2Fv2%2Ftags&post=695962"}],"curies":[{"name":"wp","href":"https:\/\/api.w.org\/{rel}","templated":true}]}}