{"id":695983,"date":"2024-02-29T11:03:19","date_gmt":"2024-02-29T07:03:19","guid":{"rendered":"https:\/\/arantv.az\/?p=695983"},"modified":"2024-02-29T11:03:19","modified_gmt":"2024-02-29T07:03:19","slug":"ilham-%c9%99liyev-macaristanin-yeni-secilmis-prezidentini-t%c9%99brik-etdi","status":"publish","type":"post","link":"https:\/\/arantv.az\/?p=695983","title":{"rendered":"\u0130lham \u018fliyev Macar\u0131stan\u0131n yeni se\u00e7ilmi\u015f prezidentini t\u0259brik etdi"},"content":{"rendered":"<p>Az\u0259rbaycan Respublikas\u0131n\u0131n Prezidenti\u00a0<strong>\u0130lham \u018fliyev<\/strong>\u00a0Macar\u0131stan\u0131n yeni se\u00e7ilmi\u015f Prezidenti Tama\u015f \u015euyoka t\u0259brik m\u0259ktubu g\u00f6nd\u0259rib.<\/p>\n<p><a href=\"https:\/\/president.az\/az\/articles\/view\/64825\" target=\"_blank\" rel=\"noopener\"><strong>President.az<\/strong><\/a>\u00a0x\u0259b\u0259r verir ki, m\u0259ktubda deyilir:<\/p>\n<p>\u201cMacar\u0131stan\u0131n Prezidenti v\u0259zif\u0259sin\u0259 se\u00e7ilm\u0259yiniz m\u00fcnasib\u0259til\u0259 Sizi<br \/>\ns\u0259mimi-q\u0259lbd\u0259n t\u0259brik edir\u0259m.<\/p>\n<p>Macar\u0131stan Az\u0259rbaycan\u0131n yax\u0131n dostu v\u0259 etibarl\u0131 t\u0259r\u0259fda\u015f\u0131d\u0131r. Qar\u015f\u0131l\u0131ql\u0131 inam v\u0259 etimada \u0259saslanan, g\u00fcnd\u0259n-g\u00fcn\u0259 yeni m\u0259zmunla z\u0259nginl\u0259\u015f\u0259n Az\u0259rbaycan-Macar\u0131stan m\u00fcnasib\u0259tl\u0259rinin haz\u0131rk\u0131 s\u0259viyy\u0259si m\u0259mnunluq do\u011furur.<\/p>\n<p>Biz b\u00f6y\u00fck potensiala malik d\u00f6vl\u0259tl\u0259raras\u0131 \u0259laq\u0259l\u0259rimizin b\u00fct\u00fcn sah\u0259l\u0259rd\u0259 geni\u015fl\u0259nm\u0259sin\u0259, o c\u00fcml\u0259d\u0259n strateji t\u0259r\u0259fda\u015fl\u0131\u011f\u0131m\u0131z\u0131n daha da d\u0259rinl\u0259\u015fm\u0259sin\u0259 x\u00fcsusi \u00f6n\u0259m veririk. \u0130nan\u0131ram ki, xalqlar\u0131m\u0131z\u0131n m\u0259nafel\u0259rin\u0259 uy\u011fun olaraq Az\u0259rbaycan il\u0259 Macar\u0131stan aras\u0131nda \u0259n\u0259n\u0259vi dostluq m\u00fcnasib\u0259tl\u0259rinin m\u00f6hk\u0259ml\u0259ndirilm\u0259si, \u00e7ox\u015fax\u0259li \u0259m\u0259kda\u015fl\u0131\u011f\u0131n bundan sonra da u\u011furla davam etdirilm\u0259si namin\u0259 birg\u0259 s\u0259yl\u0259r g\u00f6st\u0259r\u0259c\u0259yik.<\/p>\n<p>Siz\u0259 \u0259n xo\u015f arzular\u0131m\u0131 \u00e7atd\u0131r\u0131r, dost Macar\u0131stan xalq\u0131n\u0131n rifah\u0131 namin\u0259 qar\u015f\u0131dak\u0131 m\u0259sul f\u0259aliyy\u0259tinizd\u0259 m\u00fcv\u0259ff\u0259qiyy\u0259tl\u0259r dil\u0259yir\u0259m\u201d.<\/p>\n","protected":false},"excerpt":{"rendered":"<p>Az\u0259rbaycan Respublikas\u0131n\u0131n Prezidenti\u00a0\u0130lham \u018fliyev\u00a0Macar\u0131stan\u0131n yeni se\u00e7ilmi\u015f Prezidenti Tama\u015f \u015euyoka t\u0259brik m\u0259ktubu g\u00f6nd\u0259rib. President.az\u00a0x\u0259b\u0259r verir ki, m\u0259ktubda deyilir: \u201cMacar\u0131stan\u0131n Prezidenti v\u0259zif\u0259sin\u0259 se\u00e7ilm\u0259yiniz m\u00fcnasib\u0259til\u0259 Sizi s\u0259mimi-q\u0259lbd\u0259n t\u0259brik edir\u0259m. Macar\u0131stan Az\u0259rbaycan\u0131n yax\u0131n dostu v\u0259 etibarl\u0131 t\u0259r\u0259fda\u015f\u0131d\u0131r. Qar\u015f\u0131l\u0131ql\u0131 inam v\u0259 etimada \u0259saslanan, g\u00fcnd\u0259n-g\u00fcn\u0259 yeni m\u0259zmunla z\u0259nginl\u0259\u015f\u0259n Az\u0259rbaycan-Macar\u0131stan m\u00fcnasib\u0259tl\u0259rinin haz\u0131rk\u0131 s\u0259viyy\u0259si m\u0259mnunluq do\u011furur. Biz b\u00f6y\u00fck potensiala malik d\u00f6vl\u0259tl\u0259raras\u0131 \u0259laq\u0259l\u0259rimizin b\u00fct\u00fcn sah\u0259l\u0259rd\u0259 geni\u015fl\u0259nm\u0259sin\u0259, o c\u00fcml\u0259d\u0259n strateji t\u0259r\u0259fda\u015fl\u0131\u011f\u0131m\u0131z\u0131n daha da d\u0259rinl\u0259\u015fm\u0259sin\u0259 x\u00fcsusi \u00f6n\u0259m veririk. \u0130nan\u0131ram ki, xalqlar\u0131m\u0131z\u0131n m\u0259nafel\u0259rin\u0259 uy\u011fun olaraq Az\u0259rbaycan il\u0259 Macar\u0131stan aras\u0131nda \u0259n\u0259n\u0259vi dostluq m\u00fcnasib\u0259tl\u0259rinin m\u00f6hk\u0259ml\u0259ndirilm\u0259si, \u00e7ox\u015fax\u0259li \u0259m\u0259kda\u015fl\u0131\u011f\u0131n bundan sonra da u\u011furla davam etdirilm\u0259si namin\u0259&hellip;<\/p>\n","protected":false},"author":2,"featured_media":695984,"comment_status":"closed","ping_status":"closed","sticky":false,"template":"","format":"standard","meta":{"om_disable_all_campaigns":false,"_monsterinsights_skip_tracking":false,"_monsterinsights_sitenote_active":false,"_monsterinsights_sitenote_note":"","_monsterinsights_sitenote_category":0},"categories":[4],"tags":[],"aioseo_notices":[],"gutentor_comment":0,"rttpg_featured_image_url":{"full":["https:\/\/arantv.az\/wp-content\/uploads\/2024\/02\/5f44a63353c24-t0shxN7_yPUZws0-11.jpg",620,413,false],"landscape":["https:\/\/arantv.az\/wp-content\/uploads\/2024\/02\/5f44a63353c24-t0shxN7_yPUZws0-11.jpg",620,413,false],"portraits":["https:\/\/arantv.az\/wp-content\/uploads\/2024\/02\/5f44a63353c24-t0shxN7_yPUZws0-11.jpg",620,413,false],"thumbnail":["https:\/\/arantv.az\/wp-content\/uploads\/2024\/02\/5f44a63353c24-t0shxN7_yPUZws0-11-500x280.jpg",500,280,true],"medium":["https:\/\/arantv.az\/wp-content\/uploads\/2024\/02\/5f44a63353c24-t0shxN7_yPUZws0-11-548x365.jpg",548,365,true],"large":["https:\/\/arantv.az\/wp-content\/uploads\/2024\/02\/5f44a63353c24-t0shxN7_yPUZws0-11.jpg",620,413,false],"1536x1536":["https:\/\/arantv.az\/wp-content\/uploads\/2024\/02\/5f44a63353c24-t0shxN7_yPUZws0-11.jpg",620,413,false],"2048x2048":["https:\/\/arantv.az\/wp-content\/uploads\/2024\/02\/5f44a63353c24-t0shxN7_yPUZws0-11.jpg",620,413,false],"post-thumbnail":["https:\/\/arantv.az\/wp-content\/uploads\/2024\/02\/5f44a63353c24-t0shxN7_yPUZws0-11-240x172.jpg",240,172,true],"advps-thumb-one":["https:\/\/arantv.az\/wp-content\/uploads\/2024\/02\/5f44a63353c24-t0shxN7_yPUZws0-11.jpg",620,413,false]},"rttpg_author":{"display_name":"V\u00fcsal Rafiqo\u011flu","author_link":"https:\/\/arantv.az\/?author=2"},"rttpg_comment":0,"rttpg_category":"<a href=\"https:\/\/arantv.az\/?cat=4\" rel=\"category\">Siyas\u0259t<\/a>","rttpg_excerpt":"Az\u0259rbaycan Respublikas\u0131n\u0131n Prezidenti\u00a0\u0130lham \u018fliyev\u00a0Macar\u0131stan\u0131n yeni se\u00e7ilmi\u015f Prezidenti Tama\u015f \u015euyoka t\u0259brik m\u0259ktubu g\u00f6nd\u0259rib. President.az\u00a0x\u0259b\u0259r verir ki, m\u0259ktubda deyilir: \u201cMacar\u0131stan\u0131n Prezidenti v\u0259zif\u0259sin\u0259 se\u00e7ilm\u0259yiniz m\u00fcnasib\u0259til\u0259 Sizi s\u0259mimi-q\u0259lbd\u0259n t\u0259brik edir\u0259m. Macar\u0131stan Az\u0259rbaycan\u0131n yax\u0131n dostu v\u0259 etibarl\u0131 t\u0259r\u0259fda\u015f\u0131d\u0131r. Qar\u015f\u0131l\u0131ql\u0131 inam v\u0259 etimada \u0259saslanan, g\u00fcnd\u0259n-g\u00fcn\u0259 yeni m\u0259zmunla z\u0259nginl\u0259\u015f\u0259n Az\u0259rbaycan-Macar\u0131stan m\u00fcnasib\u0259tl\u0259rinin haz\u0131rk\u0131 s\u0259viyy\u0259si m\u0259mnunluq do\u011furur. Biz b\u00f6y\u00fck potensiala malik d\u00f6vl\u0259tl\u0259raras\u0131 \u0259laq\u0259l\u0259rimizin b\u00fct\u00fcn&hellip;","_links":{"self":[{"href":"https:\/\/arantv.az\/index.php?rest_route=\/wp\/v2\/posts\/695983"}],"collection":[{"href":"https:\/\/arantv.az\/index.php?rest_route=\/wp\/v2\/posts"}],"about":[{"href":"https:\/\/arantv.az\/index.php?rest_route=\/wp\/v2\/types\/post"}],"author":[{"embeddable":true,"href":"https:\/\/arantv.az\/index.php?rest_route=\/wp\/v2\/users\/2"}],"replies":[{"embeddable":true,"href":"https:\/\/arantv.az\/index.php?rest_route=%2Fwp%2Fv2%2Fcomments&post=695983"}],"version-history":[{"count":0,"href":"https:\/\/arantv.az\/index.php?rest_route=\/wp\/v2\/posts\/695983\/revisions"}],"wp:featuredmedia":[{"embeddable":true,"href":"https:\/\/arantv.az\/index.php?rest_route=\/wp\/v2\/media\/695984"}],"wp:attachment":[{"href":"https:\/\/arantv.az\/index.php?rest_route=%2Fwp%2Fv2%2Fmedia&parent=695983"}],"wp:term":[{"taxonomy":"category","embeddable":true,"href":"https:\/\/arantv.az\/index.php?rest_route=%2Fwp%2Fv2%2Fcategories&post=695983"},{"taxonomy":"post_tag","embeddable":true,"href":"https:\/\/arantv.az\/index.php?rest_route=%2Fwp%2Fv2%2Ftags&post=695983"}],"curies":[{"name":"wp","href":"https:\/\/api.w.org\/{rel}","templated":true}]}}