{"id":695989,"date":"2024-02-29T11:13:05","date_gmt":"2024-02-29T07:13:05","guid":{"rendered":"https:\/\/arantv.az\/?p=695989"},"modified":"2024-02-29T11:13:05","modified_gmt":"2024-02-29T07:13:05","slug":"g%c9%99nc%c9%99-futbol-akademiyasinin-acilis-tarixi-b%c9%99lli-olub","status":"publish","type":"post","link":"https:\/\/arantv.az\/?p=695989","title":{"rendered":"G\u0259nc\u0259 Futbol Akademiyas\u0131n\u0131n a\u00e7\u0131l\u0131\u015f tarixi b\u0259lli olub"},"content":{"rendered":"<p>G\u0259nc\u0259 Futbol Akademiyas\u0131n\u0131n a\u00e7\u0131l\u0131\u015f tarixi b\u0259lli olub.<\/p>\n<p>\u201cReport\u201dun \u0259ld\u0259 etdiyi m\u0259lumata g\u00f6r\u0259, t\u0259dbirin n\u00f6vb\u0259ti h\u0259ft\u0259 ba\u015f tutaca\u011f\u0131 g\u00f6zl\u0259nilir.<\/p>\n<p>Sabah AFFA \u0130craiyy\u0259 Komit\u0259sinin G\u0259nc\u0259d\u0259 iclas\u0131 olacaq. Qurum r\u0259smil\u0259ri akademiyaya bax\u0131\u015f ke\u00e7ir\u0259c\u0259kl\u0259r.<\/p>\n<p>Qeyd ed\u0259k ki, G\u0259nc\u0259 Futbol Akademiyas\u0131 AFFA-n\u0131n d\u0259st\u0259yi il\u0259 in\u015fa edilib. A\u00e7\u0131l\u0131\u015f ilk olaraq yanvar\u0131n 11-n\u0259 planla\u015fd\u0131r\u0131lsa da, sonradan t\u0259xir\u0259 sal\u0131n\u0131b.<\/p>\n","protected":false},"excerpt":{"rendered":"<p>G\u0259nc\u0259 Futbol Akademiyas\u0131n\u0131n a\u00e7\u0131l\u0131\u015f tarixi b\u0259lli olub. \u201cReport\u201dun \u0259ld\u0259 etdiyi m\u0259lumata g\u00f6r\u0259, t\u0259dbirin n\u00f6vb\u0259ti h\u0259ft\u0259 ba\u015f tutaca\u011f\u0131 g\u00f6zl\u0259nilir. Sabah AFFA \u0130craiyy\u0259 Komit\u0259sinin G\u0259nc\u0259d\u0259 iclas\u0131 olacaq. Qurum r\u0259smil\u0259ri akademiyaya bax\u0131\u015f ke\u00e7ir\u0259c\u0259kl\u0259r. Qeyd ed\u0259k ki, G\u0259nc\u0259 Futbol Akademiyas\u0131 AFFA-n\u0131n d\u0259st\u0259yi il\u0259 in\u015fa edilib. A\u00e7\u0131l\u0131\u015f ilk olaraq yanvar\u0131n 11-n\u0259 planla\u015fd\u0131r\u0131lsa da, sonradan t\u0259xir\u0259 sal\u0131n\u0131b.<\/p>\n","protected":false},"author":2,"featured_media":695990,"comment_status":"closed","ping_status":"closed","sticky":false,"template":"","format":"standard","meta":{"om_disable_all_campaigns":false,"_monsterinsights_skip_tracking":false,"_monsterinsights_sitenote_active":false,"_monsterinsights_sitenote_note":"","_monsterinsights_sitenote_category":0},"categories":[1],"tags":[],"aioseo_notices":[],"gutentor_comment":0,"rttpg_featured_image_url":{"full":["https:\/\/arantv.az\/wp-content\/uploads\/2024\/02\/akdemmmmmmyaaa.jpg",620,413,false],"landscape":["https:\/\/arantv.az\/wp-content\/uploads\/2024\/02\/akdemmmmmmyaaa.jpg",620,413,false],"portraits":["https:\/\/arantv.az\/wp-content\/uploads\/2024\/02\/akdemmmmmmyaaa.jpg",620,413,false],"thumbnail":["https:\/\/arantv.az\/wp-content\/uploads\/2024\/02\/akdemmmmmmyaaa-500x280.jpg",500,280,true],"medium":["https:\/\/arantv.az\/wp-content\/uploads\/2024\/02\/akdemmmmmmyaaa-548x365.jpg",548,365,true],"large":["https:\/\/arantv.az\/wp-content\/uploads\/2024\/02\/akdemmmmmmyaaa.jpg",620,413,false],"1536x1536":["https:\/\/arantv.az\/wp-content\/uploads\/2024\/02\/akdemmmmmmyaaa.jpg",620,413,false],"2048x2048":["https:\/\/arantv.az\/wp-content\/uploads\/2024\/02\/akdemmmmmmyaaa.jpg",620,413,false],"post-thumbnail":["https:\/\/arantv.az\/wp-content\/uploads\/2024\/02\/akdemmmmmmyaaa-240x172.jpg",240,172,true],"advps-thumb-one":["https:\/\/arantv.az\/wp-content\/uploads\/2024\/02\/akdemmmmmmyaaa.jpg",620,413,false]},"rttpg_author":{"display_name":"V\u00fcsal Rafiqo\u011flu","author_link":"https:\/\/arantv.az\/?author=2"},"rttpg_comment":0,"rttpg_category":"<a href=\"https:\/\/arantv.az\/?cat=1\" rel=\"category\">C\u0259miyy\u0259t<\/a>","rttpg_excerpt":"G\u0259nc\u0259 Futbol Akademiyas\u0131n\u0131n a\u00e7\u0131l\u0131\u015f tarixi b\u0259lli olub. \u201cReport\u201dun \u0259ld\u0259 etdiyi m\u0259lumata g\u00f6r\u0259, t\u0259dbirin n\u00f6vb\u0259ti h\u0259ft\u0259 ba\u015f tutaca\u011f\u0131 g\u00f6zl\u0259nilir. Sabah AFFA \u0130craiyy\u0259 Komit\u0259sinin G\u0259nc\u0259d\u0259 iclas\u0131 olacaq. Qurum r\u0259smil\u0259ri akademiyaya bax\u0131\u015f ke\u00e7ir\u0259c\u0259kl\u0259r. Qeyd ed\u0259k ki, G\u0259nc\u0259 Futbol Akademiyas\u0131 AFFA-n\u0131n d\u0259st\u0259yi il\u0259 in\u015fa edilib. A\u00e7\u0131l\u0131\u015f ilk olaraq yanvar\u0131n 11-n\u0259 planla\u015fd\u0131r\u0131lsa da, sonradan t\u0259xir\u0259 sal\u0131n\u0131b.","_links":{"self":[{"href":"https:\/\/arantv.az\/index.php?rest_route=\/wp\/v2\/posts\/695989"}],"collection":[{"href":"https:\/\/arantv.az\/index.php?rest_route=\/wp\/v2\/posts"}],"about":[{"href":"https:\/\/arantv.az\/index.php?rest_route=\/wp\/v2\/types\/post"}],"author":[{"embeddable":true,"href":"https:\/\/arantv.az\/index.php?rest_route=\/wp\/v2\/users\/2"}],"replies":[{"embeddable":true,"href":"https:\/\/arantv.az\/index.php?rest_route=%2Fwp%2Fv2%2Fcomments&post=695989"}],"version-history":[{"count":0,"href":"https:\/\/arantv.az\/index.php?rest_route=\/wp\/v2\/posts\/695989\/revisions"}],"wp:featuredmedia":[{"embeddable":true,"href":"https:\/\/arantv.az\/index.php?rest_route=\/wp\/v2\/media\/695990"}],"wp:attachment":[{"href":"https:\/\/arantv.az\/index.php?rest_route=%2Fwp%2Fv2%2Fmedia&parent=695989"}],"wp:term":[{"taxonomy":"category","embeddable":true,"href":"https:\/\/arantv.az\/index.php?rest_route=%2Fwp%2Fv2%2Fcategories&post=695989"},{"taxonomy":"post_tag","embeddable":true,"href":"https:\/\/arantv.az\/index.php?rest_route=%2Fwp%2Fv2%2Ftags&post=695989"}],"curies":[{"name":"wp","href":"https:\/\/api.w.org\/{rel}","templated":true}]}}