{"id":69602,"date":"2019-06-27T11:14:42","date_gmt":"2019-06-27T08:14:42","guid":{"rendered":"http:\/\/arantv.az\/?p=69602"},"modified":"2019-06-27T11:14:42","modified_gmt":"2019-06-27T08:14:42","slug":"oqtay-%c9%99s%c9%99dov-sabahki-iclas-l%c9%99gv-oluna-bil%c9%99r","status":"publish","type":"post","link":"https:\/\/arantv.az\/?p=69602","title":{"rendered":"Oqtay \u018fs\u0259dov: Sabahk\u0131 iclas l\u0259\u011fv oluna bil\u0259r"},"content":{"rendered":"<p>\u0130yunun 27-d\u0259 Milli M\u0259clisin n\u00f6vb\u0259d\u0259nk\u0259nar sessiyas\u0131 \u00e7\u0259r\u00e7iv\u0259sind\u0259 parlamentin n\u00f6vb\u0259ti iclas\u0131 ke\u00e7irilir.<\/p>\n<p><strong>ARANTV.AZ<\/strong>-\u0131n x\u0259b\u0259rin\u0259 g\u00f6r\u0259, iki g\u00fcn davam ed\u0259c\u0259k plenar iclaslar\u0131n g\u00fcnd\u0259liyin\u0259 \u00fcmumilikd\u0259 49 m\u0259s\u0259l\u0259 daxil edilib.<\/p>\n<p>\u0130lk m\u0259s\u0259l\u0259 2018-ci il\u00a0d\u00f6vl\u0259t b\u00fcdc\u0259sinin icras\u0131 bar\u0259d\u0259 qanuna d\u0259yi\u015fiklikl\u0259ri n\u0259z\u0259rd\u0259 tutan qanun layih\u0259sinin \u00fc\u00e7\u00fcnc\u00fc v\u0259 sonuncu oxunu\u015fu olub.<\/p>\n<p>Qanun layih\u0259si bar\u0259d\u0259 parlamentin \u0130qtisadi siyas\u0259t, s\u0259naye v\u0259 sahibkarl\u0131q komit\u0259sinin s\u0259dri Ziya S\u0259m\u0259dzad\u0259nin q\u0131sa m\u0259lumat\u0131 dinl\u0259nilib.<\/p>\n<p>Sonra qanun layih\u0259si s\u0259s\u0259 qoyularaq \u00fc\u00e7\u00fcnc\u00fc v\u0259 sonuncu oxunu\u015fda q\u0259bul edilib.<\/p>\n<p>Qanun layih\u0259si imzaland\u0131qdan sonra h\u00fcquqi q\u00fcvv\u0259y\u0259 min\u0259c\u0259k.<\/p>\n<p>Spiker Oqtay \u018fs\u0259dov bildirib ki, \u0259g\u0259r qanun layih\u0259l\u0259rini bir g\u00fcnd\u0259 m\u00fczakir\u0259 etm\u0259k m\u00fcmk\u00fcn olsa, sabahk\u0131 iclas l\u0259\u011fv oluna bil\u0259r.oxu.az<\/p>\n","protected":false},"excerpt":{"rendered":"<p>\u0130yunun 27-d\u0259 Milli M\u0259clisin n\u00f6vb\u0259d\u0259nk\u0259nar sessiyas\u0131 \u00e7\u0259r\u00e7iv\u0259sind\u0259 parlamentin n\u00f6vb\u0259ti iclas\u0131 ke\u00e7irilir. ARANTV.AZ-\u0131n x\u0259b\u0259rin\u0259 g\u00f6r\u0259, iki g\u00fcn davam ed\u0259c\u0259k plenar iclaslar\u0131n g\u00fcnd\u0259liyin\u0259 \u00fcmumilikd\u0259 49 m\u0259s\u0259l\u0259 daxil edilib. \u0130lk m\u0259s\u0259l\u0259 2018-ci il\u00a0d\u00f6vl\u0259t b\u00fcdc\u0259sinin icras\u0131 bar\u0259d\u0259 qanuna d\u0259yi\u015fiklikl\u0259ri n\u0259z\u0259rd\u0259 tutan qanun layih\u0259sinin \u00fc\u00e7\u00fcnc\u00fc v\u0259 sonuncu oxunu\u015fu olub. Qanun layih\u0259si bar\u0259d\u0259 parlamentin \u0130qtisadi siyas\u0259t, s\u0259naye v\u0259 sahibkarl\u0131q komit\u0259sinin s\u0259dri Ziya S\u0259m\u0259dzad\u0259nin q\u0131sa m\u0259lumat\u0131 dinl\u0259nilib. Sonra qanun layih\u0259si s\u0259s\u0259 qoyularaq \u00fc\u00e7\u00fcnc\u00fc v\u0259 sonuncu oxunu\u015fda q\u0259bul edilib. Qanun layih\u0259si imzaland\u0131qdan sonra h\u00fcquqi q\u00fcvv\u0259y\u0259 min\u0259c\u0259k. Spiker Oqtay \u018fs\u0259dov bildirib ki, \u0259g\u0259r qanun layih\u0259l\u0259rini bir g\u00fcnd\u0259 m\u00fczakir\u0259 etm\u0259k&hellip;<\/p>\n","protected":false},"author":2,"featured_media":69603,"comment_status":"closed","ping_status":"closed","sticky":false,"template":"","format":"standard","meta":{"om_disable_all_campaigns":false,"_monsterinsights_skip_tracking":false,"_monsterinsights_sitenote_active":false,"_monsterinsights_sitenote_note":"","_monsterinsights_sitenote_category":0},"categories":[19],"tags":[],"aioseo_notices":[],"gutentor_comment":0,"rttpg_featured_image_url":{"full":["https:\/\/arantv.az\/wp-content\/uploads\/2019\/06\/oqtay.jpg",620,335,false],"landscape":["https:\/\/arantv.az\/wp-content\/uploads\/2019\/06\/oqtay.jpg",620,335,false],"portraits":["https:\/\/arantv.az\/wp-content\/uploads\/2019\/06\/oqtay.jpg",620,335,false],"thumbnail":["https:\/\/arantv.az\/wp-content\/uploads\/2019\/06\/oqtay-150x150.jpg",150,150,true],"medium":["https:\/\/arantv.az\/wp-content\/uploads\/2019\/06\/oqtay-300x162.jpg",300,162,true],"large":["https:\/\/arantv.az\/wp-content\/uploads\/2019\/06\/oqtay.jpg",620,335,false],"1536x1536":["https:\/\/arantv.az\/wp-content\/uploads\/2019\/06\/oqtay.jpg",620,335,false],"2048x2048":["https:\/\/arantv.az\/wp-content\/uploads\/2019\/06\/oqtay.jpg",620,335,false],"post-thumbnail":["https:\/\/arantv.az\/wp-content\/uploads\/2019\/06\/oqtay-240x172.jpg",240,172,true],"advps-thumb-one":["https:\/\/arantv.az\/wp-content\/uploads\/2019\/06\/oqtay.jpg",620,335,false]},"rttpg_author":{"display_name":"V\u00fcsal Rafiqo\u011flu","author_link":"https:\/\/arantv.az\/?author=2"},"rttpg_comment":0,"rttpg_category":"<a href=\"https:\/\/arantv.az\/?cat=19\" rel=\"category\">G\u00fcnd\u0259m<\/a>","rttpg_excerpt":"\u0130yunun 27-d\u0259 Milli M\u0259clisin n\u00f6vb\u0259d\u0259nk\u0259nar sessiyas\u0131 \u00e7\u0259r\u00e7iv\u0259sind\u0259 parlamentin n\u00f6vb\u0259ti iclas\u0131 ke\u00e7irilir. ARANTV.AZ-\u0131n x\u0259b\u0259rin\u0259 g\u00f6r\u0259, iki g\u00fcn davam ed\u0259c\u0259k plenar iclaslar\u0131n g\u00fcnd\u0259liyin\u0259 \u00fcmumilikd\u0259 49 m\u0259s\u0259l\u0259 daxil edilib. \u0130lk m\u0259s\u0259l\u0259 2018-ci il\u00a0d\u00f6vl\u0259t b\u00fcdc\u0259sinin icras\u0131 bar\u0259d\u0259 qanuna d\u0259yi\u015fiklikl\u0259ri n\u0259z\u0259rd\u0259 tutan qanun layih\u0259sinin \u00fc\u00e7\u00fcnc\u00fc v\u0259 sonuncu oxunu\u015fu olub. Qanun layih\u0259si bar\u0259d\u0259 parlamentin \u0130qtisadi siyas\u0259t, s\u0259naye v\u0259 sahibkarl\u0131q komit\u0259sinin s\u0259dri&hellip;","_links":{"self":[{"href":"https:\/\/arantv.az\/index.php?rest_route=\/wp\/v2\/posts\/69602"}],"collection":[{"href":"https:\/\/arantv.az\/index.php?rest_route=\/wp\/v2\/posts"}],"about":[{"href":"https:\/\/arantv.az\/index.php?rest_route=\/wp\/v2\/types\/post"}],"author":[{"embeddable":true,"href":"https:\/\/arantv.az\/index.php?rest_route=\/wp\/v2\/users\/2"}],"replies":[{"embeddable":true,"href":"https:\/\/arantv.az\/index.php?rest_route=%2Fwp%2Fv2%2Fcomments&post=69602"}],"version-history":[{"count":0,"href":"https:\/\/arantv.az\/index.php?rest_route=\/wp\/v2\/posts\/69602\/revisions"}],"wp:featuredmedia":[{"embeddable":true,"href":"https:\/\/arantv.az\/index.php?rest_route=\/wp\/v2\/media\/69603"}],"wp:attachment":[{"href":"https:\/\/arantv.az\/index.php?rest_route=%2Fwp%2Fv2%2Fmedia&parent=69602"}],"wp:term":[{"taxonomy":"category","embeddable":true,"href":"https:\/\/arantv.az\/index.php?rest_route=%2Fwp%2Fv2%2Fcategories&post=69602"},{"taxonomy":"post_tag","embeddable":true,"href":"https:\/\/arantv.az\/index.php?rest_route=%2Fwp%2Fv2%2Ftags&post=69602"}],"curies":[{"name":"wp","href":"https:\/\/api.w.org\/{rel}","templated":true}]}}