{"id":69622,"date":"2019-06-27T11:43:56","date_gmt":"2019-06-27T08:43:56","guid":{"rendered":"http:\/\/arantv.az\/?p=69622"},"modified":"2019-06-27T11:43:56","modified_gmt":"2019-06-27T08:43:56","slug":"f%c9%99zail-agamali-sabiq-deputatlarin-pensiyasi-artirilmalidir","status":"publish","type":"post","link":"https:\/\/arantv.az\/?p=69622","title":{"rendered":"F\u0259zail A\u011famal\u0131: &#8220;Sabiq deputatlar\u0131n pensiyas\u0131 art\u0131r\u0131lmal\u0131d\u0131r&#8221;"},"content":{"rendered":"<p>Mill\u0259t v\u0259kili bir ne\u00e7\u0259 partiyan\u0131n ad\u0131ndan h\u00f6kum\u0259t\u0259 v\u0259 parlament r\u0259hb\u0259rliyin\u0259 m\u00fcraci\u0259t etdi<\/p>\n<p>Milli M\u0259clisin (MM) iyunun 27-d\u0259 ke\u00e7iril\u0259n iclas\u0131nda 2019-cu ilin d\u00f6vl\u0259t b\u00fcdc\u0259si v\u0259 Sosial t\u0259minat\u0131 v\u0259 m\u00fcdafi\u0259ni h\u0259yata ke\u00e7ir\u0259n m\u00fcvafiq icra hakimiyy\u0259ti orqan\u0131n\u0131n 2019-cu il b\u00fcdc\u0259si haqq\u0131nda qanunlara d\u0259yi\u015fiklikl\u0259ri n\u0259z\u0259rd\u0259 tutan qanun layih\u0259l\u0259rinin birinci oxunu\u015flarda m\u00fczakir\u0259si ba\u015flay\u0131b.<\/p>\n<p><b>ARANTV.AZ<\/b>-\u0131n x\u0259b\u0259rin\u0259 g\u00f6r\u0259, biriinc\u00fc m\u0259s\u0259l\u0259 bar\u0259d\u0259 MM-in \u0130qtisadi siyas\u0259t, s\u0259naye v\u0259 sahibkarl\u0131q komit\u0259sinin s\u0259dri Ziyad S\u0259m\u0259dzad\u0259nin, ikinci m\u0259s\u0259l\u0259 bar\u0259d\u0259 \u018fm\u0259k v\u0259 sosial siyas\u0259t komit\u0259sinin s\u0259dri Hadi R\u0259c\u0259blinin m\u0259lumatlar\u0131 dinl\u0259nilib.<\/p>\n<p>Z.S\u0259m\u0259dzad\u0259 k\u00f6lg\u0259 iqtisadiyyat\u0131n\u0131n getdikc\u0259 aradan qald\u0131r\u0131ld\u0131\u011f\u0131n\u0131, bununla \u015f\u0259ffafl\u0131\u011f\u0131n t\u0259min olundu\u011funu v\u0259 b\u00fcdc\u0259y\u0259 daxil olan v\u0259saitl\u0259rin daha \u00e7oxluq t\u0259\u015fkil etdiyini deyib.<\/p>\n<p>H. R\u0259c\u0259bli is\u0259 qeyd edib ki, son d\u0259yi\u015fiklikl\u0259r birba\u015fa \u0259halinin sosial m\u00fcdafi\u0259sinin g\u00fccl\u0259ndirilm\u0259sini n\u0259z\u0259rd\u0259 tutur:<\/p>\n<p>&#8220;Son g\u00fcnl\u0259r at\u0131lan add\u0131mlar g\u00f6z \u00f6n\u00fcnd\u0259dir. Bunlar inqilabi add\u0131mlard\u0131r. Ham\u0131s\u0131 birba\u015fa \u0259halinin sosial v\u0259ziyy\u0259tinin yax\u015fl\u0131\u015fd\u0131r\u0131lmas\u0131na y\u00f6n\u0259lib&#8221;.<\/p>\n<p>M\u00fczakir\u0259l\u0259r zaman\u0131 mill\u0259t v\u0259kili Tahir K\u0259rimli bir ne\u00e7\u0259 partiyan\u0131n ad\u0131ndan h\u00f6kum\u0259t\u0259 v\u0259 parlament r\u0259hb\u0259rliyin\u0259 m\u00fcraci\u0259t edib.<\/p>\n<p>Qeyd edib ki, qar\u015f\u0131dan n\u00f6vb\u0259ti b\u0259l\u0259diyy\u0259 se\u00e7kil\u0259ri g\u0259lir, ona g\u00f6r\u0259 partiyalar\u0131n g\u00fccl\u0259ndirilm\u0259si, onlara ayr\u0131lan d\u00f6vl\u0259t v\u0259saitinin art\u0131r\u0131lmas\u0131 laz\u0131md\u0131r.<\/p>\n<p>Mill\u0259t v\u0259kili h\u0259m\u00e7inin, \u00f6lk\u0259d\u0259 proporsional se\u00e7ki sistemin\u0259 qay\u0131d\u0131\u015f m\u0259s\u0259l\u0259sinin g\u00fcnd\u0259m\u0259 g\u0259tirilm\u0259sinin vacibliyini s\u00f6yl\u0259yib.<\/p>\n<p>Mill\u0259t v\u0259kili F\u0259zail A\u011famal\u0131 t\u0259qa\u00fcd-pensiya ya\u015f\u0131nda olan ke\u00e7mi\u015f deputat h\u0259mkarlar\u0131n\u0131n ona m\u0259ktubla m\u00fcraci\u0259t etdikl\u0259rini bildirib:<\/p>\n<p>&#8220;Onlar m\u0259n\u0259 m\u0259ktubla m\u00fcraci\u0259t ed\u0259r\u0259k, t\u0259qa\u00fcdl\u0259rinin, pensiyalar\u0131n\u0131n art\u0131r\u0131lmas\u0131n\u0131, son art\u0131mlar\u0131n onlara da \u015famil olunmas\u0131n\u0131 ist\u0259yirl\u0259r. Hesab edir\u0259m ki, onlar\u0131n m\u00fcraci\u0259tl\u0259rin\u0259 baxmaq laz\u0131md\u0131r&#8221;.Sonxeber.az<\/p>\n","protected":false},"excerpt":{"rendered":"<p>Mill\u0259t v\u0259kili bir ne\u00e7\u0259 partiyan\u0131n ad\u0131ndan h\u00f6kum\u0259t\u0259 v\u0259 parlament r\u0259hb\u0259rliyin\u0259 m\u00fcraci\u0259t etdi Milli M\u0259clisin (MM) iyunun 27-d\u0259 ke\u00e7iril\u0259n iclas\u0131nda 2019-cu ilin d\u00f6vl\u0259t b\u00fcdc\u0259si v\u0259 Sosial t\u0259minat\u0131 v\u0259 m\u00fcdafi\u0259ni h\u0259yata ke\u00e7ir\u0259n m\u00fcvafiq icra hakimiyy\u0259ti orqan\u0131n\u0131n 2019-cu il b\u00fcdc\u0259si haqq\u0131nda qanunlara d\u0259yi\u015fiklikl\u0259ri n\u0259z\u0259rd\u0259 tutan qanun layih\u0259l\u0259rinin birinci oxunu\u015flarda m\u00fczakir\u0259si ba\u015flay\u0131b. ARANTV.AZ-\u0131n x\u0259b\u0259rin\u0259 g\u00f6r\u0259, biriinc\u00fc m\u0259s\u0259l\u0259 bar\u0259d\u0259 MM-in \u0130qtisadi siyas\u0259t, s\u0259naye v\u0259 sahibkarl\u0131q komit\u0259sinin s\u0259dri Ziyad S\u0259m\u0259dzad\u0259nin, ikinci m\u0259s\u0259l\u0259 bar\u0259d\u0259 \u018fm\u0259k v\u0259 sosial siyas\u0259t komit\u0259sinin s\u0259dri Hadi R\u0259c\u0259blinin m\u0259lumatlar\u0131 dinl\u0259nilib. Z.S\u0259m\u0259dzad\u0259 k\u00f6lg\u0259 iqtisadiyyat\u0131n\u0131n getdikc\u0259 aradan qald\u0131r\u0131ld\u0131\u011f\u0131n\u0131, bununla \u015f\u0259ffafl\u0131\u011f\u0131n t\u0259min olundu\u011funu v\u0259 b\u00fcdc\u0259y\u0259 daxil&hellip;<\/p>\n","protected":false},"author":2,"featured_media":69623,"comment_status":"closed","ping_status":"closed","sticky":false,"template":"","format":"standard","meta":{"om_disable_all_campaigns":false,"_monsterinsights_skip_tracking":false,"_monsterinsights_sitenote_active":false,"_monsterinsights_sitenote_note":"","_monsterinsights_sitenote_category":0},"categories":[1],"tags":[],"aioseo_notices":[],"gutentor_comment":0,"rttpg_featured_image_url":{"full":["https:\/\/arantv.az\/wp-content\/uploads\/2019\/06\/1561624258aksener.jpg",549,297,false],"landscape":["https:\/\/arantv.az\/wp-content\/uploads\/2019\/06\/1561624258aksener.jpg",549,297,false],"portraits":["https:\/\/arantv.az\/wp-content\/uploads\/2019\/06\/1561624258aksener.jpg",549,297,false],"thumbnail":["https:\/\/arantv.az\/wp-content\/uploads\/2019\/06\/1561624258aksener-150x150.jpg",150,150,true],"medium":["https:\/\/arantv.az\/wp-content\/uploads\/2019\/06\/1561624258aksener-300x162.jpg",300,162,true],"large":["https:\/\/arantv.az\/wp-content\/uploads\/2019\/06\/1561624258aksener.jpg",549,297,false],"1536x1536":["https:\/\/arantv.az\/wp-content\/uploads\/2019\/06\/1561624258aksener.jpg",549,297,false],"2048x2048":["https:\/\/arantv.az\/wp-content\/uploads\/2019\/06\/1561624258aksener.jpg",549,297,false],"post-thumbnail":["https:\/\/arantv.az\/wp-content\/uploads\/2019\/06\/1561624258aksener-240x172.jpg",240,172,true],"advps-thumb-one":["https:\/\/arantv.az\/wp-content\/uploads\/2019\/06\/1561624258aksener.jpg",549,297,false]},"rttpg_author":{"display_name":"V\u00fcsal Rafiqo\u011flu","author_link":"https:\/\/arantv.az\/?author=2"},"rttpg_comment":0,"rttpg_category":"<a href=\"https:\/\/arantv.az\/?cat=1\" rel=\"category\">C\u0259miyy\u0259t<\/a>","rttpg_excerpt":"Mill\u0259t v\u0259kili bir ne\u00e7\u0259 partiyan\u0131n ad\u0131ndan h\u00f6kum\u0259t\u0259 v\u0259 parlament r\u0259hb\u0259rliyin\u0259 m\u00fcraci\u0259t etdi Milli M\u0259clisin (MM) iyunun 27-d\u0259 ke\u00e7iril\u0259n iclas\u0131nda 2019-cu ilin d\u00f6vl\u0259t b\u00fcdc\u0259si v\u0259 Sosial t\u0259minat\u0131 v\u0259 m\u00fcdafi\u0259ni h\u0259yata ke\u00e7ir\u0259n m\u00fcvafiq icra hakimiyy\u0259ti orqan\u0131n\u0131n 2019-cu il b\u00fcdc\u0259si haqq\u0131nda qanunlara d\u0259yi\u015fiklikl\u0259ri n\u0259z\u0259rd\u0259 tutan qanun layih\u0259l\u0259rinin birinci oxunu\u015flarda m\u00fczakir\u0259si ba\u015flay\u0131b. ARANTV.AZ-\u0131n x\u0259b\u0259rin\u0259 g\u00f6r\u0259, biriinc\u00fc m\u0259s\u0259l\u0259 bar\u0259d\u0259 MM-in&hellip;","_links":{"self":[{"href":"https:\/\/arantv.az\/index.php?rest_route=\/wp\/v2\/posts\/69622"}],"collection":[{"href":"https:\/\/arantv.az\/index.php?rest_route=\/wp\/v2\/posts"}],"about":[{"href":"https:\/\/arantv.az\/index.php?rest_route=\/wp\/v2\/types\/post"}],"author":[{"embeddable":true,"href":"https:\/\/arantv.az\/index.php?rest_route=\/wp\/v2\/users\/2"}],"replies":[{"embeddable":true,"href":"https:\/\/arantv.az\/index.php?rest_route=%2Fwp%2Fv2%2Fcomments&post=69622"}],"version-history":[{"count":0,"href":"https:\/\/arantv.az\/index.php?rest_route=\/wp\/v2\/posts\/69622\/revisions"}],"wp:featuredmedia":[{"embeddable":true,"href":"https:\/\/arantv.az\/index.php?rest_route=\/wp\/v2\/media\/69623"}],"wp:attachment":[{"href":"https:\/\/arantv.az\/index.php?rest_route=%2Fwp%2Fv2%2Fmedia&parent=69622"}],"wp:term":[{"taxonomy":"category","embeddable":true,"href":"https:\/\/arantv.az\/index.php?rest_route=%2Fwp%2Fv2%2Fcategories&post=69622"},{"taxonomy":"post_tag","embeddable":true,"href":"https:\/\/arantv.az\/index.php?rest_route=%2Fwp%2Fv2%2Ftags&post=69622"}],"curies":[{"name":"wp","href":"https:\/\/api.w.org\/{rel}","templated":true}]}}