{"id":69625,"date":"2019-06-27T11:44:43","date_gmt":"2019-06-27T08:44:43","guid":{"rendered":"http:\/\/arantv.az\/?p=69625"},"modified":"2019-06-27T11:44:43","modified_gmt":"2019-06-27T08:44:43","slug":"deputat-maliyy%c9%99-amnistiyasi-elan-olunmasini-t%c9%99klif-edib","status":"publish","type":"post","link":"https:\/\/arantv.az\/?p=69625","title":{"rendered":"Deputat maliyy\u0259 amnistiyas\u0131 elan olunmas\u0131n\u0131 t\u0259klif edib"},"content":{"rendered":"<p>&#8220;Biz maliyy\u0259 amnistiyas\u0131 elan etm\u0259liyik&#8221;.<\/p>\n<p><b>ARANTV.AZ<\/b>\u00a0x\u0259b\u0259r verir ki, bunu bu g\u00fcn mill\u0259t v\u0259kili Tahir K\u0259rimli Milli M\u0259clisin n\u00f6vb\u0259d\u0259nk\u0259nar sessiyas\u0131n\u0131n iclas\u0131nda bildirib.<\/p>\n<p>&#8220;Maliyy\u0259 amnistiyas\u0131 elan ed\u0259k, b\u0259zi insanlar \u00f6lk\u0259d\u0259n \u00e7\u0131xard\u0131qlar\u0131 v\u0259saitl\u0259ri g\u0259tirib Az\u0259rbaycana s\u0259rmay\u0259 qoysunlar&#8221;, &#8211; dey\u0259 o qeyd edib.<\/p>\n<p>T. K\u0259rimli bildirib ki, qar\u015f\u0131dan b\u0259l\u0259diyy\u0259 se\u00e7kil\u0259ri g\u0259lir: &#8220;Xahi\u015f edir\u0259m ki, b\u00fcdc\u0259d\u0259ki art\u0131m\u0131n yar\u0131mca faizi partiyalara ayr\u0131ls\u0131n. Bu, t\u0259k m\u0259nim deyil, bir ne\u00e7\u0259 partiyan\u0131n t\u0259klifidir&#8221;.Sonxeber.az<\/p>\n","protected":false},"excerpt":{"rendered":"<p>&#8220;Biz maliyy\u0259 amnistiyas\u0131 elan etm\u0259liyik&#8221;. ARANTV.AZ\u00a0x\u0259b\u0259r verir ki, bunu bu g\u00fcn mill\u0259t v\u0259kili Tahir K\u0259rimli Milli M\u0259clisin n\u00f6vb\u0259d\u0259nk\u0259nar sessiyas\u0131n\u0131n iclas\u0131nda bildirib. &#8220;Maliyy\u0259 amnistiyas\u0131 elan ed\u0259k, b\u0259zi insanlar \u00f6lk\u0259d\u0259n \u00e7\u0131xard\u0131qlar\u0131 v\u0259saitl\u0259ri g\u0259tirib Az\u0259rbaycana s\u0259rmay\u0259 qoysunlar&#8221;, &#8211; dey\u0259 o qeyd edib. T. K\u0259rimli bildirib ki, qar\u015f\u0131dan b\u0259l\u0259diyy\u0259 se\u00e7kil\u0259ri g\u0259lir: &#8220;Xahi\u015f edir\u0259m ki, b\u00fcdc\u0259d\u0259ki art\u0131m\u0131n yar\u0131mca faizi partiyalara ayr\u0131ls\u0131n. Bu, t\u0259k m\u0259nim deyil, bir ne\u00e7\u0259 partiyan\u0131n t\u0259klifidir&#8221;.Sonxeber.az<\/p>\n","protected":false},"author":2,"featured_media":69626,"comment_status":"closed","ping_status":"closed","sticky":false,"template":"","format":"standard","meta":{"om_disable_all_campaigns":false,"_monsterinsights_skip_tracking":false,"_monsterinsights_sitenote_active":false,"_monsterinsights_sitenote_note":"","_monsterinsights_sitenote_category":0},"categories":[1],"tags":[],"aioseo_notices":[],"gutentor_comment":0,"rttpg_featured_image_url":{"full":["https:\/\/arantv.az\/wp-content\/uploads\/2019\/06\/1561623863415d146899c8d14.jpg",450,300,false],"landscape":["https:\/\/arantv.az\/wp-content\/uploads\/2019\/06\/1561623863415d146899c8d14.jpg",450,300,false],"portraits":["https:\/\/arantv.az\/wp-content\/uploads\/2019\/06\/1561623863415d146899c8d14.jpg",450,300,false],"thumbnail":["https:\/\/arantv.az\/wp-content\/uploads\/2019\/06\/1561623863415d146899c8d14-150x150.jpg",150,150,true],"medium":["https:\/\/arantv.az\/wp-content\/uploads\/2019\/06\/1561623863415d146899c8d14-300x200.jpg",300,200,true],"large":["https:\/\/arantv.az\/wp-content\/uploads\/2019\/06\/1561623863415d146899c8d14.jpg",450,300,false],"1536x1536":["https:\/\/arantv.az\/wp-content\/uploads\/2019\/06\/1561623863415d146899c8d14.jpg",450,300,false],"2048x2048":["https:\/\/arantv.az\/wp-content\/uploads\/2019\/06\/1561623863415d146899c8d14.jpg",450,300,false],"post-thumbnail":["https:\/\/arantv.az\/wp-content\/uploads\/2019\/06\/1561623863415d146899c8d14-240x172.jpg",240,172,true],"advps-thumb-one":["https:\/\/arantv.az\/wp-content\/uploads\/2019\/06\/1561623863415d146899c8d14.jpg",450,300,false]},"rttpg_author":{"display_name":"V\u00fcsal Rafiqo\u011flu","author_link":"https:\/\/arantv.az\/?author=2"},"rttpg_comment":0,"rttpg_category":"<a href=\"https:\/\/arantv.az\/?cat=1\" rel=\"category\">C\u0259miyy\u0259t<\/a>","rttpg_excerpt":"&#8220;Biz maliyy\u0259 amnistiyas\u0131 elan etm\u0259liyik&#8221;. ARANTV.AZ\u00a0x\u0259b\u0259r verir ki, bunu bu g\u00fcn mill\u0259t v\u0259kili Tahir K\u0259rimli Milli M\u0259clisin n\u00f6vb\u0259d\u0259nk\u0259nar sessiyas\u0131n\u0131n iclas\u0131nda bildirib. &#8220;Maliyy\u0259 amnistiyas\u0131 elan ed\u0259k, b\u0259zi insanlar \u00f6lk\u0259d\u0259n \u00e7\u0131xard\u0131qlar\u0131 v\u0259saitl\u0259ri g\u0259tirib Az\u0259rbaycana s\u0259rmay\u0259 qoysunlar&#8221;, &#8211; dey\u0259 o qeyd edib. T. K\u0259rimli bildirib ki, qar\u015f\u0131dan b\u0259l\u0259diyy\u0259 se\u00e7kil\u0259ri g\u0259lir: &#8220;Xahi\u015f edir\u0259m ki, b\u00fcdc\u0259d\u0259ki art\u0131m\u0131n yar\u0131mca faizi partiyalara&hellip;","_links":{"self":[{"href":"https:\/\/arantv.az\/index.php?rest_route=\/wp\/v2\/posts\/69625"}],"collection":[{"href":"https:\/\/arantv.az\/index.php?rest_route=\/wp\/v2\/posts"}],"about":[{"href":"https:\/\/arantv.az\/index.php?rest_route=\/wp\/v2\/types\/post"}],"author":[{"embeddable":true,"href":"https:\/\/arantv.az\/index.php?rest_route=\/wp\/v2\/users\/2"}],"replies":[{"embeddable":true,"href":"https:\/\/arantv.az\/index.php?rest_route=%2Fwp%2Fv2%2Fcomments&post=69625"}],"version-history":[{"count":0,"href":"https:\/\/arantv.az\/index.php?rest_route=\/wp\/v2\/posts\/69625\/revisions"}],"wp:featuredmedia":[{"embeddable":true,"href":"https:\/\/arantv.az\/index.php?rest_route=\/wp\/v2\/media\/69626"}],"wp:attachment":[{"href":"https:\/\/arantv.az\/index.php?rest_route=%2Fwp%2Fv2%2Fmedia&parent=69625"}],"wp:term":[{"taxonomy":"category","embeddable":true,"href":"https:\/\/arantv.az\/index.php?rest_route=%2Fwp%2Fv2%2Fcategories&post=69625"},{"taxonomy":"post_tag","embeddable":true,"href":"https:\/\/arantv.az\/index.php?rest_route=%2Fwp%2Fv2%2Ftags&post=69625"}],"curies":[{"name":"wp","href":"https:\/\/api.w.org\/{rel}","templated":true}]}}