{"id":69631,"date":"2019-06-27T11:52:13","date_gmt":"2019-06-27T08:52:13","guid":{"rendered":"http:\/\/arantv.az\/?p=69631"},"modified":"2019-06-27T11:52:13","modified_gmt":"2019-06-27T08:52:13","slug":"polis-akademiyasinda-veteranlarla-gorus-kecirilib","status":"publish","type":"post","link":"https:\/\/arantv.az\/?p=69631","title":{"rendered":"Polis Akademiyas\u0131nda veteranlarla g\u00f6r\u00fc\u015f ke\u00e7irilib"},"content":{"rendered":"<p><strong>D\u0130N-in Polis Akademiyas\u0131nda\u00a0<a class=\"kw-link\" title=\"Az\u0259rbaycan x\u0259b\u0259rl\u0259ri\" href=\"https:\/\/metbuat.az\/news\/search?q=az%C9%99rbaycan\" target=\"_blank\" rel=\"noopener\">Az\u0259rbaycan<\/a>\u00a0Polisinin yaranmas\u0131n\u0131n 101-ci ild\u00f6n\u00fcm\u00fc \u0259r\u0259f\u0259sind\u0259 veteranlarla ke\u00e7iril\u0259n g\u00f6r\u00fc\u015f h\u0259l\u0259 bundan sonra uzun ill\u0259r kursantlar\u0131n yadda\u015f\u0131nda qalacaq.<\/strong><\/p>\n<p><strong>ARANTV.AZ<\/strong> bildirir ki, g\u0259ncl\u0259rl\u0259 g\u00f6r\u00fc\u015f\u0259 g\u0259nclik h\u0259v\u0259si, g\u0259nclik enerjisi il\u0259 g\u0259l\u0259n veteranlar \u0259vv\u0259lc\u0259 Akademiyada yarad\u0131lm\u0131\u015f \u015f\u0259raitl\u0259 tan\u0131\u015f oldular.<\/p>\n<p>G\u00f6r\u00fc\u015f\u0259 ba\u015flamazdan \u0259vv\u0259l \u00fcmummilli lider\u00a0<a class=\"kw-link\" title=\"Heyd\u0259r \u018fliyev x\u0259b\u0259rl\u0259ri\" href=\"https:\/\/metbuat.az\/news\/search?q=heyd%C9%99r+%C6%8Fliyev\" target=\"_blank\" rel=\"noopener\">Heyd\u0259r \u018fliyev<\/a>in, \u00f6lk\u0259mizin \u0259razi b\u00fct\u00f6vl\u00fcy\u00fc u\u011frunda \u015f\u0259hid olanlar\u0131n, h\u0259m\u00e7inin xidm\u0259ti tap\u015f\u0131r\u0131qlar\u0131 yerin\u0259 yetir\u0259rk\u0259n h\u0259lak olan h\u0259mkarlar\u0131m\u0131z\u0131n \u0259ziz xatir\u0259si bir d\u0259qiq\u0259ik s\u00fckutla yad olundu, d\u00f6vl\u0259t himni s\u0259sl\u0259ndi.<\/p>\n<p>T\u0259dbiri giri\u015f s\u00f6z\u00fc il\u0259 Akademiyan\u0131n r\u0259isi, polis general-mayoru\u00a0<a class=\"kw-link\" title=\"Nazim \u018fliyev x\u0259b\u0259rl\u0259ri\" href=\"https:\/\/metbuat.az\/news\/search?q=nazim+%C6%8Fliyev\" target=\"_blank\" rel=\"noopener\">Nazim \u018fliyev<\/a>\u00a0a\u00e7d\u0131.<\/p>\n<p>D\u0130N Veteranlar \u015euras\u0131n\u0131n s\u0259dri F\u0259rhad S\u00fcleymanov \u00e7\u0131x\u0131\u015f\u0131nda polisin ke\u00e7diyi tarixi inki\u015faf yoluna n\u0259z\u0259r sald\u0131, bug\u00fcnk\u00fc polisin c\u00fcmhuriyy\u0259t yadigar\u0131 oldu\u011funu,Az\u0259rbaycanda h\u0259yata ke\u00e7iril\u0259n g\u0259ncl\u0259r siyas\u0259tinin, g\u0259ncl\u0259r\u0259 g\u00f6st\u0259ril\u0259n diqq\u0259t v\u0259 qay\u011f\u0131n\u0131n \u0259sas\u0131nda \u00f6lk\u0259y\u0259 layiqli v\u0259t\u0259nda\u015f v\u0259 sa\u011flam n\u0259slin yeti\u015fdirilm\u0259sinin dayand\u0131\u011f\u0131n\u0131 bildirdi.<\/p>\n<p>Polis veteranlar\u0131 Adil H\u0259s\u0259nov, Ramiz Axundov, \u018fl\u0259sg\u0259r B\u0259d\u0259lov, Kamal \u0130mamverdiyev v\u0259 Habil Al\u0131\u015fanov m\u00fcst\u0259qilliyimizin ilk ill\u0259rind\u0259 erm\u0259ni t\u0259cav\u00fcz\u00fcn\u0259 qar\u015f\u0131 d\u00f6y\u00fc\u015f\u0259nl\u0259rin, V\u0259t\u0259nin s\u0259sin\u0259 s\u0259s ver\u0259nl\u0259rin i\u00e7ind\u0259 y\u00fczl\u0259rl\u0259 polisimizin \u015f\u0259hidlik zirv\u0259sin\u0259 ucald\u0131\u011f\u0131n\u0131, \u0259lil v\u0259 \u015fik\u0259st oldu\u011funu xat\u0131rladaraq bu g\u00fcn d\u0259 polisin daha m\u0259suliyy\u0259tl\u0259, inamla d\u00f6vl\u0259t\u0259, xalqa xidm\u0259tind\u0259n dan\u0131\u015fd\u0131lar.<\/p>\n<p><img loading=\"lazy\" src=\"https:\/\/metbuat.az\/uploads\/316\/9669d6828f-img5289.jpg\" width=\"404\" height=\"268\" \/><\/p>\n<p><img loading=\"lazy\" src=\"https:\/\/metbuat.az\/uploads\/316\/3032d65441-img5319.jpg\" width=\"402\" height=\"267\" \/><\/p>\n<p>Metbuat.az<\/p>\n","protected":false},"excerpt":{"rendered":"<p>D\u0130N-in Polis Akademiyas\u0131nda\u00a0Az\u0259rbaycan\u00a0Polisinin yaranmas\u0131n\u0131n 101-ci ild\u00f6n\u00fcm\u00fc \u0259r\u0259f\u0259sind\u0259 veteranlarla ke\u00e7iril\u0259n g\u00f6r\u00fc\u015f h\u0259l\u0259 bundan sonra uzun ill\u0259r kursantlar\u0131n yadda\u015f\u0131nda qalacaq. ARANTV.AZ bildirir ki, g\u0259ncl\u0259rl\u0259 g\u00f6r\u00fc\u015f\u0259 g\u0259nclik h\u0259v\u0259si, g\u0259nclik enerjisi il\u0259 g\u0259l\u0259n veteranlar \u0259vv\u0259lc\u0259 Akademiyada yarad\u0131lm\u0131\u015f \u015f\u0259raitl\u0259 tan\u0131\u015f oldular. G\u00f6r\u00fc\u015f\u0259 ba\u015flamazdan \u0259vv\u0259l \u00fcmummilli lider\u00a0Heyd\u0259r \u018fliyevin, \u00f6lk\u0259mizin \u0259razi b\u00fct\u00f6vl\u00fcy\u00fc u\u011frunda \u015f\u0259hid olanlar\u0131n, h\u0259m\u00e7inin xidm\u0259ti tap\u015f\u0131r\u0131qlar\u0131 yerin\u0259 yetir\u0259rk\u0259n h\u0259lak olan h\u0259mkarlar\u0131m\u0131z\u0131n \u0259ziz xatir\u0259si bir d\u0259qiq\u0259ik s\u00fckutla yad olundu, d\u00f6vl\u0259t himni s\u0259sl\u0259ndi. T\u0259dbiri giri\u015f s\u00f6z\u00fc il\u0259 Akademiyan\u0131n r\u0259isi, polis general-mayoru\u00a0Nazim \u018fliyev\u00a0a\u00e7d\u0131. D\u0130N Veteranlar \u015euras\u0131n\u0131n s\u0259dri F\u0259rhad S\u00fcleymanov \u00e7\u0131x\u0131\u015f\u0131nda polisin ke\u00e7diyi tarixi inki\u015faf yoluna n\u0259z\u0259r sald\u0131, bug\u00fcnk\u00fc&hellip;<\/p>\n","protected":false},"author":2,"featured_media":69632,"comment_status":"closed","ping_status":"closed","sticky":false,"template":"","format":"standard","meta":{"om_disable_all_campaigns":false,"_monsterinsights_skip_tracking":false,"_monsterinsights_sitenote_active":false,"_monsterinsights_sitenote_note":"","_monsterinsights_sitenote_category":0},"categories":[1],"tags":[],"aioseo_notices":[],"gutentor_comment":0,"rttpg_featured_image_url":{"full":["https:\/\/arantv.az\/wp-content\/uploads\/2019\/06\/1214821.jpg",734,489,false],"landscape":["https:\/\/arantv.az\/wp-content\/uploads\/2019\/06\/1214821.jpg",734,489,false],"portraits":["https:\/\/arantv.az\/wp-content\/uploads\/2019\/06\/1214821.jpg",734,489,false],"thumbnail":["https:\/\/arantv.az\/wp-content\/uploads\/2019\/06\/1214821-150x150.jpg",150,150,true],"medium":["https:\/\/arantv.az\/wp-content\/uploads\/2019\/06\/1214821-300x200.jpg",300,200,true],"large":["https:\/\/arantv.az\/wp-content\/uploads\/2019\/06\/1214821.jpg",640,426,false],"1536x1536":["https:\/\/arantv.az\/wp-content\/uploads\/2019\/06\/1214821.jpg",734,489,false],"2048x2048":["https:\/\/arantv.az\/wp-content\/uploads\/2019\/06\/1214821.jpg",734,489,false],"post-thumbnail":["https:\/\/arantv.az\/wp-content\/uploads\/2019\/06\/1214821-240x172.jpg",240,172,true],"advps-thumb-one":["https:\/\/arantv.az\/wp-content\/uploads\/2019\/06\/1214821.jpg",734,489,false]},"rttpg_author":{"display_name":"V\u00fcsal Rafiqo\u011flu","author_link":"https:\/\/arantv.az\/?author=2"},"rttpg_comment":0,"rttpg_category":"<a href=\"https:\/\/arantv.az\/?cat=1\" rel=\"category\">C\u0259miyy\u0259t<\/a>","rttpg_excerpt":"D\u0130N-in Polis Akademiyas\u0131nda\u00a0Az\u0259rbaycan\u00a0Polisinin yaranmas\u0131n\u0131n 101-ci ild\u00f6n\u00fcm\u00fc \u0259r\u0259f\u0259sind\u0259 veteranlarla ke\u00e7iril\u0259n g\u00f6r\u00fc\u015f h\u0259l\u0259 bundan sonra uzun ill\u0259r kursantlar\u0131n yadda\u015f\u0131nda qalacaq. ARANTV.AZ bildirir ki, g\u0259ncl\u0259rl\u0259 g\u00f6r\u00fc\u015f\u0259 g\u0259nclik h\u0259v\u0259si, g\u0259nclik enerjisi il\u0259 g\u0259l\u0259n veteranlar \u0259vv\u0259lc\u0259 Akademiyada yarad\u0131lm\u0131\u015f \u015f\u0259raitl\u0259 tan\u0131\u015f oldular. G\u00f6r\u00fc\u015f\u0259 ba\u015flamazdan \u0259vv\u0259l \u00fcmummilli lider\u00a0Heyd\u0259r \u018fliyevin, \u00f6lk\u0259mizin \u0259razi b\u00fct\u00f6vl\u00fcy\u00fc u\u011frunda \u015f\u0259hid olanlar\u0131n, h\u0259m\u00e7inin xidm\u0259ti tap\u015f\u0131r\u0131qlar\u0131 yerin\u0259 yetir\u0259rk\u0259n h\u0259lak olan&hellip;","_links":{"self":[{"href":"https:\/\/arantv.az\/index.php?rest_route=\/wp\/v2\/posts\/69631"}],"collection":[{"href":"https:\/\/arantv.az\/index.php?rest_route=\/wp\/v2\/posts"}],"about":[{"href":"https:\/\/arantv.az\/index.php?rest_route=\/wp\/v2\/types\/post"}],"author":[{"embeddable":true,"href":"https:\/\/arantv.az\/index.php?rest_route=\/wp\/v2\/users\/2"}],"replies":[{"embeddable":true,"href":"https:\/\/arantv.az\/index.php?rest_route=%2Fwp%2Fv2%2Fcomments&post=69631"}],"version-history":[{"count":0,"href":"https:\/\/arantv.az\/index.php?rest_route=\/wp\/v2\/posts\/69631\/revisions"}],"wp:featuredmedia":[{"embeddable":true,"href":"https:\/\/arantv.az\/index.php?rest_route=\/wp\/v2\/media\/69632"}],"wp:attachment":[{"href":"https:\/\/arantv.az\/index.php?rest_route=%2Fwp%2Fv2%2Fmedia&parent=69631"}],"wp:term":[{"taxonomy":"category","embeddable":true,"href":"https:\/\/arantv.az\/index.php?rest_route=%2Fwp%2Fv2%2Fcategories&post=69631"},{"taxonomy":"post_tag","embeddable":true,"href":"https:\/\/arantv.az\/index.php?rest_route=%2Fwp%2Fv2%2Ftags&post=69631"}],"curies":[{"name":"wp","href":"https:\/\/api.w.org\/{rel}","templated":true}]}}