{"id":696386,"date":"2024-03-01T10:07:51","date_gmt":"2024-03-01T06:07:51","guid":{"rendered":"https:\/\/arantv.az\/?p=696386"},"modified":"2024-03-01T10:07:51","modified_gmt":"2024-03-01T06:07:51","slug":"albaniyanin-bas-naziri-az%c9%99rbaycana-isguzar-s%c9%99f%c9%99r%c9%99-g%c9%99lib-foto","status":"publish","type":"post","link":"https:\/\/arantv.az\/?p=696386","title":{"rendered":"Albaniyan\u0131n ba\u015f naziri Az\u0259rbaycana i\u015fg\u00fczar s\u0259f\u0259r\u0259 g\u0259lib &#8211; FOTO"},"content":{"rendered":"<p>Albaniya Respublikas\u0131n\u0131n Ba\u015f naziri Edi Rama mart\u0131n 1-d\u0259 Az\u0259rbaycan Respublikas\u0131na i\u015fg\u00fczar s\u0259f\u0259r\u0259 g\u0259lib.<\/p>\n<p>AZ\u018fRTAC x\u0259b\u0259r verir ki, h\u0259r iki \u00f6lk\u0259nin d\u00f6vl\u0259t bayraqlar\u0131n\u0131n dal\u011faland\u0131\u011f\u0131 Heyd\u0259r \u018fliyev Beyn\u0259lxalq Aeroportunda Albaniyan\u0131n Ba\u015f nazirinin \u015f\u0259r\u0259fin\u0259 f\u0259xri qarovul d\u0259st\u0259si d\u00fcz\u00fcl\u00fcb.<\/p>\n<p>Ba\u015f nazir Edi Raman\u0131 hava liman\u0131nda Az\u0259rbaycan\u0131n energetika naziri P\u0259rviz \u015eahbazov, xarici i\u015fl\u0259r nazirinin m\u00fcavini Fariz Rzayev v\u0259 dig\u0259r r\u0259smi \u015f\u0259xsl\u0259r qar\u015f\u0131lay\u0131blar.<\/p>\n<p>&nbsp;<\/p>\n<div class=\"gallery\">\n<div class=\"gallery-i\"><img src=\"https:\/\/cdn.oxu.az\/uploads\/W1siZiIsIjIwMjQvMDMvMDEvMDYvMzQvMjkvNjk3ZmU4NGEtMTI2Mi00YmNmLWIzZDgtMDNmMzA0YzhhOGRmLzE3MDkyNTE0NDkyMTUxMzYxOTZfMTIwMHg2MzAuanBnIl0sWyJwIiwiZW5jb2RlIiwianBnIiwiLXF1YWxpdHkgODAiXSxbInAiLCJ0aHVtYiIsIjU5MHg1OTBcdTAwM2UiXV0?sha=5c466a520b080312\" alt=\"\" \/><\/p>\n<div class=\"gallery-i-caption\"><\/div>\n<\/div>\n<div class=\"gallery-i\"><img src=\"https:\/\/cdn.oxu.az\/uploads\/W1siZiIsIjIwMjQvMDMvMDEvMDYvMzQvMzYvMTJmZjVkYWQtNDcxMC00MTFjLTkxMzMtODc5ZTAxZTIzZjBhLzE3MDkyNTE0NDk2Mzk2NjIwNDY3XzEyMDB4NjMwLmpwZyJdLFsicCIsImVuY29kZSIsImpwZyIsIi1xdWFsaXR5IDgwIl0sWyJwIiwidGh1bWIiLCI1OTB4NTkwXHUwMDNlIl1d?sha=019976946444c891\" alt=\"\" \/><\/div>\n<\/div>\n","protected":false},"excerpt":{"rendered":"<p>Albaniya Respublikas\u0131n\u0131n Ba\u015f naziri Edi Rama mart\u0131n 1-d\u0259 Az\u0259rbaycan Respublikas\u0131na i\u015fg\u00fczar s\u0259f\u0259r\u0259 g\u0259lib. AZ\u018fRTAC x\u0259b\u0259r verir ki, h\u0259r iki \u00f6lk\u0259nin d\u00f6vl\u0259t bayraqlar\u0131n\u0131n dal\u011faland\u0131\u011f\u0131 Heyd\u0259r \u018fliyev Beyn\u0259lxalq Aeroportunda Albaniyan\u0131n Ba\u015f nazirinin \u015f\u0259r\u0259fin\u0259 f\u0259xri qarovul d\u0259st\u0259si d\u00fcz\u00fcl\u00fcb. Ba\u015f nazir Edi Raman\u0131 hava liman\u0131nda Az\u0259rbaycan\u0131n energetika naziri P\u0259rviz \u015eahbazov, xarici i\u015fl\u0259r nazirinin m\u00fcavini Fariz Rzayev v\u0259 dig\u0259r r\u0259smi \u015f\u0259xsl\u0259r qar\u015f\u0131lay\u0131blar. &nbsp;<\/p>\n","protected":false},"author":2,"featured_media":696387,"comment_status":"closed","ping_status":"closed","sticky":false,"template":"","format":"standard","meta":{"om_disable_all_campaigns":false,"_monsterinsights_skip_tracking":false,"_monsterinsights_sitenote_active":false,"_monsterinsights_sitenote_note":"","_monsterinsights_sitenote_category":0},"categories":[4],"tags":[],"aioseo_notices":[],"gutentor_comment":0,"rttpg_featured_image_url":{"full":["https:\/\/arantv.az\/wp-content\/uploads\/2024\/03\/FotoJet-3.jpg",620,413,false],"landscape":["https:\/\/arantv.az\/wp-content\/uploads\/2024\/03\/FotoJet-3.jpg",620,413,false],"portraits":["https:\/\/arantv.az\/wp-content\/uploads\/2024\/03\/FotoJet-3.jpg",620,413,false],"thumbnail":["https:\/\/arantv.az\/wp-content\/uploads\/2024\/03\/FotoJet-3-500x280.jpg",500,280,true],"medium":["https:\/\/arantv.az\/wp-content\/uploads\/2024\/03\/FotoJet-3-548x365.jpg",548,365,true],"large":["https:\/\/arantv.az\/wp-content\/uploads\/2024\/03\/FotoJet-3.jpg",620,413,false],"1536x1536":["https:\/\/arantv.az\/wp-content\/uploads\/2024\/03\/FotoJet-3.jpg",620,413,false],"2048x2048":["https:\/\/arantv.az\/wp-content\/uploads\/2024\/03\/FotoJet-3.jpg",620,413,false],"post-thumbnail":["https:\/\/arantv.az\/wp-content\/uploads\/2024\/03\/FotoJet-3-240x172.jpg",240,172,true],"advps-thumb-one":["https:\/\/arantv.az\/wp-content\/uploads\/2024\/03\/FotoJet-3.jpg",620,413,false]},"rttpg_author":{"display_name":"V\u00fcsal Rafiqo\u011flu","author_link":"https:\/\/arantv.az\/?author=2"},"rttpg_comment":0,"rttpg_category":"<a href=\"https:\/\/arantv.az\/?cat=4\" rel=\"category\">Siyas\u0259t<\/a>","rttpg_excerpt":"Albaniya Respublikas\u0131n\u0131n Ba\u015f naziri Edi Rama mart\u0131n 1-d\u0259 Az\u0259rbaycan Respublikas\u0131na i\u015fg\u00fczar s\u0259f\u0259r\u0259 g\u0259lib. AZ\u018fRTAC x\u0259b\u0259r verir ki, h\u0259r iki \u00f6lk\u0259nin d\u00f6vl\u0259t bayraqlar\u0131n\u0131n dal\u011faland\u0131\u011f\u0131 Heyd\u0259r \u018fliyev Beyn\u0259lxalq Aeroportunda Albaniyan\u0131n Ba\u015f nazirinin \u015f\u0259r\u0259fin\u0259 f\u0259xri qarovul d\u0259st\u0259si d\u00fcz\u00fcl\u00fcb. Ba\u015f nazir Edi Raman\u0131 hava liman\u0131nda Az\u0259rbaycan\u0131n energetika naziri P\u0259rviz \u015eahbazov, xarici i\u015fl\u0259r nazirinin m\u00fcavini Fariz Rzayev v\u0259 dig\u0259r r\u0259smi&hellip;","_links":{"self":[{"href":"https:\/\/arantv.az\/index.php?rest_route=\/wp\/v2\/posts\/696386"}],"collection":[{"href":"https:\/\/arantv.az\/index.php?rest_route=\/wp\/v2\/posts"}],"about":[{"href":"https:\/\/arantv.az\/index.php?rest_route=\/wp\/v2\/types\/post"}],"author":[{"embeddable":true,"href":"https:\/\/arantv.az\/index.php?rest_route=\/wp\/v2\/users\/2"}],"replies":[{"embeddable":true,"href":"https:\/\/arantv.az\/index.php?rest_route=%2Fwp%2Fv2%2Fcomments&post=696386"}],"version-history":[{"count":0,"href":"https:\/\/arantv.az\/index.php?rest_route=\/wp\/v2\/posts\/696386\/revisions"}],"wp:featuredmedia":[{"embeddable":true,"href":"https:\/\/arantv.az\/index.php?rest_route=\/wp\/v2\/media\/696387"}],"wp:attachment":[{"href":"https:\/\/arantv.az\/index.php?rest_route=%2Fwp%2Fv2%2Fmedia&parent=696386"}],"wp:term":[{"taxonomy":"category","embeddable":true,"href":"https:\/\/arantv.az\/index.php?rest_route=%2Fwp%2Fv2%2Fcategories&post=696386"},{"taxonomy":"post_tag","embeddable":true,"href":"https:\/\/arantv.az\/index.php?rest_route=%2Fwp%2Fv2%2Ftags&post=696386"}],"curies":[{"name":"wp","href":"https:\/\/api.w.org\/{rel}","templated":true}]}}