{"id":696395,"date":"2024-03-01T10:10:22","date_gmt":"2024-03-01T06:10:22","guid":{"rendered":"https:\/\/arantv.az\/?p=696395"},"modified":"2024-03-01T10:10:22","modified_gmt":"2024-03-01T06:10:22","slug":"h%c9%99m-formasi-h%c9%99m-d%c9%99-adi-il%c9%99-diqq%c9%99t-c%c9%99k%c9%99n-naxcivandaki-qeys%c9%99riyy%c9%99-abid%c9%99si-video","status":"publish","type":"post","link":"https:\/\/arantv.az\/?p=696395","title":{"rendered":"H\u0259m formas\u0131, h\u0259m d\u0259 ad\u0131 il\u0259 diqq\u0259t \u00e7\u0259k\u0259n Nax\u00e7\u0131vandak\u0131 Qeys\u0259riyy\u0259 abid\u0259si &#8211; V\u0130DEO"},"content":{"rendered":"<article class=\"news\">\n<div class=\"news-inner\">\n<p>H\u0259m formas\u0131, h\u0259m d\u0259 ad\u0131 il\u0259 diqq\u0259t\u00e7\u0259k\u0259n Nax\u00e7\u0131vandak\u0131 Qeys\u0259riyy\u0259 abid\u0259si 17-ci \u0259srd\u0259 S\u0259f\u0259vi h\u00f6kmdar\u0131 \u015eah Abbas t\u0259r\u0259find\u0259n in\u015fa etdirilib.<\/p>\n<p>H\u0259min d\u00f6vrd\u0259\u00a0\u201c\u015e\u0259rq Bazar\u0131\u201d adland\u0131r\u0131lan abid\u0259 qapal\u0131 ticar\u0259t m\u0259rk\u0259zi kimi f\u0259aliyy\u0259t g\u00f6st\u0259rib.<\/p>\n<p>Haz\u0131rda Qeys\u0259riyy\u0259 abid\u0259si d\u00fcnyada \u00fc\u00e7 \u015f\u0259h\u0259rd\u0259 S\u0259m\u0259rq\u0259nd, T\u0259briz v\u0259 Ordubad \u015f\u0259h\u0259rl\u0259rind\u0259 var.<\/p>\n<p>Tarixi abid\u0259nin i\u00e7\u0259risind\u0259 is\u0259 q\u0259dim eksponatlar saxlan\u0131l\u0131r.<\/p>\n<p>\u018ftrafl\u0131 \u201cAzTV X\u0259b\u0259r\u201din s\u00fcjetind\u0259:<\/p>\n<div><iframe loading=\"lazy\" title=\"YouTube video player\" src=\"https:\/\/www.youtube.com\/embed\/mjqHR0Kohf4?si=KxraqDYkbvr6pTJg\" width=\"560\" height=\"315\" frameborder=\"0\" allowfullscreen=\"allowfullscreen\" data-mce-fragment=\"1\"><\/iframe><\/div>\n<\/div>\n<\/article>\n","protected":false},"excerpt":{"rendered":"<p>H\u0259m formas\u0131, h\u0259m d\u0259 ad\u0131 il\u0259 diqq\u0259t\u00e7\u0259k\u0259n Nax\u00e7\u0131vandak\u0131 Qeys\u0259riyy\u0259 abid\u0259si 17-ci \u0259srd\u0259 S\u0259f\u0259vi h\u00f6kmdar\u0131 \u015eah Abbas t\u0259r\u0259find\u0259n in\u015fa etdirilib. H\u0259min d\u00f6vrd\u0259\u00a0\u201c\u015e\u0259rq Bazar\u0131\u201d adland\u0131r\u0131lan abid\u0259 qapal\u0131 ticar\u0259t m\u0259rk\u0259zi kimi f\u0259aliyy\u0259t g\u00f6st\u0259rib. Haz\u0131rda Qeys\u0259riyy\u0259 abid\u0259si d\u00fcnyada \u00fc\u00e7 \u015f\u0259h\u0259rd\u0259 S\u0259m\u0259rq\u0259nd, T\u0259briz v\u0259 Ordubad \u015f\u0259h\u0259rl\u0259rind\u0259 var. Tarixi abid\u0259nin i\u00e7\u0259risind\u0259 is\u0259 q\u0259dim eksponatlar saxlan\u0131l\u0131r. \u018ftrafl\u0131 \u201cAzTV X\u0259b\u0259r\u201din s\u00fcjetind\u0259:<\/p>\n","protected":false},"author":2,"featured_media":696396,"comment_status":"closed","ping_status":"closed","sticky":false,"template":"","format":"standard","meta":{"om_disable_all_campaigns":false,"_monsterinsights_skip_tracking":false,"_monsterinsights_sitenote_active":false,"_monsterinsights_sitenote_note":"","_monsterinsights_sitenote_category":0},"categories":[1],"tags":[],"aioseo_notices":[],"gutentor_comment":0,"rttpg_featured_image_url":{"full":["https:\/\/arantv.az\/wp-content\/uploads\/2024\/03\/FotoJet-20.jpg",620,413,false],"landscape":["https:\/\/arantv.az\/wp-content\/uploads\/2024\/03\/FotoJet-20.jpg",620,413,false],"portraits":["https:\/\/arantv.az\/wp-content\/uploads\/2024\/03\/FotoJet-20.jpg",620,413,false],"thumbnail":["https:\/\/arantv.az\/wp-content\/uploads\/2024\/03\/FotoJet-20-500x280.jpg",500,280,true],"medium":["https:\/\/arantv.az\/wp-content\/uploads\/2024\/03\/FotoJet-20-548x365.jpg",548,365,true],"large":["https:\/\/arantv.az\/wp-content\/uploads\/2024\/03\/FotoJet-20.jpg",620,413,false],"1536x1536":["https:\/\/arantv.az\/wp-content\/uploads\/2024\/03\/FotoJet-20.jpg",620,413,false],"2048x2048":["https:\/\/arantv.az\/wp-content\/uploads\/2024\/03\/FotoJet-20.jpg",620,413,false],"post-thumbnail":["https:\/\/arantv.az\/wp-content\/uploads\/2024\/03\/FotoJet-20-240x172.jpg",240,172,true],"advps-thumb-one":["https:\/\/arantv.az\/wp-content\/uploads\/2024\/03\/FotoJet-20.jpg",620,413,false]},"rttpg_author":{"display_name":"V\u00fcsal Rafiqo\u011flu","author_link":"https:\/\/arantv.az\/?author=2"},"rttpg_comment":0,"rttpg_category":"<a href=\"https:\/\/arantv.az\/?cat=1\" rel=\"category\">C\u0259miyy\u0259t<\/a>","rttpg_excerpt":"H\u0259m formas\u0131, h\u0259m d\u0259 ad\u0131 il\u0259 diqq\u0259t\u00e7\u0259k\u0259n Nax\u00e7\u0131vandak\u0131 Qeys\u0259riyy\u0259 abid\u0259si 17-ci \u0259srd\u0259 S\u0259f\u0259vi h\u00f6kmdar\u0131 \u015eah Abbas t\u0259r\u0259find\u0259n in\u015fa etdirilib. H\u0259min d\u00f6vrd\u0259\u00a0\u201c\u015e\u0259rq Bazar\u0131\u201d adland\u0131r\u0131lan abid\u0259 qapal\u0131 ticar\u0259t m\u0259rk\u0259zi kimi f\u0259aliyy\u0259t g\u00f6st\u0259rib. Haz\u0131rda Qeys\u0259riyy\u0259 abid\u0259si d\u00fcnyada \u00fc\u00e7 \u015f\u0259h\u0259rd\u0259 S\u0259m\u0259rq\u0259nd, T\u0259briz v\u0259 Ordubad \u015f\u0259h\u0259rl\u0259rind\u0259 var. Tarixi abid\u0259nin i\u00e7\u0259risind\u0259 is\u0259 q\u0259dim eksponatlar saxlan\u0131l\u0131r. \u018ftrafl\u0131 \u201cAzTV X\u0259b\u0259r\u201din s\u00fcjetind\u0259:","_links":{"self":[{"href":"https:\/\/arantv.az\/index.php?rest_route=\/wp\/v2\/posts\/696395"}],"collection":[{"href":"https:\/\/arantv.az\/index.php?rest_route=\/wp\/v2\/posts"}],"about":[{"href":"https:\/\/arantv.az\/index.php?rest_route=\/wp\/v2\/types\/post"}],"author":[{"embeddable":true,"href":"https:\/\/arantv.az\/index.php?rest_route=\/wp\/v2\/users\/2"}],"replies":[{"embeddable":true,"href":"https:\/\/arantv.az\/index.php?rest_route=%2Fwp%2Fv2%2Fcomments&post=696395"}],"version-history":[{"count":0,"href":"https:\/\/arantv.az\/index.php?rest_route=\/wp\/v2\/posts\/696395\/revisions"}],"wp:featuredmedia":[{"embeddable":true,"href":"https:\/\/arantv.az\/index.php?rest_route=\/wp\/v2\/media\/696396"}],"wp:attachment":[{"href":"https:\/\/arantv.az\/index.php?rest_route=%2Fwp%2Fv2%2Fmedia&parent=696395"}],"wp:term":[{"taxonomy":"category","embeddable":true,"href":"https:\/\/arantv.az\/index.php?rest_route=%2Fwp%2Fv2%2Fcategories&post=696395"},{"taxonomy":"post_tag","embeddable":true,"href":"https:\/\/arantv.az\/index.php?rest_route=%2Fwp%2Fv2%2Ftags&post=696395"}],"curies":[{"name":"wp","href":"https:\/\/api.w.org\/{rel}","templated":true}]}}