{"id":696401,"date":"2024-03-01T10:12:39","date_gmt":"2024-03-01T06:12:39","guid":{"rendered":"https:\/\/arantv.az\/?p=696401"},"modified":"2024-03-01T10:12:39","modified_gmt":"2024-03-01T06:12:39","slug":"naxcivanda-v%c9%99zif%c9%99li-s%c9%99xs-isd%c9%99n-azad-edildi-foto","status":"publish","type":"post","link":"https:\/\/arantv.az\/?p=696401","title":{"rendered":"Nax\u00e7\u0131vanda v\u0259zif\u0259li \u015f\u0259xs i\u015fd\u0259n azad edildi &#8211; FOTO"},"content":{"rendered":"<p>Nax\u00e7\u0131van Muxtar Respublikas\u0131 Antiinhisar v\u0259 \u0130stehlak Bazar\u0131na N\u0259zar\u0259t D\u00f6vl\u0259t Xidm\u0259tinin r\u0259isi v\u0259zif\u0259sind\u0259n azad edilib.<\/p>\n<p>Bununla ba\u011fl\u0131 m\u00fcvafiq s\u0259r\u0259ncam imzalan\u0131b.<\/p>\n<p>S\u0259r\u0259ncama \u0259sas\u0259n, B\u0259xtiyar M\u0259mm\u0259d o\u011flu \u0130smay\u0131lov Nax\u00e7\u0131van Muxtar Respublikas\u0131 Antiinhisar v\u0259 \u0130stehlak Bazar\u0131na N\u0259zar\u0259t D\u00f6vl\u0259t Xidm\u0259tinin r\u0259isi v\u0259zif\u0259sind\u0259n \u00e7\u0131xar\u0131l\u0131b.<\/p>\n<p>Qeyd ed\u0259k ki, B\u0259xtiyar \u0130smay\u0131lov bu v\u0259zif\u0259y\u0259 2018-ci ild\u0259 t\u0259yin edilmi\u015fdi.<\/p>\n<p>&nbsp;<\/p>\n<div class=\"gallery\">\n<div class=\"gallery-i\"><img src=\"https:\/\/cdn.oxu.az\/uploads\/W1siZiIsIjIwMjQvMDMvMDEvMDAvNTgvNDcvMjUzNWQxZjYtNjM1Yy00ZDQxLWFmN2QtNjRjMGMzZjE3ZjIxLzQyOTc5NTk5Ml8xNDE4NzQzNDQyMzcxNjE3XzY5NTAzOTI1MjUxNjkwNDc2OThfbi5wbmciXSxbInAiLCJlbmNvZGUiLCJqcGciLCItcXVhbGl0eSA4MCJdLFsicCIsInRodW1iIiwiNTkweDU5MFx1MDAzZSJdXQ?sha=785e22ee176b474f\" alt=\"\" \/><\/div>\n<\/div>\n","protected":false},"excerpt":{"rendered":"<p>Nax\u00e7\u0131van Muxtar Respublikas\u0131 Antiinhisar v\u0259 \u0130stehlak Bazar\u0131na N\u0259zar\u0259t D\u00f6vl\u0259t Xidm\u0259tinin r\u0259isi v\u0259zif\u0259sind\u0259n azad edilib. Bununla ba\u011fl\u0131 m\u00fcvafiq s\u0259r\u0259ncam imzalan\u0131b. S\u0259r\u0259ncama \u0259sas\u0259n, B\u0259xtiyar M\u0259mm\u0259d o\u011flu \u0130smay\u0131lov Nax\u00e7\u0131van Muxtar Respublikas\u0131 Antiinhisar v\u0259 \u0130stehlak Bazar\u0131na N\u0259zar\u0259t D\u00f6vl\u0259t Xidm\u0259tinin r\u0259isi v\u0259zif\u0259sind\u0259n \u00e7\u0131xar\u0131l\u0131b. Qeyd ed\u0259k ki, B\u0259xtiyar \u0130smay\u0131lov bu v\u0259zif\u0259y\u0259 2018-ci ild\u0259 t\u0259yin edilmi\u015fdi. &nbsp;<\/p>\n","protected":false},"author":2,"featured_media":696402,"comment_status":"closed","ping_status":"closed","sticky":false,"template":"","format":"standard","meta":{"om_disable_all_campaigns":false,"_monsterinsights_skip_tracking":false,"_monsterinsights_sitenote_active":false,"_monsterinsights_sitenote_note":"","_monsterinsights_sitenote_category":0},"categories":[1],"tags":[],"aioseo_notices":[],"gutentor_comment":0,"rttpg_featured_image_url":{"full":["https:\/\/arantv.az\/wp-content\/uploads\/2024\/03\/1681224781_ac512e67-d33e-35bc-8bec-87bf13db46a2_850.jpg",620,413,false],"landscape":["https:\/\/arantv.az\/wp-content\/uploads\/2024\/03\/1681224781_ac512e67-d33e-35bc-8bec-87bf13db46a2_850.jpg",620,413,false],"portraits":["https:\/\/arantv.az\/wp-content\/uploads\/2024\/03\/1681224781_ac512e67-d33e-35bc-8bec-87bf13db46a2_850.jpg",620,413,false],"thumbnail":["https:\/\/arantv.az\/wp-content\/uploads\/2024\/03\/1681224781_ac512e67-d33e-35bc-8bec-87bf13db46a2_850-500x280.jpg",500,280,true],"medium":["https:\/\/arantv.az\/wp-content\/uploads\/2024\/03\/1681224781_ac512e67-d33e-35bc-8bec-87bf13db46a2_850-548x365.jpg",548,365,true],"large":["https:\/\/arantv.az\/wp-content\/uploads\/2024\/03\/1681224781_ac512e67-d33e-35bc-8bec-87bf13db46a2_850.jpg",620,413,false],"1536x1536":["https:\/\/arantv.az\/wp-content\/uploads\/2024\/03\/1681224781_ac512e67-d33e-35bc-8bec-87bf13db46a2_850.jpg",620,413,false],"2048x2048":["https:\/\/arantv.az\/wp-content\/uploads\/2024\/03\/1681224781_ac512e67-d33e-35bc-8bec-87bf13db46a2_850.jpg",620,413,false],"post-thumbnail":["https:\/\/arantv.az\/wp-content\/uploads\/2024\/03\/1681224781_ac512e67-d33e-35bc-8bec-87bf13db46a2_850-240x172.jpg",240,172,true],"advps-thumb-one":["https:\/\/arantv.az\/wp-content\/uploads\/2024\/03\/1681224781_ac512e67-d33e-35bc-8bec-87bf13db46a2_850.jpg",620,413,false]},"rttpg_author":{"display_name":"V\u00fcsal Rafiqo\u011flu","author_link":"https:\/\/arantv.az\/?author=2"},"rttpg_comment":0,"rttpg_category":"<a href=\"https:\/\/arantv.az\/?cat=1\" rel=\"category\">C\u0259miyy\u0259t<\/a>","rttpg_excerpt":"Nax\u00e7\u0131van Muxtar Respublikas\u0131 Antiinhisar v\u0259 \u0130stehlak Bazar\u0131na N\u0259zar\u0259t D\u00f6vl\u0259t Xidm\u0259tinin r\u0259isi v\u0259zif\u0259sind\u0259n azad edilib. Bununla ba\u011fl\u0131 m\u00fcvafiq s\u0259r\u0259ncam imzalan\u0131b. S\u0259r\u0259ncama \u0259sas\u0259n, B\u0259xtiyar M\u0259mm\u0259d o\u011flu \u0130smay\u0131lov Nax\u00e7\u0131van Muxtar Respublikas\u0131 Antiinhisar v\u0259 \u0130stehlak Bazar\u0131na N\u0259zar\u0259t D\u00f6vl\u0259t Xidm\u0259tinin r\u0259isi v\u0259zif\u0259sind\u0259n \u00e7\u0131xar\u0131l\u0131b. Qeyd ed\u0259k ki, B\u0259xtiyar \u0130smay\u0131lov bu v\u0259zif\u0259y\u0259 2018-ci ild\u0259 t\u0259yin edilmi\u015fdi. &nbsp;","_links":{"self":[{"href":"https:\/\/arantv.az\/index.php?rest_route=\/wp\/v2\/posts\/696401"}],"collection":[{"href":"https:\/\/arantv.az\/index.php?rest_route=\/wp\/v2\/posts"}],"about":[{"href":"https:\/\/arantv.az\/index.php?rest_route=\/wp\/v2\/types\/post"}],"author":[{"embeddable":true,"href":"https:\/\/arantv.az\/index.php?rest_route=\/wp\/v2\/users\/2"}],"replies":[{"embeddable":true,"href":"https:\/\/arantv.az\/index.php?rest_route=%2Fwp%2Fv2%2Fcomments&post=696401"}],"version-history":[{"count":0,"href":"https:\/\/arantv.az\/index.php?rest_route=\/wp\/v2\/posts\/696401\/revisions"}],"wp:featuredmedia":[{"embeddable":true,"href":"https:\/\/arantv.az\/index.php?rest_route=\/wp\/v2\/media\/696402"}],"wp:attachment":[{"href":"https:\/\/arantv.az\/index.php?rest_route=%2Fwp%2Fv2%2Fmedia&parent=696401"}],"wp:term":[{"taxonomy":"category","embeddable":true,"href":"https:\/\/arantv.az\/index.php?rest_route=%2Fwp%2Fv2%2Fcategories&post=696401"},{"taxonomy":"post_tag","embeddable":true,"href":"https:\/\/arantv.az\/index.php?rest_route=%2Fwp%2Fv2%2Ftags&post=696401"}],"curies":[{"name":"wp","href":"https:\/\/api.w.org\/{rel}","templated":true}]}}