{"id":696414,"date":"2024-03-01T10:20:21","date_gmt":"2024-03-01T06:20:21","guid":{"rendered":"https:\/\/arantv.az\/?p=696414"},"modified":"2024-03-01T10:20:21","modified_gmt":"2024-03-01T06:20:21","slug":"az%c9%99rbaycan-sulh-prosesin%c9%99-sadiqdir","status":"publish","type":"post","link":"https:\/\/arantv.az\/?p=696414","title":{"rendered":"Az\u0259rbaycan s\u00fclh prosesin\u0259 sadiqdir"},"content":{"rendered":"<p>Az\u0259rbaycan\u0131n qazand\u0131\u011f\u0131 u\u011furlar, b\u00fct\u00fcn sah\u0259l\u0259rd\u0259 \u0259ld\u0259 edil\u0259n m\u00fcsb\u0259t g\u00f6st\u0259ricil\u0259r onun n\u0259inki regionda, h\u0259m\u00e7inin d\u00fcnya miqyas\u0131nda apar\u0131c\u0131 \u00f6lk\u0259l\u0259r s\u0131ras\u0131na \u00e7\u0131xar\u0131b. Avropan\u0131n enerji t\u0259hl\u00fck\u0259sizliyin\u0259 m\u00fch\u00fcm t\u00f6hf\u0259l\u0259rini ver\u0259n Az\u0259rbaycan qit\u0259nin apar\u0131c\u0131 d\u00f6vl\u0259tl\u0259rinin diqq\u0259t m\u0259rk\u0259zind\u0259dir. \u00d6lk\u0259miz\u0259 g\u0259l\u0259n, onunla \u0259laq\u0259l\u0259rin geni\u015fl\u0259ndirilm\u0259sin\u0259, i\u015fbirliyi qurmaq \u00fc\u00e7\u00fcn\u00a0 t\u0259\u015f\u0259bb\u00fcs g\u00f6st\u0259r\u0259n \u00f6lk\u0259l\u0259rin say\u0131 art\u0131r. N\u00f6vb\u0259ti s\u0259f\u0259r fevral\u0131n 28-d\u0259 realla\u015f\u0131b. Almaniya Federativ Respublikas\u0131n\u0131n apar\u0131c\u0131 \u015firk\u0259tl\u0259rinin r\u0259hb\u0259rl\u0259rind\u0259n ibar\u0259t n\u00fcmay\u0259nd\u0259 hey\u0259ti Bak\u0131ya g\u0259lib.<\/p>\n<p>Fevral\u0131n 28-d\u0259 Az\u0259rbaycan Respublikas\u0131n\u0131n Prezidenti \u0130lham \u018fliyev Alman \u0130qtisadiyyat\u0131n\u0131n \u015e\u0259rq Komit\u0259sinin s\u0259dri Mixael Harms\u0131n r\u0259hb\u0259rlik etdiyi n\u00fcmay\u0259nd\u0259 hey\u0259tini q\u0259bul edib. Geni\u015f t\u0259rkibli n\u00fcmay\u0259nd\u0259 hey\u0259tinin Az\u0259rbaycana s\u0259f\u0259rini y\u00fcks\u0259k qiym\u0259tl\u0259ndir\u0259n d\u00f6vl\u0259timizin ba\u015f\u00e7\u0131s\u0131 iqtisadi sah\u0259nin ikit\u0259r\u0259fli m\u00fcnasib\u0259tl\u0259rimizd\u0259 h\u0259mi\u015f\u0259 m\u00fch\u00fcm rol oynad\u0131\u011f\u0131n\u0131 qeyd ed\u0259r\u0259k bunu \u0259laq\u0259l\u0259rimizin yax\u015f\u0131 g\u00f6st\u0259ricisi kimi d\u0259y\u0259rl\u0259ndirib. Prezident \u0130lham \u018fliyev ke\u00e7\u0259n il Berlin\u0259 s\u0259f\u0259ri zaman\u0131 Almaniya Kansleri il\u0259 g\u00f6r\u00fc\u015f\u00fcnd\u0259 \u0259laq\u0259l\u0259rimizin geni\u015f g\u00fcnd\u0259liyin\u0259 daxil olan m\u0259s\u0259l\u0259l\u0259rin, o c\u00fcml\u0259d\u0259n iqtisadi \u0259m\u0259kda\u015fl\u0131q m\u0259s\u0259l\u0259l\u0259rinin m\u00fczakir\u0259 olundu\u011funu qeyd edib. \u00d6lk\u0259 ba\u015f\u00e7\u0131s\u0131 h\u0259m\u00e7inin Almaniyan\u0131n Kansleri \u015eoltsun t\u0259\u015f\u0259bb\u00fcs\u00fc il\u0259 bu yax\u0131nlarda M\u00fcnxend\u0259 Erm\u0259nistan\u0131n ba\u015f naziri Nikol Pa\u015finyanla ke\u00e7iril\u0259n g\u00f6r\u00fc\u015f\u00fcn s\u00fclh prosesin\u0259 dinamizm g\u0259tirilm\u0259si bax\u0131m\u0131ndan \u00f6n\u0259mini vur\u011fulay\u0131b, bu zaman Fransadan f\u0259rqli olaraq Almaniyan\u0131n s\u00fclh prosesind\u0259 neytrall\u0131q n\u00fcmayi\u015f etdirdiyini qeyd edib.<\/p>\n<p>\u201cBeyn\u0259lxalq h\u00fcququn normalar\u0131 bizim t\u0259r\u0259fimizd\u0259dir\u201d, \u2013 dey\u0259n Prezident \u0130lham \u018fliyev vur\u011fulad\u0131 ki, \u00f6lk\u0259mizin suverenliyini v\u0259 \u0259razi b\u00fct\u00f6vl\u00fcy\u00fcn\u00fc t\u0259min etm\u0259si il\u0259 ba\u011fl\u0131 bizi h\u0259r hans\u0131 g\u00fcnahland\u0131rma c\u0259hdl\u0259ri tamamil\u0259 \u0259sass\u0131z v\u0259 q\u0259r\u0259zlidir. Az\u0259rbaycan \u00f6z \u0259razi b\u00fct\u00f6vl\u00fcy\u00fcn\u00fc v\u0259 suverenliyini t\u0259min etm\u0259kl\u0259 ba\u011fl\u0131 dig\u0259r \u00f6lk\u0259l\u0259rin atd\u0131\u011f\u0131 add\u0131mlardan f\u0259rqli add\u0131mlar atm\u0131r. D\u00f6vl\u0259timizin ba\u015f\u00e7\u0131s\u0131 t\u0259\u0259ss\u00fcf hissi il\u0259 qeyd etdi ki, bu g\u00fcn ikili standartlar bir s\u0131ra beyn\u0259lxalq institutlar, o c\u00fcml\u0259d\u0259n Avropa \u0130ttifaq\u0131 \u00fc\u00e7\u00fcn adi hala \u00e7evrilib. Bu bax\u0131mdan Cozef Borrelin qeyri-adekvat b\u0259yanatlar\u0131 bizi \u00e7ox m\u0259yus edib.\u00a0 Az\u0259rbaycan t\u0259r\u0259fi bu b\u0259yanatlar\u0131 \u00f6lk\u0259miz\u0259 qar\u015f\u0131 p\u0259rd\u0259l\u0259nmi\u015f t\u0259hdid kimi qiym\u0259tl\u0259ndirir. Bel\u0259 ki, Borrel bildirib ki, Az\u0259rbaycan Erm\u0259nistana h\u00fccum ed\u0259rs\u0259, bunun ac\u0131 n\u0259tic\u0259l\u0259rini g\u00f6r\u0259c\u0259k. C\u0259nab Prezidentin vur\u011fulad\u0131\u011f\u0131 kimi: \u201c\u018fvv\u0259la, Borrel bu m\u0259lumat\u0131 haradan al\u0131b ki, Az\u0259rbaycan Erm\u0259nistana h\u00fccum etm\u0259yi planla\u015fd\u0131r\u0131r? Bizd\u0259 bel\u0259 planlar yoxdur. Onlar c\u0259nab Makronun insinuasiyalar\u0131d\u0131r. B\u00fct\u00fcn bunlar Fransan\u0131n guya Az\u0259rbaycan\u0131n Erm\u0259nistana h\u00fccuma haz\u0131rla\u015fmas\u0131 il\u0259 ba\u011fl\u0131 \u00f6lk\u0259mizin demoniz\u0259 edilm\u0259sin\u0259 \u0259saslanan anti-Az\u0259rbaycan siyas\u0259tinin bir hiss\u0259sidir\u201d. Bildirilib ki, A\u0130-n\u0131n r\u0259smisi Borrel v\u0259 Fransa prezidenti Makron bu informasiyan\u0131 reall\u0131qdan deyil, \u00f6z x\u0259yallar\u0131ndan g\u00f6t\u00fcr\u00fcrl\u0259r.<\/p>\n<p>Prezident \u0130lham \u018fliyev qeyd edib ki, Az\u0259rbaycan s\u00fclh prosesin\u0259 sadiqdir. Ona g\u00f6r\u0259 d\u0259 \u0130kinci Qaraba\u011f m\u00fcharib\u0259si ba\u015fa \u00e7atd\u0131qdan sonra Az\u0259rbaycan s\u00fclh dan\u0131\u015f\u0131qlar\u0131 t\u0259\u015f\u0259bb\u00fcs\u00fc il\u0259 \u00e7\u0131x\u0131\u015f etdi. \u00d6lk\u0259miz s\u00fclh yolu il\u0259 h\u0259llin be\u015f \u0259sas prinsipini i\u015fl\u0259yib haz\u0131rlay\u0131b v\u0259 s\u00fclh m\u00fcqavil\u0259sinin m\u0259tninin layih\u0259sini t\u0259qdim edib.<\/p>\n<p>G\u00f6r\u00fc\u015fd\u0259 d\u00f6vl\u0259timizin ba\u015f\u00e7\u0131s\u0131 vur\u011fulay\u0131b ki, Az\u0259rbaycan \u0259razil\u0259ri 30 il Erm\u0259nistan\u0131n i\u015f\u011fal\u0131 alt\u0131nda olub. Erm\u0259nil\u0259r torpaqlar\u0131m\u0131z\u0131n 20 faizini i\u015f\u011fal ed\u0259r\u0259k h\u0259min \u0259razil\u0259ri da\u011f\u0131d\u0131blar, o vaxt 1 milyona yax\u0131n soyda\u015f\u0131m\u0131z m\u0259cburi k\u00f6\u00e7k\u00fcn v\u0259ziyy\u0259tin\u0259 d\u00fc\u015f\u00fcb. Torpaqlar\u0131m\u0131z\u0131 i\u015f\u011fal alt\u0131nda saxlayan Erm\u0259nistan bu m\u00fcdd\u0259td\u0259 BMT T\u0259hl\u00fck\u0259sizlik \u015euras\u0131n\u0131n m\u0259lum q\u0259tnam\u0259l\u0259rin\u0259, beyn\u0259lxalq h\u00fcququn normalar\u0131na, o c\u00fcml\u0259d\u0259n humanitar normalara m\u0259h\u0259l qoymay\u0131b, Xocal\u0131 soyq\u0131r\u0131m\u0131n\u0131 t\u00f6r\u0259dib. 2020-ci ild\u0259 Az\u0259rbaycan \u00f6z suverenliyini v\u0259 \u0259razi b\u00fct\u00f6vl\u00fcy\u00fcn\u00fc b\u0259rpa etdi v\u0259 Qaraba\u011fda separatizm yuvas\u0131n\u0131 da\u011f\u0131tdi. M\u0259hz bundan sonra \u00f6lk\u0259miz m\u00fcxt\u0259lif istiqam\u0259tl\u0259rd\u0259, Makron, Borrel v\u0259 onlar kimi dig\u0259r insanlar t\u0259r\u0259find\u0259n g\u00fcnahland\u0131r\u0131laraq h\u00fccumlara m\u0259ruz qal\u0131bd\u0131r. \u00d6z \u00e7\u0131x\u0131\u015f\u0131nda c\u0259nab Prezident Ukrayna hadis\u0259l\u0259rini misal g\u00f6st\u0259rib. Bu g\u00fcn Ukrayna \u00f6z \u0259razi b\u00fct\u00f6vl\u00fcy\u00fcn\u00fc b\u0259rpa etm\u0259k ist\u0259yir. Almaniya v\u0259 dig\u0259r \u00f6lk\u0259l\u0259r Ukraynaya silahlar g\u00f6nd\u0259rirl\u0259r. B\u00fct\u00fcn q\u0259rb \u00f6lk\u0259l\u0259ri, AB\u015e b\u0259yan edirl\u0259r ki,\u00a0 Ukrayna \u00f6z \u0259razi b\u00fct\u00f6vl\u00fcy\u00fcn\u00fc t\u0259min etm\u0259lidir. Bu zaman n\u0259d\u0259ns\u0259 Az\u0259rbaycan\u0131n \u0259razi b\u00fct\u00f6vl\u00fcy\u00fc yaddan \u00e7\u0131x\u0131r, ikili standartlara \u00f6n\u0259m verilir. Avropa institutlar\u0131 t\u0259r\u0259find\u0259n C\u0259nubi Qafqazda G\u00fcrc\u00fcstan v\u0259 Erm\u0259nistan\u0131 \u00e7ox yax\u0131n q\u0259bul edilir, Az\u0259rbaycan is\u0259 uzaq tutulur. S\u0259b\u0259b? \u00c7ox g\u00fcman ki, bu da \u00f6lk\u0259mizin \u0130slam dinidir.<\/p>\n<p>\u00d6lk\u0259miz \u00f6z \u0259razi b\u00fct\u00f6vl\u00fcy\u00fcm\u00fcz\u00fc v\u0259 suverenliyimizi b\u0259rpa etdikd\u0259n sonra Avropa \u015euras\u0131 Parlament Assambleyas\u0131 Az\u0259rbaycan n\u00fcmay\u0259nd\u0259 hey\u0259tinin s\u0259s h\u00fcququndan m\u0259hrum edilm\u0259si bar\u0259d\u0259 q\u0259rar q\u0259bul edib. Bu q\u0259rar da \u0259fsuslar olsun ki, Kansler \u015eoltsun r\u0259hb\u0259rlik etdiyi partiyan\u0131n \u00fczv\u00fc olan Almaniya parlamentinin \u00fczv\u00fcn\u00fcn t\u0259\u015f\u0259bb\u00fcs\u00fc il\u0259 q\u0259bul olunub. Almaniya Kansleri q\u0259r\u0259zsizlik n\u00fcmayi\u015f etdirir, onun b\u0259yanatlar\u0131 v\u0259 f\u0259aliyy\u0259ti bunu \u0259ks etdirir. Onun r\u0259hb\u0259rlik etdiyi partiyan\u0131n \u00fczv\u00fc is\u0259 A\u015ePA-da 2 qeyri-xristian \u00f6lk\u0259sind\u0259n biri olan Az\u0259rbaycan\u0131 uzaqla\u015fd\u0131rmaq ist\u0259yir v\u0259 bunu n\u00fcmayi\u015fkaran\u0259 v\u0259 m\u0259qs\u0259dy\u00f6nl\u00fc \u015f\u0259kild\u0259 edir. Bu da yaln\u0131z Az\u0259rbaycana qar\u015f\u0131 y\u00fcr\u00fcd\u00fcl\u0259n ikili standart kimi q\u0259bul edilm\u0259lidir. Prezident \u0130lham \u018fliyev bildirib ki, \u0259g\u0259r bir il \u0259rzind\u0259 Az\u0259rbaycan n\u00fcmay\u0259nd\u0259 hey\u0259tinin h\u00fcquqlar\u0131 b\u0259rpa olunmazsa, biz Avropa \u015euras\u0131ndan tamamil\u0259 \u00e7\u0131xma\u011f\u0131m\u0131z bar\u0259d\u0259 m\u0259s\u0259l\u0259y\u0259 ciddi \u015f\u0259kild\u0259 baxa bil\u0259rik.<\/p>\n<p>Az\u0259rbaycan\u0131n \u00f6z\u00fcn\u00fc t\u0259min ed\u0259n \u00f6lk\u0259 oldu\u011funu qeyd ed\u0259n d\u00f6vl\u0259timizin ba\u015f\u00e7\u0131s\u0131 bildirib ki, \u00f6lk\u0259mizd\u0259 ged\u0259n prosesl\u0259r v\u0259 h\u0259yata ke\u00e7iril\u0259n i\u015fl\u0259r Az\u0259rbaycan\u0131n normal h\u0259yat\u0131n\u0131 t\u0259min edir. Kims\u0259 bizim inki\u015faf\u0131m\u0131za t\u00f6hf\u0259 verm\u0259k ist\u0259yirs\u0259 biz minn\u0259tdar olar\u0131q.<\/p>\n<p><img src=\"https:\/\/ikisahil.az\/upload\/\/2024\/03\/01\/\/-bfc89c3e170927080651405492011067485.jpeg\" alt=\"\" \/>1991-ci ild\u0259 Az\u0259rbaycan \u00f6z m\u00fcst\u0259qilliyini yenic\u0259 b\u0259rpa etdiyi vaxtda Erm\u0259nistan\u0131n \u00f6lk\u0259miz\u0259 qar\u015f\u0131 t\u0259cav\u00fcz\u00fc il\u0259 \u00fczl\u0259\u015fdi. T\u0259cav\u00fcz n\u0259tic\u0259sind\u0259 20 faiz \u0259razimiz i\u015f\u011fal edidi, \u015f\u0259h\u0259r v\u0259 k\u0259ndl\u0259rimiz da\u011f\u0131d\u0131ld\u0131, bir milyondan art\u0131q soyda\u015f\u0131m\u0131z m\u0259cburu k\u00f6\u00e7k\u00fcn h\u0259yat\u0131 ya\u015fad\u0131. T\u0259\u0259ss\u00fcfl\u0259r olsun ki, otuzillik bir m\u00fcdd\u0259td\u0259 \u00f6zl\u0259rini beyn\u0259lxalq birlik adland\u0131ran Fransa, AB\u015e v\u0259 Rusiya \u2013 h\u0259ms\u0259drl\u0259r \u0259dal\u0259tin b\u0259rpa olunmas\u0131 \u00fc\u00e7\u00fcn he\u00e7 bir add\u0131m atmad\u0131lar. Az\u0259rbaycan \u00f6z torpaqlar\u0131n\u0131 azad etm\u0259y\u0259 ba\u015flayanda is\u0259 bu \u00fc\u00e7 \u00f6lk\u0259 \u00f6lk\u0259miz\u0259 m\u00fcxt\u0259lif t\u0259zyiql\u0259r g\u00f6st\u0259rm\u0259y\u0259 ba\u015flad\u0131lar. Onlar Az\u0259rbaycan torpaqlar\u0131n\u0131n azad edilm\u0259sini a\u00e7\u0131q-ayd\u0131n ist\u0259m\u0259dikl\u0259rini \u00f6z f\u0259aliyy\u0259tl\u0259ri il\u0259 g\u00f6st\u0259rdil\u0259r. 2023-c\u00fc ilin sentyabr\u0131nda \u00f6lk\u0259mizd\u0259 separatizm\u0259 son qoyuldu, \u0259razil\u0259rimiz tam azad edildi v\u0259 d\u00f6vl\u0259t suverenliyimiz b\u0259rpa edildi. Bu zaman da bu \u00f6lk\u0259l\u0259r yen\u0259 \u00f6z i\u00e7 \u00fczl\u0259rini g\u00f6st\u0259rdil\u0259r. Bu g\u00fcn d\u0259 bu davam edir, x\u00fcsusil\u0259 \u00a0AB\u015e v\u0259 Fransa \u00f6z iki\u00fczl\u00fc siyas\u0259tl\u0259rini davam etdirirl\u0259r. \u00d6lk\u0259 ba\u015f\u00e7\u0131s\u0131n\u0131n bildirdiyi kimi \u201c\u018fks t\u0259qdird\u0259, v\u0259ziyy\u0259t onlar\u0131n planla\u015fd\u0131rd\u0131\u011f\u0131 kimi olmayacaq. Bu \u00f6lk\u0259l\u0259r C\u0259nubi Qafqazda buran\u0131n apar\u0131c\u0131 \u00f6lk\u0259si, iqtisadiyyat\u0131, ordusu, geni\u015f beyn\u0259lxalq \u0259laq\u0259l\u0259ri olan Az\u0259rbaycan il\u0259 i\u015fl\u0259m\u0259lidirl\u0259r\u201d.<\/p>\n<p><strong>\u0130srafil K\u0259rimov,<\/strong><\/p>\n<p><strong>Az\u0259rbaycan Jurnalistl\u0259r Birliyinin \u00fczv\u00fc<\/strong><\/p>\n","protected":false},"excerpt":{"rendered":"<p>Az\u0259rbaycan\u0131n qazand\u0131\u011f\u0131 u\u011furlar, b\u00fct\u00fcn sah\u0259l\u0259rd\u0259 \u0259ld\u0259 edil\u0259n m\u00fcsb\u0259t g\u00f6st\u0259ricil\u0259r onun n\u0259inki regionda, h\u0259m\u00e7inin d\u00fcnya miqyas\u0131nda apar\u0131c\u0131 \u00f6lk\u0259l\u0259r s\u0131ras\u0131na \u00e7\u0131xar\u0131b. Avropan\u0131n enerji t\u0259hl\u00fck\u0259sizliyin\u0259 m\u00fch\u00fcm t\u00f6hf\u0259l\u0259rini ver\u0259n Az\u0259rbaycan qit\u0259nin apar\u0131c\u0131 d\u00f6vl\u0259tl\u0259rinin diqq\u0259t m\u0259rk\u0259zind\u0259dir. \u00d6lk\u0259miz\u0259 g\u0259l\u0259n, onunla \u0259laq\u0259l\u0259rin geni\u015fl\u0259ndirilm\u0259sin\u0259, i\u015fbirliyi qurmaq \u00fc\u00e7\u00fcn\u00a0 t\u0259\u015f\u0259bb\u00fcs g\u00f6st\u0259r\u0259n \u00f6lk\u0259l\u0259rin say\u0131 art\u0131r. N\u00f6vb\u0259ti s\u0259f\u0259r fevral\u0131n 28-d\u0259 realla\u015f\u0131b. Almaniya Federativ Respublikas\u0131n\u0131n apar\u0131c\u0131 \u015firk\u0259tl\u0259rinin r\u0259hb\u0259rl\u0259rind\u0259n ibar\u0259t n\u00fcmay\u0259nd\u0259 hey\u0259ti Bak\u0131ya g\u0259lib. Fevral\u0131n 28-d\u0259 Az\u0259rbaycan Respublikas\u0131n\u0131n Prezidenti \u0130lham \u018fliyev Alman \u0130qtisadiyyat\u0131n\u0131n \u015e\u0259rq Komit\u0259sinin s\u0259dri Mixael Harms\u0131n r\u0259hb\u0259rlik etdiyi n\u00fcmay\u0259nd\u0259 hey\u0259tini q\u0259bul edib. Geni\u015f t\u0259rkibli n\u00fcmay\u0259nd\u0259 hey\u0259tinin Az\u0259rbaycana s\u0259f\u0259rini y\u00fcks\u0259k qiym\u0259tl\u0259ndir\u0259n d\u00f6vl\u0259timizin ba\u015f\u00e7\u0131s\u0131&hellip;<\/p>\n","protected":false},"author":2,"featured_media":696415,"comment_status":"closed","ping_status":"closed","sticky":false,"template":"","format":"standard","meta":{"om_disable_all_campaigns":false,"_monsterinsights_skip_tracking":false,"_monsterinsights_sitenote_active":false,"_monsterinsights_sitenote_note":"","_monsterinsights_sitenote_category":0},"categories":[19],"tags":[],"aioseo_notices":[],"gutentor_comment":0,"rttpg_featured_image_url":{"full":["https:\/\/arantv.az\/wp-content\/uploads\/2024\/03\/39e98420170927082870148976910884353.jpg",975,540,false],"landscape":["https:\/\/arantv.az\/wp-content\/uploads\/2024\/03\/39e98420170927082870148976910884353.jpg",975,540,false],"portraits":["https:\/\/arantv.az\/wp-content\/uploads\/2024\/03\/39e98420170927082870148976910884353.jpg",975,540,false],"thumbnail":["https:\/\/arantv.az\/wp-content\/uploads\/2024\/03\/39e98420170927082870148976910884353-500x280.jpg",500,280,true],"medium":["https:\/\/arantv.az\/wp-content\/uploads\/2024\/03\/39e98420170927082870148976910884353-660x365.jpg",660,365,true],"large":["https:\/\/arantv.az\/wp-content\/uploads\/2024\/03\/39e98420170927082870148976910884353-840x465.jpg",640,354,true],"1536x1536":["https:\/\/arantv.az\/wp-content\/uploads\/2024\/03\/39e98420170927082870148976910884353.jpg",975,540,false],"2048x2048":["https:\/\/arantv.az\/wp-content\/uploads\/2024\/03\/39e98420170927082870148976910884353.jpg",975,540,false],"post-thumbnail":["https:\/\/arantv.az\/wp-content\/uploads\/2024\/03\/39e98420170927082870148976910884353-240x172.jpg",240,172,true],"advps-thumb-one":["https:\/\/arantv.az\/wp-content\/uploads\/2024\/03\/39e98420170927082870148976910884353.jpg",975,540,false]},"rttpg_author":{"display_name":"V\u00fcsal Rafiqo\u011flu","author_link":"https:\/\/arantv.az\/?author=2"},"rttpg_comment":0,"rttpg_category":"<a href=\"https:\/\/arantv.az\/?cat=19\" rel=\"category\">G\u00fcnd\u0259m<\/a>","rttpg_excerpt":"Az\u0259rbaycan\u0131n qazand\u0131\u011f\u0131 u\u011furlar, b\u00fct\u00fcn sah\u0259l\u0259rd\u0259 \u0259ld\u0259 edil\u0259n m\u00fcsb\u0259t g\u00f6st\u0259ricil\u0259r onun n\u0259inki regionda, h\u0259m\u00e7inin d\u00fcnya miqyas\u0131nda apar\u0131c\u0131 \u00f6lk\u0259l\u0259r s\u0131ras\u0131na \u00e7\u0131xar\u0131b. Avropan\u0131n enerji t\u0259hl\u00fck\u0259sizliyin\u0259 m\u00fch\u00fcm t\u00f6hf\u0259l\u0259rini ver\u0259n Az\u0259rbaycan qit\u0259nin apar\u0131c\u0131 d\u00f6vl\u0259tl\u0259rinin diqq\u0259t m\u0259rk\u0259zind\u0259dir. \u00d6lk\u0259miz\u0259 g\u0259l\u0259n, onunla \u0259laq\u0259l\u0259rin geni\u015fl\u0259ndirilm\u0259sin\u0259, i\u015fbirliyi qurmaq \u00fc\u00e7\u00fcn\u00a0 t\u0259\u015f\u0259bb\u00fcs g\u00f6st\u0259r\u0259n \u00f6lk\u0259l\u0259rin say\u0131 art\u0131r. N\u00f6vb\u0259ti s\u0259f\u0259r fevral\u0131n 28-d\u0259 realla\u015f\u0131b. Almaniya Federativ Respublikas\u0131n\u0131n apar\u0131c\u0131 \u015firk\u0259tl\u0259rinin r\u0259hb\u0259rl\u0259rind\u0259n&hellip;","_links":{"self":[{"href":"https:\/\/arantv.az\/index.php?rest_route=\/wp\/v2\/posts\/696414"}],"collection":[{"href":"https:\/\/arantv.az\/index.php?rest_route=\/wp\/v2\/posts"}],"about":[{"href":"https:\/\/arantv.az\/index.php?rest_route=\/wp\/v2\/types\/post"}],"author":[{"embeddable":true,"href":"https:\/\/arantv.az\/index.php?rest_route=\/wp\/v2\/users\/2"}],"replies":[{"embeddable":true,"href":"https:\/\/arantv.az\/index.php?rest_route=%2Fwp%2Fv2%2Fcomments&post=696414"}],"version-history":[{"count":0,"href":"https:\/\/arantv.az\/index.php?rest_route=\/wp\/v2\/posts\/696414\/revisions"}],"wp:featuredmedia":[{"embeddable":true,"href":"https:\/\/arantv.az\/index.php?rest_route=\/wp\/v2\/media\/696415"}],"wp:attachment":[{"href":"https:\/\/arantv.az\/index.php?rest_route=%2Fwp%2Fv2%2Fmedia&parent=696414"}],"wp:term":[{"taxonomy":"category","embeddable":true,"href":"https:\/\/arantv.az\/index.php?rest_route=%2Fwp%2Fv2%2Fcategories&post=696414"},{"taxonomy":"post_tag","embeddable":true,"href":"https:\/\/arantv.az\/index.php?rest_route=%2Fwp%2Fv2%2Ftags&post=696414"}],"curies":[{"name":"wp","href":"https:\/\/api.w.org\/{rel}","templated":true}]}}