{"id":696418,"date":"2024-03-01T10:20:52","date_gmt":"2024-03-01T06:20:52","guid":{"rendered":"https:\/\/arantv.az\/?p=696418"},"modified":"2024-03-01T10:20:52","modified_gmt":"2024-03-01T06:20:52","slug":"beyn%c9%99lxalq-huququn-normalari-az%c9%99rbaycanin-t%c9%99r%c9%99find%c9%99dir","status":"publish","type":"post","link":"https:\/\/arantv.az\/?p=696418","title":{"rendered":"Beyn\u0259lxalq h\u00fcququn normalar\u0131 Az\u0259rbaycan\u0131n t\u0259r\u0259find\u0259dir"},"content":{"rendered":"<p><em><strong>D\u00f6vl\u0259t ba\u015f\u00e7\u0131s\u0131 \u0130lham \u018fliyev Alman \u0130qtisadiyyat\u0131n\u0131n \u015e\u0259rq Komit\u0259sinin s\u0259dri Mixael Harms\u0131n r\u0259hb\u0259rlik etdiyi n\u00fcmay\u0259nd\u0259 hey\u0259ti il\u0259 g\u00f6r\u00fc\u015f\u00fcnd\u0259 bir daha bu reall\u0131\u011f\u0131 diqq\u0259t\u0259 \u00e7atd\u0131rd\u0131 ki, bu g\u00fcn ikili standartlar bir s\u0131ra beyn\u0259lxalq institutlar, o c\u00fcml\u0259d\u0259n Avropa \u0130ttifaq\u0131 \u00fc\u00e7\u00fcn adi hala \u00e7evrilib<\/strong><\/em><\/p>\n<p>Az\u0259rbaycan iqtisadi inki\u015faf\u0131 il\u0259 daim d\u00fcnyan\u0131n diqq\u0259tind\u0259dir. \u0130qtisadiyyat\u0131n d\u00fczg\u00fcn \u0259saslar \u00fcz\u0259rind\u0259 qurulmas\u0131 dayan\u0131ql\u0131 inki\u015faf\u0131 \u015f\u0259rtl\u0259ndir\u0259n \u0259sas amill\u0259r s\u0131ras\u0131ndand\u0131r. 2003-c\u00fc ild\u0259n iqtisadi art\u0131m\u0131n qeyri-neft sektorunun hesab\u0131na olmas\u0131n\u0131 qar\u015f\u0131ya prioritet m\u0259s\u0259l\u0259 kimi qoyan d\u00f6vl\u0259t ba\u015f\u00e7\u0131s\u0131 \u0130lham \u018fliyev h\u0259d\u0259f\u0259 \u00e7atmaq m\u0259qs\u0259dil\u0259 regionlar\u0131n malik oldu\u011fu potensialdan s\u0259m\u0259r\u0259li istifad\u0259 etm\u0259k \u00fc\u00e7\u00fcn Regional inki\u015faf proqramlar\u0131n\u0131 t\u0259sdiql\u0259di. Regionlar\u0131n inki\u015faf\u0131 h\u0259m d\u0259 iqtisadiyyat\u0131n dayan\u0131ql\u0131l\u0131\u011f\u0131n\u0131 t\u0259min edir. Bu siyas\u0259tin \u0259sas h\u0259d\u0259fl\u0259ri regionlarda iqtisadi aktivliyin art\u0131r\u0131lmas\u0131, daxili v\u0259 xarici s\u0259rmay\u0259l\u0259rin c\u0259lb olunmas\u0131, m\u00fcasir texnologiyan\u0131n t\u0259tbiqi, istehsal v\u0259 ixrac imkanlar\u0131n\u0131n geni\u015fl\u0259ndirilm\u0259sidir. Regionlar\u0131n sosial-iqtisadi inki\u015faf\u0131 il\u0259 ba\u011fl\u0131 D\u00f6vl\u0259t Proqram\u0131 2004-c\u00fc ild\u0259n ba\u015flayaraq h\u0259yata ke\u00e7irilir. Regionlar art\u0131q iqtisadi aktivlik v\u0259 xarici s\u0259rmay\u0259l\u0259rin c\u0259lb edilm\u0259si, infrastruktur bax\u0131m\u0131ndan m\u00fcasir standartlara tam cavab verir. Regionlar\u0131n tarazl\u0131 \u015f\u0259kild\u0259 inki\u015faf\u0131 \u00f6lk\u0259d\u0259 inkl\u00fcziv inki\u015fafa g\u0259tirib \u00e7\u0131xar\u0131b ki, bu da D\u00fcnya \u0130qtisadi Forumunun m\u00fc\u0259yy\u0259n etdiyi inkl\u00fcziv inki\u015faf indeksinin m\u00fc\u0259yy\u0259n olunmas\u0131na \u00f6z t\u0259sirini g\u00f6st\u0259rib. \u00d6lk\u0259mizin malik oldu\u011fu t\u0259bii resurslardan s\u0259m\u0259r\u0259li istifad\u0259si maliyy\u0259 imkanlar\u0131n\u0131n geni\u015fl\u0259nm\u0259sin\u0259 m\u00fch\u00fcm \u015f\u0259rait yarad\u0131r ki, bu da \u00f6z n\u00f6vb\u0259sind\u0259 sosial-iqtisadi layih\u0259l\u0259rin icras\u0131n\u0131 s\u00fcr\u0259tl\u0259ndirir.<\/p>\n<p>Bu g\u00fcn b\u00f6y\u00fck f\u0259xr hissi il\u0259 qeyd edirik ki, Az\u0259rbaycan\u0131n b\u00fct\u00fcn b\u00f6lg\u0259l\u0259ri inki\u015faf, t\u0259r\u0259qqi d\u00f6vr\u00fcn\u00fc ya\u015fay\u0131r, paytaxtla b\u00f6lg\u0259l\u0259rimiz aras\u0131nda f\u0259rq tamamil\u0259 aradan g\u00f6t\u00fcr\u00fcl\u00fcb. H\u0259r bir b\u00f6lg\u0259nin inki\u015faf\u0131nda yol infrastrukturunun rolunu n\u0259z\u0259r\u0259 alsaq, bu g\u00fcn bu fikri b\u00f6y\u00fck \u0259minlikl\u0259 qeyd ed\u0259 bil\u0259rik ki, yol-n\u0259qliyyat sistemimiz beyn\u0259lxalq standartlara cavab verir. Yol infrastrukturunun t\u0259kmill\u0259\u015fdirilm\u0259si sosialy\u00f6n\u00fcml\u00fc t\u0259dbirl\u0259r olmaqla yana\u015f\u0131, \u00f6lk\u0259mizin iqtisadi q\u00fcdr\u0259tinin g\u00f6st\u0259ricisidir. Az\u0259rbaycan bu g\u00fcn Avrasiya m\u0259kan\u0131nda dinamik innovativ inki\u015faf ed\u0259n lider d\u00f6vl\u0259t, h\u0259m d\u0259 iki qit\u0259 aras\u0131nda m\u00fch\u00fcm v\u0259 \u0259n \u0259lveri\u015fli n\u0259qliyyat m\u0259rk\u0259zidir. \u00d6lk\u0259miz bu m\u00f6vqeyi d\u00fc\u015f\u00fcn\u00fclm\u00fc\u015f siyas\u0259t, g\u0259l\u0259c\u0259y\u0259 hesablanm\u0131\u015f strategiya, zaman\u0131n, d\u00f6vr\u00fcn t\u0259l\u0259bl\u0259rin\u0259 uy\u011fun olaraq h\u0259yata ke\u00e7iril\u0259n islahatlar, yeni iqtisadi v\u0259 sosial layih\u0259l\u0259rin icra edilm\u0259si n\u0259tic\u0259sind\u0259 qazan\u0131b.<\/p>\n<p>\u00d6lk\u0259mizin malik oldu\u011fu iqtisadi imkanlar \u0259m\u0259kda\u015fl\u0131q \u0259laq\u0259l\u0259rinin inki\u015faf\u0131nda da \u0259h\u0259miyy\u0259tli rol oynay\u0131r. Fevral\u0131n 28-d\u0259 Az\u0259rbaycan Prezidenti \u0130lham \u018fliyev Alman \u0130qtisadiyyat\u0131n\u0131n \u015e\u0259rq Komit\u0259sinin s\u0259dri Mixael Harms\u0131n r\u0259hb\u0259rlik etdiyi n\u00fcmay\u0259nd\u0259 hey\u0259tini q\u0259bul ed\u0259r\u0259k\u0259n bu sah\u0259d\u0259 \u0259m\u0259kda\u015fl\u0131q \u00fc\u00e7\u00fcn m\u00f6vcud imkanlar geni\u015f m\u00fczakir\u0259 edildi. D\u00f6vl\u0259t ba\u015f\u00e7\u0131s\u0131 \u0130lham \u018fliyev alman i\u015f adamlar\u0131 il\u0259 \u00f6t\u0259n il Berlind\u0259, bu yax\u0131nlarda is\u0259 M\u00fcnxend\u0259 ke\u00e7irdiyi g\u00f6r\u00fc\u015fl\u0259rini m\u0259mnunluqla xat\u0131rlayaraq, indi d\u0259 b\u00f6y\u00fck n\u00fcmay\u0259nd\u0259 hey\u0259tinin iqtisadi \u0259m\u0259kda\u015fl\u0131\u011f\u0131n g\u00fcnd\u0259liyinin m\u00fczakir\u0259si \u00fc\u00e7\u00fcn Az\u0259rbaycana s\u0259f\u0259r etm\u0259sinin \u00f6n\u0259mini x\u00fcsusi vur\u011fulad\u0131. B\u00f6y\u00fck n\u00fcmay\u0259nd\u0259 hey\u0259tinin Az\u0259rbaycana s\u0259f\u0259rini y\u00fcks\u0259k qiym\u0259tl\u0259ndir\u0259n Prezident \u0130lham \u018fliyev iqtisadi sah\u0259nin ikit\u0259r\u0259fli m\u00fcnasib\u0259tl\u0259rimizd\u0259 h\u0259mi\u015f\u0259 m\u00fch\u00fcm rol oynad\u0131\u011f\u0131n\u0131 dey\u0259r\u0259k bunu \u0259laq\u0259l\u0259rimizin yax\u015f\u0131 g\u00f6st\u0259ricisi kimi d\u0259y\u0259rl\u0259ndirdi.<\/p>\n<p>G\u00f6r\u00fc\u015fd\u0259 iqtisadi \u0259laq\u0259l\u0259rin perspektivl\u0259ri, o c\u00fcml\u0259d\u0259n energetika, birg\u0259 layih\u0259l\u0259r, investisiya v\u0259 dig\u0259r sah\u0259l\u0259rd\u0259 \u0259m\u0259kda\u015fl\u0131qla ba\u011fl\u0131 m\u0259s\u0259l\u0259l\u0259r \u0259traf\u0131nda fikir m\u00fcbadil\u0259si apar\u0131ld\u0131.<\/p>\n<p>Prezident \u0130lham \u018fliyevin g\u00f6r\u00fc\u015f zaman\u0131 \u0259sas diqq\u0259t g\u00f6st\u0259rdiyi m\u0259s\u0259l\u0259 \u00f6lk\u0259miz\u0259 qar\u015f\u0131 \u0259sass\u0131z t\u0259bli\u011fat\u0131n apar\u0131lmas\u0131, d\u00fcnyan\u0131n apar\u0131c\u0131 d\u00f6vl\u0259tl\u0259rinin, n\u00fcfuzlu beyn\u0259lxalq t\u0259\u015fkilatlar\u0131n ikili standartlara \u0259saslanan siyas\u0259tinin yaratd\u0131\u011f\u0131 probleml\u0259r oldu. Bir daha vur\u011fuland\u0131 ki, beyn\u0259lxalq h\u00fcququn normalar\u0131 Az\u0259rbaycan\u0131n t\u0259r\u0259find\u0259dir. \u00d6lk\u0259mizin suverenliyini v\u0259 \u0259razi b\u00fct\u00f6vl\u00fcy\u00fcn\u00fc t\u0259min etm\u0259si il\u0259 ba\u011fl\u0131 bizi h\u0259r hans\u0131 g\u00fcnahland\u0131rma c\u0259hdl\u0259ri tamamil\u0259 \u0259sass\u0131z v\u0259 q\u0259r\u0259zlidir.<\/p>\n<p>Kansler \u015eoltsun t\u0259\u015f\u0259bb\u00fcs\u00fc il\u0259 bu yax\u0131nlarda M\u00fcnxend\u0259 Erm\u0259nistan\u0131n ba\u015f naziri Nikol Pa\u015finyanla ke\u00e7iril\u0259n g\u00f6r\u00fc\u015f\u00fcn s\u00fclh prosesin\u0259 dinamizm g\u0259tirilm\u0259si bax\u0131m\u0131ndan \u00f6n\u0259mini vur\u011fulayan c\u0259nab \u0130lham \u018fliyev bununla yana\u015f\u0131, Almaniya t\u0259r\u0259finin t\u0259klifi il\u0259 xarici i\u015fl\u0259r nazirl\u0259ri aras\u0131nda Berlind\u0259 g\u00f6r\u00fc\u015f\u00fcn ke\u00e7irilm\u0259sinin d\u0259 Az\u0259rbaycan t\u0259r\u0259find\u0259n d\u0259st\u0259kl\u0259ndiyini qeyd etdi. Almaniya qon\u015fulu\u011funda yerl\u0259\u015f\u0259n, nec\u0259 dey\u0259rl\u0259r, alovun \u00fcst\u00fcn\u0259 benzin t\u00f6k\u0259n v\u0259 Erm\u0259nistan\u0131 \u00f6ld\u00fcr\u00fcc\u00fc silahlarla t\u0259chiz ed\u0259n Fransadan f\u0259rqli olaraq s\u00fclh prosesind\u0259 neytrall\u0131q n\u00fcmayi\u015f etdirir.<\/p>\n<p>Prezident \u0130lham \u018fliyev t\u0259\u0259ss\u00fcf hissi il\u0259 qeyd etdi ki, bu g\u00fcn ikili standartlar bir s\u0131ra beyn\u0259lxalq institutlar, o c\u00fcml\u0259d\u0259n Avropa \u0130ttifaq\u0131 \u00fc\u00e7\u00fcn adi hala \u00e7evrilib. Bu bax\u0131mdan Cozep Borrelin qeyri-adekvat b\u0259yanatlar\u0131 Az\u0259rbaycan\u0131 \u00e7ox m\u0259yus edib. Onun bu b\u0259yanatlar\u0131 he\u00e7 bir reall\u0131\u011f\u0131 \u0259ks etdirmir v\u0259 beyn\u0259lxalq h\u00fcququn normalar\u0131na ziddir. Digar t\u0259r\u0259fd\u0259n, Az\u0259rbaycan t\u0259r\u0259fi bu b\u0259yanatlar\u0131 \u00f6lk\u0259miz\u0259 qar\u015f\u0131 p\u0259rd\u0259l\u0259nmi\u015f t\u0259hdid kimi qiym\u0259tl\u0259ndirir. Bel\u0259 ki, Borrel bildirib ki, Az\u0259rbaycan Erm\u0259nistana h\u00fccum ed\u0259rs\u0259, bunun ac\u0131 n\u0259tic\u0259l\u0259rini g\u00f6r\u0259c\u0259k. C\u0259nab \u0130lham \u018fliyev bu \u00e7a\u011f\u0131r\u0131\u015f\u0131 etdi: \u00ab \u018fvv\u0259la, Borrel bu m\u0259lumat\u0131 haradan al\u0131b ki, Az\u0259rbaycan Erm\u0259nistana h\u00fccum etm\u0259yi planla\u015fd\u0131r\u0131r? Bizd\u0259 bel\u0259 planlar yoxdur. Onlar c\u0259nab Makronun insinuasiyalar\u0131d\u0131r. B\u00fct\u00fcn bunlar Fransan\u0131n guya Az\u0259rbaycan\u0131n Erm\u0259nistana h\u00fccuma haz\u0131rla\u015fmas\u0131 il\u0259 ba\u011fl\u0131 \u00f6lk\u0259mizin demoniz\u0259 edilm\u0259sin\u0259 \u0259saslanan anti-Az\u0259rbaycan siyas\u0259tinin bir hiss\u0259sidir.\u00bb<\/p>\n<p>Tarixi Z\u0259f\u0259rimizd\u0259n \u00fc\u00e7 ild\u0259n art\u0131q vaxt ke\u00e7s\u0259 d\u0259 onun yaratd\u0131\u011f\u0131 reall\u0131qlar, 10 noyabr tarixli \u00fc\u00e7t\u0259r\u0259fli B\u0259yanatda \u0259ksini tapan m\u00fcdd\u0259alardan ir\u0259li g\u0259l\u0259n \u00f6hd\u0259likl\u0259rin Az\u0259rbaycan v\u0259 Erm\u0259nistan t\u0259r\u0259find\u0259n hans\u0131 s\u0259viyy\u0259d\u0259 yerin\u0259 yetirilm\u0259si m\u00fczakir\u0259 olunmaqdad\u0131r. Az\u0259rbaycan b\u00fct\u00fcn \u00f6hd\u0259likl\u0259r\u0259 sadiqdir v\u0259 onlar\u0131n yerin\u0259 yetirilm\u0259si istiqam\u0259tind\u0259 s\u0259yl\u0259r g\u00f6st\u0259rir. Erm\u0259nistan is\u0259 h\u0259r vasit\u0259 il\u0259 bu \u00f6hd\u0259likl\u0259rin icras\u0131ndan yay\u0131nd\u0131, s\u00fclh m\u00fcqavil\u0259sinin imzalanmas\u0131n\u0131n uzanmas\u0131nda maraql\u0131 oldu\u011funu n\u00fcmayi\u015f etdirir. Erm\u0259nistan\u0131n \u00fcz\u0259rin\u0259 d\u00fc\u015f\u0259n \u00f6hd\u0259likl\u0259ri yerin\u0259 yetirm\u0259k bar\u0259d\u0259 d\u00fc\u015f\u00fcnm\u0259m\u0259si, h\u0259rbi t\u0259xribatlar\u0131n\u0131 davam etdirm\u0259si Az\u0259rbaycan Silahl\u0131 Q\u00fcvv\u0259l\u0259rinin \u00f6t\u0259n ilin 19-20 sentyabar tarixl\u0259rind\u0259 lokal antiterror t\u0259dbirl\u0259rini h\u0259yata ke\u00e7irm\u0259sini \u015f\u0259rtl\u0259ndirdi. Az\u0259rbaycan\u0131n \u0259razi b\u00fct\u00f6vl\u00fcy\u00fcn\u00fc v\u0259 suverenliyini b\u0259rpa etm\u0259si \u0259dal\u0259t v\u0259 beyn\u0259lxalq h\u00fcquqa s\u00f6yk\u0259nir. \u00d6lk\u0259miz he\u00e7 bir \u00f6lk\u0259y\u0259, eyni zamanda, Erm\u0259nistana h\u00fccum etmir. Erm\u0259nistan\u0131n v\u0259 ona havadarl\u0131q ed\u0259n d\u00f6vl\u0259tl\u0259rin apard\u0131\u011f\u0131 t\u0259bli\u011fat\u0131n he\u00e7 \u0259sas\u0131 yoxdur.<\/p>\n<p>M\u00fcnaqi\u015f\u0259nin h\u0259llinin 30 il uzanmas\u0131nda bel\u0259 ikili siyas\u0259tl\u0259rin rolu inkaredilm\u0259z idi. Bir t\u0259r\u0259fd\u0259n Erm\u0259nistana maddi v\u0259 m\u0259n\u0259vi d\u0259st\u0259k g\u00f6st\u0259rilir, silahland\u0131r\u0131l\u0131r, i\u015f\u011fal\u00e7\u0131 d\u00f6vl\u0259t oldu\u011fu dil\u0259 g\u0259tirilmir, dig\u0259r t\u0259r\u0259fd\u0259n d\u0259 m\u00fcnaqi\u015f\u0259nin s\u00fclh yolu il\u0259 h\u0259llinin m\u00fcmk\u00fcnl\u00fcy\u00fc bar\u0259d\u0259 fikirl\u0259r s\u00f6yl\u0259nilirdi. Bu gedi\u015fl\u0259rin n\u0259tic\u0259si g\u00f6z \u00f6n\u00fcnd\u0259dir. Beyn\u0259lxalq t\u0259\u015fkilatlar, o c\u00fcml\u0259d\u0259n BMT, onun T\u0259hl\u00fck\u0259sizlik \u015euras\u0131, AT\u018fT i\u015f\u011fal\u00e7\u0131 d\u00f6vl\u0259ti m\u0259cbur edib buradan \u00e7\u0131xarmal\u0131 idi. Erm\u0259nistana qar\u015f\u0131 sanksiyalar t\u0259tbiq edilm\u0259li idi. Bunlar\u0131n he\u00e7 biri g\u00f6r\u00fclm\u0259di. \u018fksin\u0259, bu i\u015f\u011fal\u0131 \u0259b\u0259dil\u0259\u015fdirm\u0259k \u00fc\u00e7\u00fcn Erm\u0259nistan, d\u00fcnya erm\u0259niliyi v\u0259 onlar\u0131n xaricd\u0259ki havadarlar\u0131 birl\u0259\u015f\u0259r\u0259k bu \u00e7irkin niyy\u0259ti h\u0259yata ke\u00e7irm\u0259k ist\u0259yirdil\u0259r. C\u0259nab \u0130lham \u018fliyev \u0259n y\u00fcks\u0259k tribunalardan b\u0259yan edirdi ki, Az\u0259rbaycan xalq\u0131 buna he\u00e7 vaxt raz\u0131 olmayacaq. S\u00fclh yolu il\u0259 h\u0259ll olunmasa, bunu h\u0259rb yolu il\u0259 h\u0259ll ed\u0259c\u0259yik v\u0259 etdik.<\/p>\n<p>C\u0259mi 44 g\u00fcn \u0259rzind\u0259 Erm\u0259nistan ordusunu darmada\u011f\u0131n etdik. Al\u0131nmaz qala say\u0131lan \u015eu\u015fan\u0131 azad etdik. C\u0259bray\u0131l\u0131, F\u00fczulini, Z\u0259ngilan\u0131, Qubadl\u0131n\u0131, Hadrutu, Xocav\u0259ndi d\u00f6y\u00fc\u015f meydan\u0131nda azad etdik. D\u00fc\u015fm\u0259n diz \u00e7\u00f6kd\u00fc v\u0259 La\u00e7\u0131n\u0131, K\u0259lb\u0259c\u0259ri, A\u011fdam\u0131 t\u0259rk etm\u0259y\u0259 m\u0259cbur oldu. Bu g\u00fcn Az\u0259rbaycan\u0131n b\u00fct\u00fcn torpaqlar\u0131nda \u00fc\u00e7r\u0259ngli Bayra\u011f\u0131m\u0131z dal\u011falan\u0131r.<\/p>\n<p>Prezident \u0130lham \u018fliyev s\u00f6z\u00fcged\u0259n q\u0259bulda onu da bildirdi ki, Az\u0259rbaycan s\u00fclh prosesin\u0259 sadiqdir. M\u0259hz biz \u0130kinci Qaraba\u011f m\u00fcharib\u0259si ba\u015fa \u00e7atd\u0131qdan sonra s\u00fclh dan\u0131\u015f\u0131qlar\u0131 t\u0259\u015f\u0259bb\u00fcs\u00fc il\u0259 \u00e7\u0131x\u0131\u015f etdik: \u00ab\u018fslind\u0259, biz s\u00fclh yolu il\u0259 h\u0259llin be\u015f \u0259sas prinsipini i\u015fl\u0259yib haz\u0131rlad\u0131q v\u0259 s\u00fclh m\u00fcqavil\u0259sinin m\u0259tninin layih\u0259sini t\u0259qdim etdik. Bel\u0259likl\u0259, biz \u0259g\u0259r s\u00fclh ist\u0259miriks\u0259 niy\u0259 bunlar\u0131n ham\u0131s\u0131n\u0131 haz\u0131rlam\u0131\u015f\u0131q?!\u00bb<\/p>\n<p>Tarixi Z\u0259f\u0259rimizd\u0259n sonra Erm\u0259nistana s\u00fclh t\u0259klifinin edilm\u0259si \u00f6lk\u0259mizin humanist siyas\u0259tinin t\u0259rkib hiss\u0259sidir. Qeyd etdiyimiz kimi, m\u0259nfur d\u00fc\u015fm\u0259n 30 il torpaqlar\u0131m\u0131z\u0131 i\u015f\u011fal alt\u0131nda saxlad\u0131, soyda\u015flar\u0131m\u0131z qa\u00e7q\u0131n v\u0259 m\u0259cburi k\u00f6\u00e7k\u00fcn h\u0259yat\u0131n\u0131 ya\u015fad\u0131lar, bu torpaqlarda b\u00fct\u00fcn tarixi v\u0259 dini abid\u0259l\u0259rimiz da\u011f\u0131d\u0131ld\u0131, m\u0259scidl\u0259rimizd\u0259 donuz saxlan\u0131ld\u0131, t\u00f6r\u0259dil\u0259n h\u0259rbi t\u0259xribatlar n\u0259tic\u0259sind\u0259 n\u0259 q\u0259d\u0259r itkil\u0259rimiz oldu. Az\u0259rbaycan\u0131n s\u00fclh m\u00fcqavil\u0259sinin imzalanmas\u0131 t\u0259klifi bunlar\u0131 unutmaq anlam\u0131na g\u0259lmir. Yeni d\u00f6vr\u00fcn reall\u0131qlar\u0131na uy\u011fun olaraq b\u00f6lg\u0259d\u0259 dayan\u0131ql\u0131 s\u00fclh\u00fcn v\u0259 t\u0259hl\u00fck\u0259sizliyin yarad\u0131lmas\u0131 m\u00fctl\u0259qdir. Lakin Erm\u0259nistan silahl\u0131 q\u00fcvv\u0259l\u0259rinin s\u0259rh\u0259dd\u0259 t\u0259xribat t\u00f6r\u0259d\u0259r\u0259k itkil\u0259r\u0259 s\u0259b\u0259b olmas\u0131 Az\u0259rbaycan d\u00f6vl\u0259tinin s\u0259brini t\u00fck\u0259ndirm\u0259y\u0259 bilm\u0259zdi. \u00abD\u0259mir yumruq\u00bbun davam\u0131 olaraq \u00abQisas\u00bb v\u0259 \u00abQ\u0259tiyy\u0259tli cavab\u00bb \u0259m\u0259liyyatlar\u0131, \u0259n \u0259sas\u0131 bir gunl\u00fck lokal antiterror t\u0259dbirl\u0259ri Erm\u0259nistana layiq oldu\u011fu yeri g\u00f6st\u0259rdi. M\u00fcz\u0259ff\u0259r Ali Ba\u015f Komandan \u0130lham \u018fliyev daim bu \u00e7a\u011f\u0131r\u0131\u015f\u0131 edir ki, \u0259g\u0259r d\u00fc\u015fm\u0259n biz\u0259 qar\u015f\u0131 t\u0259xribat t\u00f6r\u0259d\u0259c\u0259ks\u0259, layiqli cavab\u0131n\u0131 ver\u0259c\u0259yik. Bu g\u00fcn Erm\u0259nistan yax\u015f\u0131 fikirl\u0259\u015fm\u0259lidir. Biziml\u0259 he\u00e7 kim ultimatum dili il\u0259 dan\u0131\u015fa bilm\u0259z v\u0259 he\u00e7 kim\u0259 d\u0259 bel ba\u011flamas\u0131nlar. M\u0259n bir daha dem\u0259k ist\u0259yir\u0259m ki, bizi he\u00e7 kim v\u0259 he\u00e7 n\u0259 dayand\u0131ra bilm\u0259z. Biz haqq\u0131n, \u0259dal\u0259tin, beyn\u0259lxalq h\u00fcququn t\u0259r\u0259fdar\u0131y\u0131q. M\u00fcz\u0259ff\u0259r Ali Ba\u015f Komandan \u0130lham \u018fliyev fevral\u0131n 26-da &#8211; Xocal\u0131 soyq\u0131r\u0131m\u0131 g\u00fcn\u00fcnd\u0259 Xocal\u0131 \u015f\u0259h\u0259rind\u0259 rayon ictimaiyy\u0259tinin n\u00fcmay\u0259nd\u0259l\u0259ri il\u0259 g\u00f6r\u00fc\u015f\u00fcnd\u0259 Erm\u0259nistana v\u0259 ona havadarl\u0131q ed\u0259n d\u00f6vl\u0259tl\u0259r\u0259 bu mesaj\u0131 \u00e7atd\u0131rd\u0131: \u00abYeni yiy\u0259 axtar\u0131\u015f\u0131nda olan, onun-bunun quca\u011f\u0131na s\u0131\u011f\u0131nan Erm\u0259nistan bilm\u0259lidir ki, yegan\u0259 yol Az\u0259rbaycan\u0131n b\u00fct\u00fcn \u015f\u0259rtl\u0259rini q\u0259bul etm\u0259k v\u0259 Az\u0259rbaycana qar\u015f\u0131 \u0259razi iddialar\u0131ndan \u0259l \u00e7\u0259km\u0259kdir.\u00bb<\/p>\n<p>C\u0259nab \u0130lham \u018fliyev alman i\u015f adamlar\u0131 il\u0259 g\u00f6ru\u015f\u00fcnd\u0259 d\u00fcnya g\u00fccl\u0259rinin ikili siyas\u0259tinin m\u00fch\u00fcm g\u00f6st\u0259ricil\u0259rind\u0259n olan bu m\u00fch\u00fcm m\u0259qam\u0131 da x\u00fcsusi qeyd etdi ki, \u00f6z \u0259razi b\u00fct\u00f6vl\u00fcy\u00fcm\u00fcz\u00fc v\u0259 suverenliyimizi b\u0259rpa etdikd\u0259n sonra Avropa \u015euras\u0131 Parlament Assambleyas\u0131 Az\u0259rbaycan n\u00fcmay\u0259nd\u0259 hey\u0259tinin s\u0259s h\u00fcququndan m\u0259hrum edilm\u0259si bar\u0259d\u0259 q\u0259rar q\u0259bul edir. \u018ffsuslar olsun ki, bu q\u0259rar Almaniya parlamentinin \u00fczv\u00fcn\u00fcn t\u0259\u015f\u0259bb\u00fcs\u00fc il\u0259 q\u0259bul olunub v\u0259 o \u015f\u0259xs Kansler \u015eoltsun r\u0259hb\u0259rlik etdiyi partiyan\u0131n \u00fczv\u00fcd\u00fcr: \u00abBu, ikili standart deyilmi, yoxsa biziml\u0259 apar\u0131lan bir oyundur?! Almaniya Kansleri q\u0259r\u0259zsizlik n\u00fcmayi\u015f etdirir, onun b\u0259yanatlar\u0131 v\u0259 f\u0259aliyy\u0259ti bunu \u0259ks etdirir. Onun r\u0259hb\u0259rlik etdiyi partiyan\u0131n \u00fczv\u00fc is\u0259 A\u015ePA-da 2 qeyri-xristian \u00f6lk\u0259sind\u0259n biri olan Az\u0259rbaycan\u0131 uzaqla\u015fd\u0131rmaq ist\u0259yir v\u0259 bunu n\u00fcmayi\u015fkaran\u0259 v\u0259 m\u0259qs\u0259dy\u00f6nl\u00fc \u015f\u0259kild\u0259 edir. Bildiyiniz kimi, biz bu qurumun sessiyalar\u0131nda i\u015ftirak etm\u0259m\u0259k q\u0259rar\u0131na g\u0259lmi\u015fik. \u00c7\u00fcnki \u0259g\u0259r bizim \u00f6z m\u00f6vqeyimizi bildirm\u0259k h\u00fcququmuz yoxdursa, n\u0259y\u0259 g\u00f6r\u0259 orada olmal\u0131y\u0131q?!\u00bb D\u00f6vl\u0259t ba\u015f\u00e7\u0131s\u0131n\u0131n \u00ab\u018fg\u0259r bir il \u0259rzind\u0259 n\u00fcmay\u0259nd\u0259 hey\u0259timizin h\u00fcquqlar\u0131 b\u0259rpa olunmazsa, biz Avropa \u015euras\u0131ndan tamamil\u0259 \u00e7\u0131xma\u011f\u0131m\u0131z bar\u0259d\u0259 m\u0259s\u0259l\u0259y\u0259 ciddi \u015f\u0259kild\u0259 baxa bil\u0259rik\u00bb \u00e7a\u011f\u0131r\u0131\u015f\u0131 \u00f6lk\u0259miz\u0259 qar\u015f\u0131 q\u0259r\u0259zli m\u00f6vqeyi il\u0259 se\u00e7il\u0259n v\u0259 bunun h\u0259r an atd\u0131qlar\u0131 add\u0131mlar\u0131nda n\u00fcmayi\u015f etdir\u0259n Avropa institutlar\u0131na, o c\u00fcml\u0259d\u0259n Avropa \u015euras\u0131 r\u0259smil\u0259rin\u0259 ciddi mesajd\u0131r. Az\u0259rbaycan demokratik, h\u00fcquqi d\u00f6vl\u0259tdir. \u00d6lk\u0259miz demokratik d\u0259y\u0259rl\u0259r\u0259 sadiqliyini atd\u0131\u011f\u0131 h\u0259r bir add\u0131m\u0131nda t\u0259sdiql\u0259yir. C\u0259nab \u0130lham \u018fliyev h\u0259r zaman bu m\u0259qam\u0131 da vur\u011fulay\u0131r ki, at\u0131lan add\u0131mlar hans\u0131sa d\u00f6vl\u0259t\u0259, t\u0259\u015fkilata xo\u015f g\u0259lm\u0259k deyil, Az\u0259rbaycan\u0131n u\u011furlu g\u0259l\u0259c\u0259yi \u00fc\u00e7\u00fcnd\u00fcr.<\/p>\n<p>Prezident \u0130lham \u018fliyev bir m\u0259s\u0259l\u0259ni d\u0259 t\u0259\u0259ss\u00fcf hissi il\u0259 qeyd etdi ki, Almaniya m\u0259tbuat\u0131nda Az\u0259rbaycan guya azadl\u0131qlar\u0131n t\u0259min olunmad\u0131\u011f\u0131, insanlar\u0131n \u00f6z fikirl\u0259rin\u0259 g\u00f6r\u0259 h\u0259bs olundu\u011fu, diktaturan\u0131n h\u00f6km s\u00fcrd\u00fcy\u00fc despotik bir \u00f6lk\u0259 kimi t\u0259qdim edilir. Bu, tamamil\u0259 yaland\u0131r v\u0259 m\u0259n bundan t\u0259\u0259ss\u00fcf hissi ke\u00e7irir\u0259m.<\/p>\n<p>Reall\u0131q budur ki, insan h\u00fcquq v\u0259 azadl\u0131qlar\u0131n\u0131n qorunmas\u0131, yeni m\u00fcdafi\u0259 mexanizml\u0259rinin m\u00fc\u0259yy\u0259nl\u0259\u015fdirilm\u0259si d\u00f6vl\u0259t siyas\u0259tinin \u0259sas\u0131n\u0131 t\u0259\u015fkil edir. \u00d6lk\u0259mizd\u0259 insan amilin\u0259 veril\u0259n d\u0259y\u0259r at\u0131lan h\u0259r add\u0131mda \u00f6z\u00fcn\u00fc qabar\u0131q \u015f\u0259kild\u0259 b\u00fcruz\u0259 verir. C\u0259nab \u0130lham \u018fliyevin 2003-c\u00fc ild\u0259 ir\u0259li s\u00fcrd\u00fcy\u00fc v\u0259 art\u0131q reall\u0131\u011fa \u00e7evril\u0259n \u201cNeft kapital\u0131n\u0131 insan kapital\u0131na \u00e7evir\u0259k!\u201d tezisi d\u0259 bunun bariz n\u00fcmun\u0259sidir. Ulu \u00d6nd\u0259r Heyd\u0259r \u018fliyevin siyasi kursunu b\u00fct\u00fcn istiqam\u0259tl\u0259rd\u0259 u\u011furla davam etdir\u0259n Prezident \u0130lham \u018fliyevin 17 iyun 2007-ci il tarixli F\u0259rman\u0131 il\u0259 Az\u0259rbaycanda \u0130nsan H\u00fcquqlar\u0131 G\u00fcn\u00fc kimi t\u0259sis edilm\u0259si d\u0259 deyil\u0259nl\u0259rin t\u0259sdiqidir. \u0130nsan h\u00fcquqlar\u0131n\u0131n m\u00fcdafi\u0259si sah\u0259sind\u0259 apar\u0131lan islahatlar\u0131n davam etdirilm\u0259si m\u0259qs\u0259dil\u0259 Prezident \u0130lham \u018fliyevin S\u0259r\u0259ncam\u0131 il\u0259 \u201cAz\u0259rbaycan Respublikas\u0131nda insan h\u00fcquqlar\u0131n\u0131n m\u00fcdafi\u0259si \u00fczr\u0259 Milli F\u0259aliyy\u0259t Plan\u0131\u201dn\u0131n q\u0259bulu da insan amilin\u0259 diqq\u0259tin t\u0259zah\u00fcr\u00fcd\u00fcr. H\u0259m\u00e7inin Milli Konstitusiyam\u0131z\u0131n q\u0259bulundan \u00f6t\u0259n 29 il\u0259 yax\u0131n d\u00f6vrd\u0259 ali s\u0259n\u0259d\u0259 \u00fc\u00e7 d\u0259f\u0259 \u0259lav\u0259 v\u0259 d\u0259yi\u015fiklikl\u0259rin edilm\u0259si m\u0259qs\u0259dil\u0259 \u00fcmumxalq s\u0259sverm\u0259sinin ke\u00e7irilm\u0259si d\u0259 d\u00f6vl\u0259timizin yenil\u0259\u015fm\u0259y\u0259, t\u0259kmill\u0259\u015fm\u0259y\u0259 n\u0259 q\u0259d\u0259r maraql\u0131 oldu\u011funu t\u0259sdiql\u0259yir. \u018flav\u0259 v\u0259 d\u0259yi\u015fiklikl\u0259rin bir qismi insan h\u00fcquq v\u0259 azadl\u0131qlar\u0131n\u0131n, yeni m\u00fcdafi\u0259 mexanizml\u0259rinin m\u00fc\u0259yy\u0259nl\u0259\u015fdirilm\u0259sin\u0259, bir qismi is\u0259 idar\u0259\u00e7ilik sistemind\u0259 yenil\u0259\u015fm\u0259y\u0259 xidm\u0259t edir.<\/p>\n<p>\u00d6lk\u0259miz\u0259 qar\u015f\u0131 apar\u0131lan q\u0259r\u0259zli t\u0259\u011fli\u011fata tutarl\u0131 cavab Prezident \u0130lham \u018fliyevin m\u00fcsahib\u0259l\u0259rinin birind\u0259 \u201cSiz Az\u0259rbaycanda hans\u0131 siyasi islahatlar\u0131 u\u011furlu hesab edirsiniz v\u0259 siyasi inki\u015faf \u00fc\u00e7\u00fcn, \u00f6lk\u0259d\u0259 siyasi islahatlar \u00fc\u00e7\u00fcn daha n\u0259 etm\u0259k laz\u0131md\u0131r\u201d sual\u0131na cavab\u0131d\u0131r. C\u0259nab \u0130lham \u018fliyev bildirmi\u015fdir ki, bu m\u00f6vzu daim bizim f\u0259aliyy\u0259timizin g\u00fcnd\u0259liyind\u0259dir v\u0259 m\u0259n d\u0259f\u0259l\u0259rl\u0259 a\u00e7\u0131q b\u0259yan etmi\u015f\u0259m ki, siyasi sistemd\u0259 islahatlar apar\u0131lmadan iqtisadi sah\u0259d\u0259 davaml\u0131 inki\u015fafa nail olmaq m\u00fcmk\u00fcn deyil. Son d\u00f6vrd\u0259 bu istiqam\u0259td\u0259 \u00e7ox i\u015f g\u00f6r\u00fcl\u00fcb. Az\u0259rbaycan d\u00fcnya \u00fc\u00e7\u00fcn a\u00e7\u0131q \u00f6lk\u0259dir. \u00d6lk\u0259mizd\u0259 b\u00fct\u00fcn demokratik t\u0259sisatlar m\u00f6vcuddur, m\u0259tbuat azadl\u0131\u011f\u0131 tam t\u0259min edilir. Az\u0259rbaycan internetin azad oldu\u011fu \u00f6lk\u0259dir. \u0130nternet istifad\u0259\u00e7il\u0259rinin say\u0131 art\u0131r v\u0259 \u0259halinin t\u0259xmin\u0259n 85 faizd\u0259n \u00e7oxunu t\u0259\u015fkil edir. S\u0259rb\u0259st topla\u015fma azadl\u0131\u011f\u0131, siyasi f\u0259aliyy\u0259t azadl\u0131\u011f\u0131 da tam t\u0259min edilir.<\/p>\n<p>33 il\u0259 yax\u0131n m\u00fcst\u0259qillik tarixin\u0259 malik \u00f6lk\u0259miz demokratik d\u0259y\u0259rl\u0259r\u0259 sadiqliyini s\u00f6zd\u0259 deyil, \u0259m\u0259ld\u0259 s\u00fcbut etdiyini atd\u0131\u011f\u0131 add\u0131mlar\u0131 il\u0259 t\u0259sdiql\u0259yir. Sabitliyin, qanunun aliliyinin t\u0259min olundu\u011fu \u00f6lk\u0259d\u0259 demokratik inki\u015faf\u0131n qa\u00e7\u0131lmaz oldu\u011funu \u00f6n\u0259 \u00e7\u0259k\u0259n c\u0259nab \u0130lham \u018fliyev\u00a0bildirir ki, biz qanunun aliliyinin t\u0259min olundu\u011fu, y\u00fcks\u0259k s\u0259viyy\u0259d\u0259 \u015f\u0259ffafl\u0131q olan, h\u0259r bir insan\u0131n s\u00fclh v\u0259 \u0259min-amanlaq \u015f\u0259raitind\u0259 ya\u015fad\u0131\u011f\u0131 v\u0259 b\u00fct\u00fcn azadl\u0131qlardan istifad\u0259 etdiyi c\u0259miyy\u0259t qururuq. \u0130qtisadi art\u0131m, c\u0259miyy\u0259tin demokratikl\u0259\u015fm\u0259si siyas\u0259timizin \u0259sas elementl\u0259ridir v\u0259 biri dig\u0259rsiz m\u00fcmk\u00fcn ola bilm\u0259z. \u0130qtisadi c\u0259h\u0259td\u0259n g\u00fccl\u00fc olan \u00f6lk\u0259d\u0259 demokratiya, \u015f\u0259ffafl\u0131q yoxdursa, insan h\u00fcquqlar\u0131 y\u00fcks\u0259k s\u0259viyy\u0259d\u0259 qorunmursa, u\u011furdan dan\u0131\u015fmaq qeyri-m\u00fcmk\u00fcnd\u00fcr. Az\u0259rbaycan\u0131n demokratiya t\u0259cr\u00fcb\u0259si n\u00fcmun\u0259dir.<\/p>\n","protected":false},"excerpt":{"rendered":"<p>D\u00f6vl\u0259t ba\u015f\u00e7\u0131s\u0131 \u0130lham \u018fliyev Alman \u0130qtisadiyyat\u0131n\u0131n \u015e\u0259rq Komit\u0259sinin s\u0259dri Mixael Harms\u0131n r\u0259hb\u0259rlik etdiyi n\u00fcmay\u0259nd\u0259 hey\u0259ti il\u0259 g\u00f6r\u00fc\u015f\u00fcnd\u0259 bir daha bu reall\u0131\u011f\u0131 diqq\u0259t\u0259 \u00e7atd\u0131rd\u0131 ki, bu g\u00fcn ikili standartlar bir s\u0131ra beyn\u0259lxalq institutlar, o c\u00fcml\u0259d\u0259n Avropa \u0130ttifaq\u0131 \u00fc\u00e7\u00fcn adi hala \u00e7evrilib Az\u0259rbaycan iqtisadi inki\u015faf\u0131 il\u0259 daim d\u00fcnyan\u0131n diqq\u0259tind\u0259dir. \u0130qtisadiyyat\u0131n d\u00fczg\u00fcn \u0259saslar \u00fcz\u0259rind\u0259 qurulmas\u0131 dayan\u0131ql\u0131 inki\u015faf\u0131 \u015f\u0259rtl\u0259ndir\u0259n \u0259sas amill\u0259r s\u0131ras\u0131ndand\u0131r. 2003-c\u00fc ild\u0259n iqtisadi art\u0131m\u0131n qeyri-neft sektorunun hesab\u0131na olmas\u0131n\u0131 qar\u015f\u0131ya prioritet m\u0259s\u0259l\u0259 kimi qoyan d\u00f6vl\u0259t ba\u015f\u00e7\u0131s\u0131 \u0130lham \u018fliyev h\u0259d\u0259f\u0259 \u00e7atmaq m\u0259qs\u0259dil\u0259 regionlar\u0131n malik oldu\u011fu potensialdan s\u0259m\u0259r\u0259li istifad\u0259 etm\u0259k \u00fc\u00e7\u00fcn Regional inki\u015faf proqramlar\u0131n\u0131 t\u0259sdiql\u0259di.&hellip;<\/p>\n","protected":false},"author":2,"featured_media":696415,"comment_status":"closed","ping_status":"closed","sticky":false,"template":"","format":"standard","meta":{"om_disable_all_campaigns":false,"_monsterinsights_skip_tracking":false,"_monsterinsights_sitenote_active":false,"_monsterinsights_sitenote_note":"","_monsterinsights_sitenote_category":0},"categories":[19],"tags":[],"aioseo_notices":[],"gutentor_comment":0,"rttpg_featured_image_url":{"full":["https:\/\/arantv.az\/wp-content\/uploads\/2024\/03\/39e98420170927082870148976910884353.jpg",975,540,false],"landscape":["https:\/\/arantv.az\/wp-content\/uploads\/2024\/03\/39e98420170927082870148976910884353.jpg",975,540,false],"portraits":["https:\/\/arantv.az\/wp-content\/uploads\/2024\/03\/39e98420170927082870148976910884353.jpg",975,540,false],"thumbnail":["https:\/\/arantv.az\/wp-content\/uploads\/2024\/03\/39e98420170927082870148976910884353-500x280.jpg",500,280,true],"medium":["https:\/\/arantv.az\/wp-content\/uploads\/2024\/03\/39e98420170927082870148976910884353-660x365.jpg",660,365,true],"large":["https:\/\/arantv.az\/wp-content\/uploads\/2024\/03\/39e98420170927082870148976910884353-840x465.jpg",640,354,true],"1536x1536":["https:\/\/arantv.az\/wp-content\/uploads\/2024\/03\/39e98420170927082870148976910884353.jpg",975,540,false],"2048x2048":["https:\/\/arantv.az\/wp-content\/uploads\/2024\/03\/39e98420170927082870148976910884353.jpg",975,540,false],"post-thumbnail":["https:\/\/arantv.az\/wp-content\/uploads\/2024\/03\/39e98420170927082870148976910884353-240x172.jpg",240,172,true],"advps-thumb-one":["https:\/\/arantv.az\/wp-content\/uploads\/2024\/03\/39e98420170927082870148976910884353.jpg",975,540,false]},"rttpg_author":{"display_name":"V\u00fcsal Rafiqo\u011flu","author_link":"https:\/\/arantv.az\/?author=2"},"rttpg_comment":0,"rttpg_category":"<a href=\"https:\/\/arantv.az\/?cat=19\" rel=\"category\">G\u00fcnd\u0259m<\/a>","rttpg_excerpt":"D\u00f6vl\u0259t ba\u015f\u00e7\u0131s\u0131 \u0130lham \u018fliyev Alman \u0130qtisadiyyat\u0131n\u0131n \u015e\u0259rq Komit\u0259sinin s\u0259dri Mixael Harms\u0131n r\u0259hb\u0259rlik etdiyi n\u00fcmay\u0259nd\u0259 hey\u0259ti il\u0259 g\u00f6r\u00fc\u015f\u00fcnd\u0259 bir daha bu reall\u0131\u011f\u0131 diqq\u0259t\u0259 \u00e7atd\u0131rd\u0131 ki, bu g\u00fcn ikili standartlar bir s\u0131ra beyn\u0259lxalq institutlar, o c\u00fcml\u0259d\u0259n Avropa \u0130ttifaq\u0131 \u00fc\u00e7\u00fcn adi hala \u00e7evrilib Az\u0259rbaycan iqtisadi inki\u015faf\u0131 il\u0259 daim d\u00fcnyan\u0131n diqq\u0259tind\u0259dir. \u0130qtisadiyyat\u0131n d\u00fczg\u00fcn \u0259saslar \u00fcz\u0259rind\u0259 qurulmas\u0131 dayan\u0131ql\u0131 inki\u015faf\u0131 \u015f\u0259rtl\u0259ndir\u0259n&hellip;","_links":{"self":[{"href":"https:\/\/arantv.az\/index.php?rest_route=\/wp\/v2\/posts\/696418"}],"collection":[{"href":"https:\/\/arantv.az\/index.php?rest_route=\/wp\/v2\/posts"}],"about":[{"href":"https:\/\/arantv.az\/index.php?rest_route=\/wp\/v2\/types\/post"}],"author":[{"embeddable":true,"href":"https:\/\/arantv.az\/index.php?rest_route=\/wp\/v2\/users\/2"}],"replies":[{"embeddable":true,"href":"https:\/\/arantv.az\/index.php?rest_route=%2Fwp%2Fv2%2Fcomments&post=696418"}],"version-history":[{"count":0,"href":"https:\/\/arantv.az\/index.php?rest_route=\/wp\/v2\/posts\/696418\/revisions"}],"wp:featuredmedia":[{"embeddable":true,"href":"https:\/\/arantv.az\/index.php?rest_route=\/wp\/v2\/media\/696415"}],"wp:attachment":[{"href":"https:\/\/arantv.az\/index.php?rest_route=%2Fwp%2Fv2%2Fmedia&parent=696418"}],"wp:term":[{"taxonomy":"category","embeddable":true,"href":"https:\/\/arantv.az\/index.php?rest_route=%2Fwp%2Fv2%2Fcategories&post=696418"},{"taxonomy":"post_tag","embeddable":true,"href":"https:\/\/arantv.az\/index.php?rest_route=%2Fwp%2Fv2%2Ftags&post=696418"}],"curies":[{"name":"wp","href":"https:\/\/api.w.org\/{rel}","templated":true}]}}