{"id":696430,"date":"2024-03-01T10:30:31","date_gmt":"2024-03-01T06:30:31","guid":{"rendered":"https:\/\/arantv.az\/?p=696430"},"modified":"2024-03-01T10:30:31","modified_gmt":"2024-03-01T06:30:31","slug":"rusiyanin-iraero-aviasirk%c9%99ti-omsk-baki-reysin%c9%99-baslayacaq","status":"publish","type":"post","link":"https:\/\/arantv.az\/?p=696430","title":{"rendered":"Rusiyan\u0131n \u201cIrAero\u201d avia\u015firk\u0259ti Omsk-Bak\u0131 reysin\u0259 ba\u015flayacaq"},"content":{"rendered":"<p>Rusiyan\u0131n \u201cIrAero\u201d avia\u015firk\u0259ti Omsk-Bak\u0131 reysi \u00fc\u00e7\u00fcn biletl\u0259rin sat\u0131\u015f\u0131na ba\u015flay\u0131b.<\/p>\n<p>Bu bar\u0259d\u0259 Omsk hava liman\u0131n\u0131n m\u0259tbuat xidm\u0259ti m\u0259lumat verib.<\/p>\n<p>Az\u0259rbaycan\u0131n paytaxt\u0131na ilk u\u00e7u\u015f aprelin 2-d\u0259 h\u0259yata ke\u00e7iril\u0259c\u0259k.<\/p>\n<p>Omskdan u\u00e7u\u015flar h\u0259ft\u0259nin ikinci g\u00fcnl\u0259ri yerli vaxtla saat 04:00-da, Heyd\u0259r \u018fliyev Beyn\u0259lxalq Hava Liman\u0131na eni\u015f yerli vaxtla saat 05:30-da h\u0259yata ke\u00e7iril\u0259c\u0259k.<\/p>\n<p>Paytaxtdan u\u00e7u\u015flar h\u0259ft\u0259nin birinci g\u00fcn\u00fc Bak\u0131 vaxt\u0131 il\u0259 saat 21:20-d\u0259, Omska eni\u015f is\u0259 yerli vaxtla saat 02:50-d\u0259 h\u0259yata ke\u00e7iril\u0259c\u0259k.<\/p>\n<p>Qeyd edilib ki, Bak\u0131 il\u0259 Omsk aras\u0131nda sonuncu d\u0259f\u0259 birba\u015fa u\u00e7u\u015flar 2014-c\u00fc ild\u0259 h\u0259yata ke\u00e7irilib.<\/p>\n<p>M\u0259nb\u0259: Oms.aero<\/p>\n","protected":false},"excerpt":{"rendered":"<p>Rusiyan\u0131n \u201cIrAero\u201d avia\u015firk\u0259ti Omsk-Bak\u0131 reysi \u00fc\u00e7\u00fcn biletl\u0259rin sat\u0131\u015f\u0131na ba\u015flay\u0131b. Bu bar\u0259d\u0259 Omsk hava liman\u0131n\u0131n m\u0259tbuat xidm\u0259ti m\u0259lumat verib. Az\u0259rbaycan\u0131n paytaxt\u0131na ilk u\u00e7u\u015f aprelin 2-d\u0259 h\u0259yata ke\u00e7iril\u0259c\u0259k. Omskdan u\u00e7u\u015flar h\u0259ft\u0259nin ikinci g\u00fcnl\u0259ri yerli vaxtla saat 04:00-da, Heyd\u0259r \u018fliyev Beyn\u0259lxalq Hava Liman\u0131na eni\u015f yerli vaxtla saat 05:30-da h\u0259yata ke\u00e7iril\u0259c\u0259k. Paytaxtdan u\u00e7u\u015flar h\u0259ft\u0259nin birinci g\u00fcn\u00fc Bak\u0131 vaxt\u0131 il\u0259 saat 21:20-d\u0259, Omska eni\u015f is\u0259 yerli vaxtla saat 02:50-d\u0259 h\u0259yata ke\u00e7iril\u0259c\u0259k. Qeyd edilib ki, Bak\u0131 il\u0259 Omsk aras\u0131nda sonuncu d\u0259f\u0259 birba\u015fa u\u00e7u\u015flar 2014-c\u00fc ild\u0259 h\u0259yata ke\u00e7irilib. M\u0259nb\u0259: Oms.aero<\/p>\n","protected":false},"author":2,"featured_media":696431,"comment_status":"closed","ping_status":"closed","sticky":false,"template":"","format":"standard","meta":{"om_disable_all_campaigns":false,"_monsterinsights_skip_tracking":false,"_monsterinsights_sitenote_active":false,"_monsterinsights_sitenote_note":"","_monsterinsights_sitenote_category":0},"categories":[7],"tags":[],"aioseo_notices":[],"gutentor_comment":0,"rttpg_featured_image_url":{"full":["https:\/\/arantv.az\/wp-content\/uploads\/2024\/03\/426146061_949331216767361_1448127506002138887_n.jpg",620,413,false],"landscape":["https:\/\/arantv.az\/wp-content\/uploads\/2024\/03\/426146061_949331216767361_1448127506002138887_n.jpg",620,413,false],"portraits":["https:\/\/arantv.az\/wp-content\/uploads\/2024\/03\/426146061_949331216767361_1448127506002138887_n.jpg",620,413,false],"thumbnail":["https:\/\/arantv.az\/wp-content\/uploads\/2024\/03\/426146061_949331216767361_1448127506002138887_n-500x280.jpg",500,280,true],"medium":["https:\/\/arantv.az\/wp-content\/uploads\/2024\/03\/426146061_949331216767361_1448127506002138887_n-548x365.jpg",548,365,true],"large":["https:\/\/arantv.az\/wp-content\/uploads\/2024\/03\/426146061_949331216767361_1448127506002138887_n.jpg",620,413,false],"1536x1536":["https:\/\/arantv.az\/wp-content\/uploads\/2024\/03\/426146061_949331216767361_1448127506002138887_n.jpg",620,413,false],"2048x2048":["https:\/\/arantv.az\/wp-content\/uploads\/2024\/03\/426146061_949331216767361_1448127506002138887_n.jpg",620,413,false],"post-thumbnail":["https:\/\/arantv.az\/wp-content\/uploads\/2024\/03\/426146061_949331216767361_1448127506002138887_n-240x172.jpg",240,172,true],"advps-thumb-one":["https:\/\/arantv.az\/wp-content\/uploads\/2024\/03\/426146061_949331216767361_1448127506002138887_n.jpg",620,413,false]},"rttpg_author":{"display_name":"V\u00fcsal Rafiqo\u011flu","author_link":"https:\/\/arantv.az\/?author=2"},"rttpg_comment":0,"rttpg_category":"<a href=\"https:\/\/arantv.az\/?cat=7\" rel=\"category\">D\u00fcnya<\/a>","rttpg_excerpt":"Rusiyan\u0131n \u201cIrAero\u201d avia\u015firk\u0259ti Omsk-Bak\u0131 reysi \u00fc\u00e7\u00fcn biletl\u0259rin sat\u0131\u015f\u0131na ba\u015flay\u0131b. Bu bar\u0259d\u0259 Omsk hava liman\u0131n\u0131n m\u0259tbuat xidm\u0259ti m\u0259lumat verib. Az\u0259rbaycan\u0131n paytaxt\u0131na ilk u\u00e7u\u015f aprelin 2-d\u0259 h\u0259yata ke\u00e7iril\u0259c\u0259k. Omskdan u\u00e7u\u015flar h\u0259ft\u0259nin ikinci g\u00fcnl\u0259ri yerli vaxtla saat 04:00-da, Heyd\u0259r \u018fliyev Beyn\u0259lxalq Hava Liman\u0131na eni\u015f yerli vaxtla saat 05:30-da h\u0259yata ke\u00e7iril\u0259c\u0259k. Paytaxtdan u\u00e7u\u015flar h\u0259ft\u0259nin birinci g\u00fcn\u00fc Bak\u0131 vaxt\u0131 il\u0259&hellip;","_links":{"self":[{"href":"https:\/\/arantv.az\/index.php?rest_route=\/wp\/v2\/posts\/696430"}],"collection":[{"href":"https:\/\/arantv.az\/index.php?rest_route=\/wp\/v2\/posts"}],"about":[{"href":"https:\/\/arantv.az\/index.php?rest_route=\/wp\/v2\/types\/post"}],"author":[{"embeddable":true,"href":"https:\/\/arantv.az\/index.php?rest_route=\/wp\/v2\/users\/2"}],"replies":[{"embeddable":true,"href":"https:\/\/arantv.az\/index.php?rest_route=%2Fwp%2Fv2%2Fcomments&post=696430"}],"version-history":[{"count":0,"href":"https:\/\/arantv.az\/index.php?rest_route=\/wp\/v2\/posts\/696430\/revisions"}],"wp:featuredmedia":[{"embeddable":true,"href":"https:\/\/arantv.az\/index.php?rest_route=\/wp\/v2\/media\/696431"}],"wp:attachment":[{"href":"https:\/\/arantv.az\/index.php?rest_route=%2Fwp%2Fv2%2Fmedia&parent=696430"}],"wp:term":[{"taxonomy":"category","embeddable":true,"href":"https:\/\/arantv.az\/index.php?rest_route=%2Fwp%2Fv2%2Fcategories&post=696430"},{"taxonomy":"post_tag","embeddable":true,"href":"https:\/\/arantv.az\/index.php?rest_route=%2Fwp%2Fv2%2Ftags&post=696430"}],"curies":[{"name":"wp","href":"https:\/\/api.w.org\/{rel}","templated":true}]}}