{"id":696433,"date":"2024-03-01T10:31:08","date_gmt":"2024-03-01T06:31:08","guid":{"rendered":"https:\/\/arantv.az\/?p=696433"},"modified":"2024-03-01T10:31:08","modified_gmt":"2024-03-01T06:31:08","slug":"bakida-c%c9%99nub-qaz-d%c9%99hlizi-v%c9%99-yasil-enerji-il%c9%99-bagli-nazirl%c9%99rin-iclaslari-kecirilir-prezident-cixis-edir","status":"publish","type":"post","link":"https:\/\/arantv.az\/?p=696433","title":{"rendered":"Bak\u0131da C\u0259nub Qaz D\u0259hlizi v\u0259 ya\u015f\u0131l enerji il\u0259 ba\u011fl\u0131 nazirl\u0259rin iclaslar\u0131 ke\u00e7irilir, Prezident \u00e7\u0131x\u0131\u015f edir"},"content":{"rendered":"<p>Bu d\u0259qiq\u0259l\u0259rd\u0259 Bak\u0131da, \u201cG\u00fcl\u00fcstan\u201d saray\u0131nda C\u0259nub Qaz D\u0259hlizi M\u0259\u015fv\u0259r\u0259t \u015euras\u0131 \u00e7\u0259r\u00e7iv\u0259sind\u0259 nazirl\u0259rin 10-cu v\u0259 Ya\u015f\u0131l Enerji M\u0259\u015fv\u0259r\u0259t \u015euras\u0131 \u00e7\u0259r\u00e7iv\u0259sind\u0259 nazirl\u0259rin 2-ci iclaslar\u0131 ke\u00e7irilir.<\/p>\n<p><a href=\"https:\/\/president.az\/az\/articles\/view\/64870\" target=\"_blank\" rel=\"noopener\"><strong>President.az<\/strong>\u00a0<\/a>x\u0259b\u0259r verir ki, Az\u0259rbaycan Respublikas\u0131n\u0131n Prezidenti\u00a0<strong>\u0130lham \u018fliyev<\/strong>\u00a0t\u0259dbird\u0259 \u00e7\u0131x\u0131\u015f edir.<\/p>\n","protected":false},"excerpt":{"rendered":"<p>Bu d\u0259qiq\u0259l\u0259rd\u0259 Bak\u0131da, \u201cG\u00fcl\u00fcstan\u201d saray\u0131nda C\u0259nub Qaz D\u0259hlizi M\u0259\u015fv\u0259r\u0259t \u015euras\u0131 \u00e7\u0259r\u00e7iv\u0259sind\u0259 nazirl\u0259rin 10-cu v\u0259 Ya\u015f\u0131l Enerji M\u0259\u015fv\u0259r\u0259t \u015euras\u0131 \u00e7\u0259r\u00e7iv\u0259sind\u0259 nazirl\u0259rin 2-ci iclaslar\u0131 ke\u00e7irilir. President.az\u00a0x\u0259b\u0259r verir ki, Az\u0259rbaycan Respublikas\u0131n\u0131n Prezidenti\u00a0\u0130lham \u018fliyev\u00a0t\u0259dbird\u0259 \u00e7\u0131x\u0131\u015f edir.<\/p>\n","protected":false},"author":2,"featured_media":696434,"comment_status":"closed","ping_status":"closed","sticky":false,"template":"","format":"standard","meta":{"om_disable_all_campaigns":false,"_monsterinsights_skip_tracking":false,"_monsterinsights_sitenote_active":false,"_monsterinsights_sitenote_note":"","_monsterinsights_sitenote_category":0},"categories":[4],"tags":[],"aioseo_notices":[],"gutentor_comment":0,"rttpg_featured_image_url":{"full":["https:\/\/arantv.az\/wp-content\/uploads\/2024\/03\/ilham-aliyev-1.jpg",620,413,false],"landscape":["https:\/\/arantv.az\/wp-content\/uploads\/2024\/03\/ilham-aliyev-1.jpg",620,413,false],"portraits":["https:\/\/arantv.az\/wp-content\/uploads\/2024\/03\/ilham-aliyev-1.jpg",620,413,false],"thumbnail":["https:\/\/arantv.az\/wp-content\/uploads\/2024\/03\/ilham-aliyev-1-500x280.jpg",500,280,true],"medium":["https:\/\/arantv.az\/wp-content\/uploads\/2024\/03\/ilham-aliyev-1-548x365.jpg",548,365,true],"large":["https:\/\/arantv.az\/wp-content\/uploads\/2024\/03\/ilham-aliyev-1.jpg",620,413,false],"1536x1536":["https:\/\/arantv.az\/wp-content\/uploads\/2024\/03\/ilham-aliyev-1.jpg",620,413,false],"2048x2048":["https:\/\/arantv.az\/wp-content\/uploads\/2024\/03\/ilham-aliyev-1.jpg",620,413,false],"post-thumbnail":["https:\/\/arantv.az\/wp-content\/uploads\/2024\/03\/ilham-aliyev-1-240x172.jpg",240,172,true],"advps-thumb-one":["https:\/\/arantv.az\/wp-content\/uploads\/2024\/03\/ilham-aliyev-1.jpg",620,413,false]},"rttpg_author":{"display_name":"V\u00fcsal Rafiqo\u011flu","author_link":"https:\/\/arantv.az\/?author=2"},"rttpg_comment":0,"rttpg_category":"<a href=\"https:\/\/arantv.az\/?cat=4\" rel=\"category\">Siyas\u0259t<\/a>","rttpg_excerpt":"Bu d\u0259qiq\u0259l\u0259rd\u0259 Bak\u0131da, \u201cG\u00fcl\u00fcstan\u201d saray\u0131nda C\u0259nub Qaz D\u0259hlizi M\u0259\u015fv\u0259r\u0259t \u015euras\u0131 \u00e7\u0259r\u00e7iv\u0259sind\u0259 nazirl\u0259rin 10-cu v\u0259 Ya\u015f\u0131l Enerji M\u0259\u015fv\u0259r\u0259t \u015euras\u0131 \u00e7\u0259r\u00e7iv\u0259sind\u0259 nazirl\u0259rin 2-ci iclaslar\u0131 ke\u00e7irilir. President.az\u00a0x\u0259b\u0259r verir ki, Az\u0259rbaycan Respublikas\u0131n\u0131n Prezidenti\u00a0\u0130lham \u018fliyev\u00a0t\u0259dbird\u0259 \u00e7\u0131x\u0131\u015f edir.","_links":{"self":[{"href":"https:\/\/arantv.az\/index.php?rest_route=\/wp\/v2\/posts\/696433"}],"collection":[{"href":"https:\/\/arantv.az\/index.php?rest_route=\/wp\/v2\/posts"}],"about":[{"href":"https:\/\/arantv.az\/index.php?rest_route=\/wp\/v2\/types\/post"}],"author":[{"embeddable":true,"href":"https:\/\/arantv.az\/index.php?rest_route=\/wp\/v2\/users\/2"}],"replies":[{"embeddable":true,"href":"https:\/\/arantv.az\/index.php?rest_route=%2Fwp%2Fv2%2Fcomments&post=696433"}],"version-history":[{"count":0,"href":"https:\/\/arantv.az\/index.php?rest_route=\/wp\/v2\/posts\/696433\/revisions"}],"wp:featuredmedia":[{"embeddable":true,"href":"https:\/\/arantv.az\/index.php?rest_route=\/wp\/v2\/media\/696434"}],"wp:attachment":[{"href":"https:\/\/arantv.az\/index.php?rest_route=%2Fwp%2Fv2%2Fmedia&parent=696433"}],"wp:term":[{"taxonomy":"category","embeddable":true,"href":"https:\/\/arantv.az\/index.php?rest_route=%2Fwp%2Fv2%2Fcategories&post=696433"},{"taxonomy":"post_tag","embeddable":true,"href":"https:\/\/arantv.az\/index.php?rest_route=%2Fwp%2Fv2%2Ftags&post=696433"}],"curies":[{"name":"wp","href":"https:\/\/api.w.org\/{rel}","templated":true}]}}